{"id":98043,"date":"2020-04-09T18:04:53","date_gmt":"2020-04-09T22:04:53","guid":{"rendered":"http:\/\/www.eltrabajo.cl\/portal\/?p=98043"},"modified":"2020-04-09T18:04:53","modified_gmt":"2020-04-09T22:04:53","slug":"el-basquetbol-sigue-activo","status":"publish","type":"post","link":"https:\/\/eltrabajo.cl\/portal\/el-basquetbol-sigue-activo\/","title":{"rendered":"El b\u00e1squetbol sigue activo"},"content":{"rendered":"<p>Aprovechando la suspensi\u00f3n forzada de actividades a ra\u00edz de la pandemia del Coronavirus, el b\u00e1squetbol chileno est\u00e1 realizando distintas charlas o encuentros virtuales, en los que participan activamente: dirigentes, t\u00e9cnicos, \u00e1rbitros y jugadores.<\/p>\n<p>El baloncesto aconcag\u00fcino ha sabido sacarle partido a estas actividades y por medio de la ABAR (Asociaci\u00f3n de B\u00e1squetbol Alejandro Rivadeneira) ha logrado que mucha gente ligada a esta disciplina haya sido part\u00edcipe de este ciclo de charlas. <em>\u201cPor medio de nuestro Facebook (ABAR San Felipe) hemos tenido completamente informados a todos los integrantes de nuestra organizaci\u00f3n. Hasta el momento se han dado encuentros de t\u00e9cnicos y \u00e1rbitros, los que han sido dirigidos por los head coach de las selecciones nacionales y Patricio Menares, un destacado \u00e1rbitro de nivel internacional\u201d,<\/em> relat\u00f3 a <strong>El Trabajo Deportivo<\/strong>, el presidente de la ABAR, <strong>Juan Carlos Acu\u00f1a<\/strong>.<\/p>\n<p>El directivo inform\u00f3 adem\u00e1s que este tipo de actividades seguir\u00e1n durante los pr\u00f3ximos d\u00edas, b\u00e1sicamente porque se ve como una buena oportunidad para que se actualicen conocimientos y se compartan las experiencias. <em>\u201cTodas (las charlas) son gratis, as\u00ed que todos est\u00e1n invitados a participar de ellas\u201d, <\/em>culmin\u00f3 Acu\u00f1a.<\/p>\n<p>&nbsp;<\/p>\n<figure id=\"attachment_98045\" aria-describedby=\"caption-attachment-98045\" style=\"width: 580px\" class=\"wp-caption alignnone\"><img data-recalc-dims=\"1\" loading=\"lazy\" decoding=\"async\" class=\"size-full wp-image-98045\" src=\"https:\/\/i0.wp.com\/www.eltrabajo.cl\/portal\/wp-content\/uploads\/2020\/04\/basquet.jpg?resize=580%2C786\" alt=\"Mientras este suspendida toda actividad f\u00edsica, el b\u00e1squetbol aprovecha de realizar charlas de capacitaci\u00f3n a jugadores, t\u00e9cnicos, \u00e1rbitros y dirigentes.\" width=\"580\" height=\"786\" srcset=\"https:\/\/i0.wp.com\/eltrabajo.cl\/portal\/wp-content\/uploads\/2020\/04\/basquet.jpg?w=580&amp;ssl=1 580w, https:\/\/i0.wp.com\/eltrabajo.cl\/portal\/wp-content\/uploads\/2020\/04\/basquet.jpg?resize=221%2C300&amp;ssl=1 221w, https:\/\/i0.wp.com\/eltrabajo.cl\/portal\/wp-content\/uploads\/2020\/04\/basquet.jpg?resize=111%2C150&amp;ssl=1 111w, https:\/\/i0.wp.com\/eltrabajo.cl\/portal\/wp-content\/uploads\/2020\/04\/basquet.jpg?resize=400%2C542&amp;ssl=1 400w\" sizes=\"auto, (max-width: 580px) 100vw, 580px\" \/><figcaption id=\"caption-attachment-98045\" class=\"wp-caption-text\">Mientras este suspendida toda actividad f\u00edsica, el b\u00e1squetbol aprovecha de realizar charlas de capacitaci\u00f3n a jugadores, t\u00e9cnicos, \u00e1rbitros y dirigentes.<\/figcaption><\/figure>\n","protected":false},"excerpt":{"rendered":"<p>Aprovechando la suspensi\u00f3n forzada de actividades a ra\u00edz de la pandemia del Coronavirus, el b\u00e1squetbol chileno est\u00e1 realizando distintas charlas o encuentros virtuales, en los que participan activamente: dirigentes, t\u00e9cnicos, \u00e1rbitros y&#8230;<\/p>\n","protected":false},"author":482,"featured_media":98044,"comment_status":"open","ping_status":"open","sticky":false,"template":"","format":"standard","meta":{"advanced_seo_description":"","jetpack_seo_html_title":"","jetpack_seo_noindex":false,"_jetpack_memberships_contains_paid_content":false,"footnotes":""},"categories":[19],"tags":[],"class_list":["post-98043","post","type-post","status-publish","format-standard","has-post-thumbnail","hentry","category-deportes"],"jetpack_featured_media_url":"https:\/\/i0.wp.com\/eltrabajo.cl\/portal\/wp-content\/uploads\/2020\/04\/basquet-copia.jpg?fit=580%2C359&ssl=1","jetpack_sharing_enabled":true,"jetpack_likes_enabled":true,"jetpack-related-posts":[],"_links":{"self":[{"href":"https:\/\/eltrabajo.cl\/portal\/wp-json\/wp\/v2\/posts\/98043","targetHints":{"allow":["GET"]}}],"collection":[{"href":"https:\/\/eltrabajo.cl\/portal\/wp-json\/wp\/v2\/posts"}],"about":[{"href":"https:\/\/eltrabajo.cl\/portal\/wp-json\/wp\/v2\/types\/post"}],"author":[{"embeddable":true,"href":"https:\/\/eltrabajo.cl\/portal\/wp-json\/wp\/v2\/users\/482"}],"replies":[{"embeddable":true,"href":"https:\/\/eltrabajo.cl\/portal\/wp-json\/wp\/v2\/comments?post=98043"}],"version-history":[{"count":0,"href":"https:\/\/eltrabajo.cl\/portal\/wp-json\/wp\/v2\/posts\/98043\/revisions"}],"wp:featuredmedia":[{"embeddable":true,"href":"https:\/\/eltrabajo.cl\/portal\/wp-json\/wp\/v2\/media\/98044"}],"wp:attachment":[{"href":"https:\/\/eltrabajo.cl\/portal\/wp-json\/wp\/v2\/media?parent=98043"}],"wp:term":[{"taxonomy":"category","embeddable":true,"href":"https:\/\/eltrabajo.cl\/portal\/wp-json\/wp\/v2\/categories?post=98043"},{"taxonomy":"post_tag","embeddable":true,"href":"https:\/\/eltrabajo.cl\/portal\/wp-json\/wp\/v2\/tags?post=98043"}],"curies":[{"name":"wp","href":"https:\/\/api.w.org\/{rel}","templated":true}]}}