{"id":98047,"date":"2020-04-09T18:10:24","date_gmt":"2020-04-09T22:10:24","guid":{"rendered":"http:\/\/www.eltrabajo.cl\/portal\/?p=98047"},"modified":"2020-04-09T18:10:24","modified_gmt":"2020-04-09T22:10:24","slug":"inician-restauracion-de-la-imagen-de-san-francisco-de-asis-en-curimon","status":"publish","type":"post","link":"https:\/\/eltrabajo.cl\/portal\/inician-restauracion-de-la-imagen-de-san-francisco-de-asis-en-curimon\/","title":{"rendered":"Inician restauraci\u00f3n de la imagen de San Francisco de As\u00eds, en Curim\u00f3n"},"content":{"rendered":"<p>Pese a que la mayor\u00eda de negocios, empresas e instituciones han detenido sus actividades desde hace varias semanas a ra\u00edz de la contingencia sanitaria, en Curim\u00f3n una restauradora est\u00e1 realizando la recuperaci\u00f3n de la figura de San Francisco de As\u00eds, santo patrono de esa comunidad. Esta es una iniciativa de Fundaci\u00f3n Lepe, misma que financiar\u00e1 este trabajo que durar\u00e1 aproximadamente cinco meses.<\/p>\n<p>Los primeros d\u00edas de marzo comenz\u00f3 el proceso de restauraci\u00f3n de la imagen de San Francisco, que estar\u00e1 a cargo de la conservadora y restauradora experta en madera policromada, <strong>Melissa Morales<\/strong>. La restauradora trabajar\u00e1 en un espacio en el interior del convento de Curim\u00f3n, que fue especialmente habilitado por agrupaciones comunitarias para este fin.<\/p>\n<p>La restauraci\u00f3n de este santo de candelero, tra\u00eddo desde Puerto Callao en 1682, consistir\u00e1 en estabilizar su estructura, consolidar las grietas y fisuras que presenta la madera policromada en cabeza, cuello y manos; reintegrar yeso -que da volumen a la barba y otros detalles-, adem\u00e1s de limpiar y reintegrar la policrom\u00eda. Tambi\u00e9n se realizar\u00e1 una limpieza y reintegraci\u00f3n de piezas faltantes en la t\u00fanica de la imagen.<\/p>\n<p>Este proceso se ha propuesto ser participativo y abierto a la comunidad, pero dada la contingencia que se vive a nivel nacional, se buscar\u00e1n estrategias a trav\u00e9s de las redes sociales del programa Vivo Curim\u00f3n, de Fundaci\u00f3n Lepe, y Radio Comunitaria Tierras Negras, para dar a conocer los detalles de la intervenci\u00f3n, aclarar dudas, recoger informaci\u00f3n relevante que los mismos vecinos puedan aportar sobre la imagen. Incluso, se propondr\u00e1n tareas del proceso en las cuales podr\u00e1n sumarse quienes quieran colaborar una vez que se levanten las restricciones de reuni\u00f3n.<\/p>\n<p>Con esta intervenci\u00f3n, Fundaci\u00f3n Lepe espera aportar para que esta valiosa imagen pueda seguir saliendo en procesi\u00f3n para la Fiesta de San Francisco, patrimonio cultural inmaterial sumamente significativo para los curimoninos.<\/p>\n<p>&nbsp;<\/p>\n<p><span style=\"color: #c81400;\"><strong>EXPERTA NOS EXPLICA<\/strong><\/span><\/p>\n<p><strong>Diario El Trabajo<\/strong> convers\u00f3 con la restauradora <strong>Melissa Morales<\/strong>, quien nos habl\u00f3 sobre el proceso que desarrollar\u00e1 para esta recuperaci\u00f3n de la imagen: <em>\u00abEl proceso de conservaci\u00f3n y restauraci\u00f3n se inici\u00f3 con el conocimiento de la historia y contexto de la imagen de San Francisco, obteniendo datos importantes para la toma de decisiones. La comunidad religiosa ha sido muy relevante en el intercambio de antecedentes sobre el significado de San Francisco para la historia y actualidad de Curim\u00f3n. La intervenci\u00f3n tiene como marco metodol\u00f3gico propio de la disciplina, la cual se inici\u00f3 con el an\u00e1lisis de material y manufactura. Luego, se realiz\u00f3 el diagn\u00f3stico del estado de conservaci\u00f3n de la figura de San Francisco, se levantaron los deterioros y faltantes, y se determinaron las causas. Una vez finalizado el diagn\u00f3stico se estableci\u00f3 la propuesta de tratamientos a realizar<\/em>\u00bb, indic\u00f3 la profesional.<\/p>\n<p>&#8211; <strong>\u00bfEst\u00e1 en muy mal estado este santo?<\/strong><\/p>\n<p>&#8211; No. Es importante destacar que no presenta deterioros graves, su estado de conservaci\u00f3n es bueno, sin embargo, hay algunos da\u00f1os producto del envejecimiento y de intervenciones muy antiguas que son necesario estabilizar. Se trabajar\u00e1 sobre la estructura interna de madera, garantizando su resistencia; en la policrom\u00eda se reintegrar\u00e1n las zonas faltantes, respetando la p\u00e1tina; de las vestimentas se realizar\u00e1 una limpieza y se consolidar\u00e1n las partes desprendidas.<\/p>\n<p>&#8211; <strong>\u00bfBajo qu\u00e9 criterios se abordar\u00e1 y desarrollar\u00e1 este trabajo?<\/strong><\/p>\n<p>&#8211; El trabajo se realizar\u00e1 bajo criterios de intervenci\u00f3n, como el respeto por los materiales originales, la reversibilidad de materiales de restauraci\u00f3n a utilizar, y la m\u00ednima intervenci\u00f3n posible, asegurando su conservaci\u00f3n en el tiempo. Esto significa que la restauraci\u00f3n ser\u00e1 respetuosa de la historia y de la funci\u00f3n devocional que cumple, por lo que es muy importante la participaci\u00f3n de la comunidad religiosa.<\/p>\n<p>&#8211; <strong>\u00bfUsted consult\u00f3 a los vecinos de Curim\u00f3n sobre esta intervenci\u00f3n a su santo patrono?<\/strong><\/p>\n<p>&#8211; Lamentablemente no fue posible realizar una reuni\u00f3n con la comunidad este pasado mes de marzo. Una vez que las circunstancias lo permitan, lo volveremos a programar. Siguiendo el cronograma se dio inicio en febrero 2020 y se estipula el t\u00e9rmino en el mes de julio 2020, siempre y cuando est\u00e9n las condiciones de seguridad para todos.<\/p>\n<p>&nbsp;<\/p>\n<figure id=\"attachment_98048\" aria-describedby=\"caption-attachment-98048\" style=\"width: 579px\" class=\"wp-caption alignnone\"><img data-recalc-dims=\"1\" loading=\"lazy\" decoding=\"async\" class=\"size-full wp-image-98048\" src=\"https:\/\/i0.wp.com\/www.eltrabajo.cl\/portal\/wp-content\/uploads\/2020\/04\/Santo_Melisa-Morales.jpg?resize=579%2C773\" alt=\"Conservadora y restauradora experta en madera policromada, Melissa Morales.\" width=\"579\" height=\"773\" srcset=\"https:\/\/i0.wp.com\/eltrabajo.cl\/portal\/wp-content\/uploads\/2020\/04\/Santo_Melisa-Morales.jpg?w=579&amp;ssl=1 579w, https:\/\/i0.wp.com\/eltrabajo.cl\/portal\/wp-content\/uploads\/2020\/04\/Santo_Melisa-Morales.jpg?resize=225%2C300&amp;ssl=1 225w, https:\/\/i0.wp.com\/eltrabajo.cl\/portal\/wp-content\/uploads\/2020\/04\/Santo_Melisa-Morales.jpg?resize=112%2C150&amp;ssl=1 112w, https:\/\/i0.wp.com\/eltrabajo.cl\/portal\/wp-content\/uploads\/2020\/04\/Santo_Melisa-Morales.jpg?resize=400%2C534&amp;ssl=1 400w\" sizes=\"auto, (max-width: 579px) 100vw, 579px\" \/><figcaption id=\"caption-attachment-98048\" class=\"wp-caption-text\">Conservadora y restauradora experta en madera policromada, Melissa Morales.<\/figcaption><\/figure>\n<p>&nbsp;<\/p>\n<figure id=\"attachment_98050\" aria-describedby=\"caption-attachment-98050\" style=\"width: 580px\" class=\"wp-caption alignnone\"><img data-recalc-dims=\"1\" loading=\"lazy\" decoding=\"async\" class=\"size-full wp-image-98050\" src=\"https:\/\/i0.wp.com\/www.eltrabajo.cl\/portal\/wp-content\/uploads\/2020\/04\/Santo1.jpg?resize=580%2C870\" alt=\"EN REPARACI\u00d3N.- Esta es la imagen de San Francisco de As\u00eds, santo patrono de Curim\u00f3n que est\u00e1 siendo restaurada.\" width=\"580\" height=\"870\" srcset=\"https:\/\/i0.wp.com\/eltrabajo.cl\/portal\/wp-content\/uploads\/2020\/04\/Santo1.jpg?w=580&amp;ssl=1 580w, https:\/\/i0.wp.com\/eltrabajo.cl\/portal\/wp-content\/uploads\/2020\/04\/Santo1.jpg?resize=200%2C300&amp;ssl=1 200w, https:\/\/i0.wp.com\/eltrabajo.cl\/portal\/wp-content\/uploads\/2020\/04\/Santo1.jpg?resize=100%2C150&amp;ssl=1 100w, https:\/\/i0.wp.com\/eltrabajo.cl\/portal\/wp-content\/uploads\/2020\/04\/Santo1.jpg?resize=400%2C600&amp;ssl=1 400w\" sizes=\"auto, (max-width: 580px) 100vw, 580px\" \/><figcaption id=\"caption-attachment-98050\" class=\"wp-caption-text\">EN REPARACI\u00d3N.- Esta es la imagen de San Francisco de As\u00eds, santo patrono de Curim\u00f3n que est\u00e1 siendo restaurada.<\/figcaption><\/figure>\n","protected":false},"excerpt":{"rendered":"<p>Pese a que la mayor\u00eda de negocios, empresas e instituciones han detenido sus actividades desde hace varias semanas a ra\u00edz de la contingencia sanitaria, en Curim\u00f3n una restauradora est\u00e1 realizando la recuperaci\u00f3n&#8230;<\/p>\n","protected":false},"author":482,"featured_media":98049,"comment_status":"open","ping_status":"open","sticky":false,"template":"","format":"standard","meta":{"advanced_seo_description":"","jetpack_seo_html_title":"","jetpack_seo_noindex":false,"_jetpack_memberships_contains_paid_content":false,"footnotes":""},"categories":[15],"tags":[],"class_list":["post-98047","post","type-post","status-publish","format-standard","has-post-thumbnail","hentry","category-comunidad"],"jetpack_featured_media_url":"https:\/\/i0.wp.com\/eltrabajo.cl\/portal\/wp-content\/uploads\/2020\/04\/Santo1-copia.jpg?fit=580%2C359&ssl=1","jetpack_sharing_enabled":true,"jetpack_likes_enabled":true,"jetpack-related-posts":[],"_links":{"self":[{"href":"https:\/\/eltrabajo.cl\/portal\/wp-json\/wp\/v2\/posts\/98047","targetHints":{"allow":["GET"]}}],"collection":[{"href":"https:\/\/eltrabajo.cl\/portal\/wp-json\/wp\/v2\/posts"}],"about":[{"href":"https:\/\/eltrabajo.cl\/portal\/wp-json\/wp\/v2\/types\/post"}],"author":[{"embeddable":true,"href":"https:\/\/eltrabajo.cl\/portal\/wp-json\/wp\/v2\/users\/482"}],"replies":[{"embeddable":true,"href":"https:\/\/eltrabajo.cl\/portal\/wp-json\/wp\/v2\/comments?post=98047"}],"version-history":[{"count":0,"href":"https:\/\/eltrabajo.cl\/portal\/wp-json\/wp\/v2\/posts\/98047\/revisions"}],"wp:featuredmedia":[{"embeddable":true,"href":"https:\/\/eltrabajo.cl\/portal\/wp-json\/wp\/v2\/media\/98049"}],"wp:attachment":[{"href":"https:\/\/eltrabajo.cl\/portal\/wp-json\/wp\/v2\/media?parent=98047"}],"wp:term":[{"taxonomy":"category","embeddable":true,"href":"https:\/\/eltrabajo.cl\/portal\/wp-json\/wp\/v2\/categories?post=98047"},{"taxonomy":"post_tag","embeddable":true,"href":"https:\/\/eltrabajo.cl\/portal\/wp-json\/wp\/v2\/tags?post=98047"}],"curies":[{"name":"wp","href":"https:\/\/api.w.org\/{rel}","templated":true}]}}