{"id":98062,"date":"2020-04-09T18:28:04","date_gmt":"2020-04-09T22:28:04","guid":{"rendered":"http:\/\/www.eltrabajo.cl\/portal\/?p=98062"},"modified":"2020-04-09T18:28:04","modified_gmt":"2020-04-09T22:28:04","slug":"hoy-fue-despedida-danitza-fernandez","status":"publish","type":"post","link":"https:\/\/eltrabajo.cl\/portal\/hoy-fue-despedida-danitza-fernandez\/","title":{"rendered":"Hoy fue despedida Danitza Fern\u00e1ndez"},"content":{"rendered":"<p>Con hondo pesar fue despedida hoy Jueves Santo la peque\u00f1a ni\u00f1a <strong>Danitza Fern\u00e1ndez Torres<\/strong>, luego que un cong\u00e9nito mal cardiaco le arrebatara la vida la ma\u00f1ana de ayer mi\u00e9rcoles en el Hospital San Camilo. La ni\u00f1a falleci\u00f3 a la edad de 12 a\u00f1os.<\/p>\n<p>Sus funerales se realizaron en el Cementerio Parque Almendral en La Troya, al mediod\u00eda de hoy jueves, tambi\u00e9n minutos antes su cuerpo fue llevado hasta el frontis de la Escuela Buen Pastor, en donde profesores y asistentes de la educaci\u00f3n, con gran pesar le dieron el \u00faltimo Adi\u00f3s.<\/p>\n<p>&nbsp;<\/p>\n<figure id=\"attachment_98065\" aria-describedby=\"caption-attachment-98065\" style=\"width: 580px\" class=\"wp-caption alignnone\"><img data-recalc-dims=\"1\" loading=\"lazy\" decoding=\"async\" class=\"size-full wp-image-98065\" src=\"https:\/\/i0.wp.com\/www.eltrabajo.cl\/portal\/wp-content\/uploads\/2020\/04\/Danitza1.jpg?resize=580%2C359\" alt=\"ADI\u00d3S CHIQUILLA.- Un grupo cercano de amigos y familiares de la ni\u00f1a participaron en su funeral. \" width=\"580\" height=\"359\" srcset=\"https:\/\/i0.wp.com\/eltrabajo.cl\/portal\/wp-content\/uploads\/2020\/04\/Danitza1.jpg?w=580&amp;ssl=1 580w, https:\/\/i0.wp.com\/eltrabajo.cl\/portal\/wp-content\/uploads\/2020\/04\/Danitza1.jpg?resize=300%2C186&amp;ssl=1 300w, https:\/\/i0.wp.com\/eltrabajo.cl\/portal\/wp-content\/uploads\/2020\/04\/Danitza1.jpg?resize=200%2C124&amp;ssl=1 200w, https:\/\/i0.wp.com\/eltrabajo.cl\/portal\/wp-content\/uploads\/2020\/04\/Danitza1.jpg?resize=242%2C150&amp;ssl=1 242w, https:\/\/i0.wp.com\/eltrabajo.cl\/portal\/wp-content\/uploads\/2020\/04\/Danitza1.jpg?resize=400%2C248&amp;ssl=1 400w\" sizes=\"auto, (max-width: 580px) 100vw, 580px\" \/><figcaption id=\"caption-attachment-98065\" class=\"wp-caption-text\">ADI\u00d3S CHIQUILLA.- Un grupo cercano de amigos y familiares de la ni\u00f1a participaron en su funeral.<\/figcaption><\/figure>\n<p>&nbsp;<\/p>\n<figure id=\"attachment_98064\" aria-describedby=\"caption-attachment-98064\" style=\"width: 579px\" class=\"wp-caption alignnone\"><img data-recalc-dims=\"1\" loading=\"lazy\" decoding=\"async\" class=\"size-full wp-image-98064\" src=\"https:\/\/i0.wp.com\/www.eltrabajo.cl\/portal\/wp-content\/uploads\/2020\/04\/Danitza-Fernandez-Torres-1.jpg?resize=579%2C807\" alt=\"Danitza Fern\u00e1ndez Torres so\u00f1aba con ser secretaria.\" width=\"579\" height=\"807\" srcset=\"https:\/\/i0.wp.com\/eltrabajo.cl\/portal\/wp-content\/uploads\/2020\/04\/Danitza-Fernandez-Torres-1.jpg?w=579&amp;ssl=1 579w, https:\/\/i0.wp.com\/eltrabajo.cl\/portal\/wp-content\/uploads\/2020\/04\/Danitza-Fernandez-Torres-1.jpg?resize=215%2C300&amp;ssl=1 215w, https:\/\/i0.wp.com\/eltrabajo.cl\/portal\/wp-content\/uploads\/2020\/04\/Danitza-Fernandez-Torres-1.jpg?resize=108%2C150&amp;ssl=1 108w, https:\/\/i0.wp.com\/eltrabajo.cl\/portal\/wp-content\/uploads\/2020\/04\/Danitza-Fernandez-Torres-1.jpg?resize=400%2C558&amp;ssl=1 400w\" sizes=\"auto, (max-width: 579px) 100vw, 579px\" \/><figcaption id=\"caption-attachment-98064\" class=\"wp-caption-text\">Danitza Fern\u00e1ndez Torres so\u00f1aba con ser secretaria.<\/figcaption><\/figure>\n","protected":false},"excerpt":{"rendered":"<p>Con hondo pesar fue despedida hoy Jueves Santo la peque\u00f1a ni\u00f1a Danitza Fern\u00e1ndez Torres, luego que un cong\u00e9nito mal cardiaco le arrebatara la vida la ma\u00f1ana de ayer mi\u00e9rcoles en el Hospital&#8230;<\/p>\n","protected":false},"author":482,"featured_media":98063,"comment_status":"open","ping_status":"open","sticky":false,"template":"","format":"standard","meta":{"advanced_seo_description":"","jetpack_seo_html_title":"","jetpack_seo_noindex":false,"_jetpack_memberships_contains_paid_content":false,"footnotes":""},"categories":[15],"tags":[],"class_list":["post-98062","post","type-post","status-publish","format-standard","has-post-thumbnail","hentry","category-comunidad"],"jetpack_featured_media_url":"https:\/\/i0.wp.com\/eltrabajo.cl\/portal\/wp-content\/uploads\/2020\/04\/Danitza-Fernandez-Torres-copia-1.jpg?fit=580%2C359&ssl=1","jetpack_sharing_enabled":true,"jetpack_likes_enabled":true,"jetpack-related-posts":[],"_links":{"self":[{"href":"https:\/\/eltrabajo.cl\/portal\/wp-json\/wp\/v2\/posts\/98062","targetHints":{"allow":["GET"]}}],"collection":[{"href":"https:\/\/eltrabajo.cl\/portal\/wp-json\/wp\/v2\/posts"}],"about":[{"href":"https:\/\/eltrabajo.cl\/portal\/wp-json\/wp\/v2\/types\/post"}],"author":[{"embeddable":true,"href":"https:\/\/eltrabajo.cl\/portal\/wp-json\/wp\/v2\/users\/482"}],"replies":[{"embeddable":true,"href":"https:\/\/eltrabajo.cl\/portal\/wp-json\/wp\/v2\/comments?post=98062"}],"version-history":[{"count":0,"href":"https:\/\/eltrabajo.cl\/portal\/wp-json\/wp\/v2\/posts\/98062\/revisions"}],"wp:featuredmedia":[{"embeddable":true,"href":"https:\/\/eltrabajo.cl\/portal\/wp-json\/wp\/v2\/media\/98063"}],"wp:attachment":[{"href":"https:\/\/eltrabajo.cl\/portal\/wp-json\/wp\/v2\/media?parent=98062"}],"wp:term":[{"taxonomy":"category","embeddable":true,"href":"https:\/\/eltrabajo.cl\/portal\/wp-json\/wp\/v2\/categories?post=98062"},{"taxonomy":"post_tag","embeddable":true,"href":"https:\/\/eltrabajo.cl\/portal\/wp-json\/wp\/v2\/tags?post=98062"}],"curies":[{"name":"wp","href":"https:\/\/api.w.org\/{rel}","templated":true}]}}