{"id":98071,"date":"2020-04-11T12:31:43","date_gmt":"2020-04-11T16:31:43","guid":{"rendered":"http:\/\/www.eltrabajo.cl\/portal\/?p=98071"},"modified":"2020-04-11T12:32:00","modified_gmt":"2020-04-11T16:32:00","slug":"fuego-consume-completamente-vivienda-de-material-ligero-en-curimon","status":"publish","type":"post","link":"https:\/\/eltrabajo.cl\/portal\/fuego-consume-completamente-vivienda-de-material-ligero-en-curimon\/","title":{"rendered":"Fuego consume completamente vivienda de material ligero en Curim\u00f3n"},"content":{"rendered":"<p>Totalmente destruida por el fuego result\u00f3 una vivienda de material ligero ubicada en el cerro San Jos\u00e9 en la localidad de Curim\u00f3n.<\/p>\n<p>El incendio se produjo hoy s\u00e1bado alrededor de la 01:00 de la madrugada.<\/p>\n<p>Al lugar concurri\u00f3 personal del Cuerpo de Bomberos de Curim\u00f3n y San Felipe: <em>\u201cNuestro actuar r\u00e1pido evit\u00f3 que el fuego se propagara hacia las dem\u00e1s viviendas\u201d,<\/em>\u00a0 sostuvo el comandante del Cuerpo de Bomberos de San Felipe, <strong>Juan Carlos Herrera Lillo<\/strong>.<\/p>\n<p>Se ignora por el momento el n\u00famero de damnificados.<\/p>\n<p>Voluntarios de Bomberos, una vez realizado su trabajo, se retiraron del lugar.<\/p>\n<p>&nbsp;<\/p>\n<figure id=\"attachment_98072\" aria-describedby=\"caption-attachment-98072\" style=\"width: 580px\" class=\"wp-caption alignnone\"><img data-recalc-dims=\"1\" loading=\"lazy\" decoding=\"async\" class=\"size-full wp-image-98072\" src=\"https:\/\/i0.wp.com\/www.eltrabajo.cl\/portal\/wp-content\/uploads\/2020\/04\/incendio-destruye-vivienda-en-curimon-1.jpg?resize=580%2C517\" alt=\"El incendio se produjo hoy s\u00e1bado alrededor de la 01:00 de la madrugada, destruyendo por completo la vivienda. (Foto radio Tierras Negras).\" width=\"580\" height=\"517\" srcset=\"https:\/\/i0.wp.com\/eltrabajo.cl\/portal\/wp-content\/uploads\/2020\/04\/incendio-destruye-vivienda-en-curimon-1.jpg?w=580&amp;ssl=1 580w, https:\/\/i0.wp.com\/eltrabajo.cl\/portal\/wp-content\/uploads\/2020\/04\/incendio-destruye-vivienda-en-curimon-1.jpg?resize=300%2C267&amp;ssl=1 300w, https:\/\/i0.wp.com\/eltrabajo.cl\/portal\/wp-content\/uploads\/2020\/04\/incendio-destruye-vivienda-en-curimon-1.jpg?resize=168%2C150&amp;ssl=1 168w, https:\/\/i0.wp.com\/eltrabajo.cl\/portal\/wp-content\/uploads\/2020\/04\/incendio-destruye-vivienda-en-curimon-1.jpg?resize=400%2C357&amp;ssl=1 400w\" sizes=\"auto, (max-width: 580px) 100vw, 580px\" \/><figcaption id=\"caption-attachment-98072\" class=\"wp-caption-text\">El incendio se produjo hoy s\u00e1bado alrededor de la 01:00 de la madrugada, destruyendo por completo la vivienda. (Foto radio Tierras Negras).<\/figcaption><\/figure>\n","protected":false},"excerpt":{"rendered":"<p>Totalmente destruida por el fuego result\u00f3 una vivienda de material ligero ubicada en el cerro San Jos\u00e9 en la localidad de Curim\u00f3n. El incendio se produjo hoy s\u00e1bado alrededor de la 01:00&#8230;<\/p>\n","protected":false},"author":482,"featured_media":98073,"comment_status":"open","ping_status":"open","sticky":false,"template":"","format":"standard","meta":{"advanced_seo_description":"","jetpack_seo_html_title":"","jetpack_seo_noindex":false,"_jetpack_memberships_contains_paid_content":false,"footnotes":""},"categories":[21],"tags":[],"class_list":["post-98071","post","type-post","status-publish","format-standard","has-post-thumbnail","hentry","category-policial"],"jetpack_featured_media_url":"https:\/\/i0.wp.com\/eltrabajo.cl\/portal\/wp-content\/uploads\/2020\/04\/incendio-destruye-vivienda-en-curimon.jpg?fit=580%2C359&ssl=1","jetpack_sharing_enabled":true,"jetpack_likes_enabled":true,"jetpack-related-posts":[],"_links":{"self":[{"href":"https:\/\/eltrabajo.cl\/portal\/wp-json\/wp\/v2\/posts\/98071","targetHints":{"allow":["GET"]}}],"collection":[{"href":"https:\/\/eltrabajo.cl\/portal\/wp-json\/wp\/v2\/posts"}],"about":[{"href":"https:\/\/eltrabajo.cl\/portal\/wp-json\/wp\/v2\/types\/post"}],"author":[{"embeddable":true,"href":"https:\/\/eltrabajo.cl\/portal\/wp-json\/wp\/v2\/users\/482"}],"replies":[{"embeddable":true,"href":"https:\/\/eltrabajo.cl\/portal\/wp-json\/wp\/v2\/comments?post=98071"}],"version-history":[{"count":0,"href":"https:\/\/eltrabajo.cl\/portal\/wp-json\/wp\/v2\/posts\/98071\/revisions"}],"wp:featuredmedia":[{"embeddable":true,"href":"https:\/\/eltrabajo.cl\/portal\/wp-json\/wp\/v2\/media\/98073"}],"wp:attachment":[{"href":"https:\/\/eltrabajo.cl\/portal\/wp-json\/wp\/v2\/media?parent=98071"}],"wp:term":[{"taxonomy":"category","embeddable":true,"href":"https:\/\/eltrabajo.cl\/portal\/wp-json\/wp\/v2\/categories?post=98071"},{"taxonomy":"post_tag","embeddable":true,"href":"https:\/\/eltrabajo.cl\/portal\/wp-json\/wp\/v2\/tags?post=98071"}],"curies":[{"name":"wp","href":"https:\/\/api.w.org\/{rel}","templated":true}]}}