{"id":98078,"date":"2020-04-12T16:25:58","date_gmt":"2020-04-12T20:25:58","guid":{"rendered":"http:\/\/www.eltrabajo.cl\/portal\/?p=98078"},"modified":"2020-04-13T19:27:40","modified_gmt":"2020-04-13T23:27:40","slug":"impacto-provoca-la-repentina-muerte-del-padre-de-ricardo-manteca-gonzalez","status":"publish","type":"post","link":"https:\/\/eltrabajo.cl\/portal\/impacto-provoca-la-repentina-muerte-del-padre-de-ricardo-manteca-gonzalez\/","title":{"rendered":"Impacto provoca la repentina muerte del padre de Ricardo \u2018Manteca\u2019 Gonz\u00e1lez"},"content":{"rendered":"<p>Producto de un infarto cardiaco falleci\u00f3 el reconocido vecino sanfelipe\u00f1o, <strong>Juan Orlando Gonz\u00e1lez Astudillo<\/strong>. La noticia provoc\u00f3 gran impacto dentro de la comunidad debido a que Juan Gonz\u00e1lez, fue el padre del ex futbolista profesional y referente de Uni\u00f3n San Felipe: <strong>Ricardo \u2018Manteca\u2019 Gonz\u00e1lez<\/strong>.<\/p>\n<p>Seg\u00fan informaciones entregadas por sus cercanos, el cuerpo del destacado vecino fue encontrado ya sin vida por uno de sus hijos, quien lo hall\u00f3 durante la ma\u00f1ana de este domingo en el antejard\u00edn de su departamento ubicado en el sector Enc\u00f3n de San Felipe.<\/p>\n<p>Casado con <strong>Orfelinda Reinoso<\/strong>, a Juan Gonz\u00e1lez le sobreviven sus seis hijos: Andr\u00e9s, Ricardo, Jorge, Aldo, Claudio y Javier.<\/p>\n<p>La muerte del ex dirigente ha sido muy lamentada en la ciudad, principalmente en el sector La Troya, ya que siempre se caracteriz\u00f3 por su disposici\u00f3n a colaborar en todo, adem\u00e1s de ser uno de los fundadores del club <strong>Juventud La Troya<\/strong>. Una de las instituciones m\u00e1s importantes del balompi\u00e9 amateur de toda la Quinta Regi\u00f3n.<\/p>\n<p>Los restos de Juan Gonz\u00e1lez est\u00e1n siendo velados en la parroquia de La Troya y sus funerales ser\u00e1n informados por sus familiares, atendiendo la situaci\u00f3n que en la actualidad atraviesa el pa\u00eds en materia de salud.<\/p>\n<p>Desde la gerencia y todos quienes hacemos <strong>Diario El Trabajo<\/strong>, entregamos nuestras m\u00e1s sinceras condolencias a la familia de don Juan Gonz\u00e1lez Astudillo.<\/p>\n<p>&nbsp;<\/p>\n<figure id=\"attachment_98079\" aria-describedby=\"caption-attachment-98079\" style=\"width: 580px\" class=\"wp-caption alignnone\"><img data-recalc-dims=\"1\" loading=\"lazy\" decoding=\"async\" class=\"size-full wp-image-98079\" src=\"https:\/\/i0.wp.com\/www.eltrabajo.cl\/portal\/wp-content\/uploads\/2020\/04\/capilla.jpg?resize=580%2C359\" alt=\"Los restos del vecino est\u00e1n siendo velados en la capilla de La Troya.\" width=\"580\" height=\"359\" srcset=\"https:\/\/i0.wp.com\/eltrabajo.cl\/portal\/wp-content\/uploads\/2020\/04\/capilla.jpg?w=580&amp;ssl=1 580w, https:\/\/i0.wp.com\/eltrabajo.cl\/portal\/wp-content\/uploads\/2020\/04\/capilla.jpg?resize=300%2C186&amp;ssl=1 300w, https:\/\/i0.wp.com\/eltrabajo.cl\/portal\/wp-content\/uploads\/2020\/04\/capilla.jpg?resize=200%2C124&amp;ssl=1 200w, https:\/\/i0.wp.com\/eltrabajo.cl\/portal\/wp-content\/uploads\/2020\/04\/capilla.jpg?resize=242%2C150&amp;ssl=1 242w, https:\/\/i0.wp.com\/eltrabajo.cl\/portal\/wp-content\/uploads\/2020\/04\/capilla.jpg?resize=400%2C248&amp;ssl=1 400w\" sizes=\"auto, (max-width: 580px) 100vw, 580px\" \/><figcaption id=\"caption-attachment-98079\" class=\"wp-caption-text\">Los restos del vecino est\u00e1n siendo velados en la capilla de La Troya.<\/figcaption><\/figure>\n<p>&nbsp;<\/p>\n<figure id=\"attachment_98080\" aria-describedby=\"caption-attachment-98080\" style=\"width: 580px\" class=\"wp-caption alignnone\"><img data-recalc-dims=\"1\" loading=\"lazy\" decoding=\"async\" class=\"size-full wp-image-98080\" src=\"https:\/\/i0.wp.com\/www.eltrabajo.cl\/portal\/wp-content\/uploads\/2020\/04\/homenaje.jpg?resize=580%2C358\" alt=\"Juan Gonz\u00e1lez (con la distinci\u00f3n en la mano) es uno de los socios fundadores del club Juventud La Troya. En la imagen un homenaje que se le dio en vida por este hito.\" width=\"580\" height=\"358\" srcset=\"https:\/\/i0.wp.com\/eltrabajo.cl\/portal\/wp-content\/uploads\/2020\/04\/homenaje.jpg?w=580&amp;ssl=1 580w, https:\/\/i0.wp.com\/eltrabajo.cl\/portal\/wp-content\/uploads\/2020\/04\/homenaje.jpg?resize=300%2C185&amp;ssl=1 300w, https:\/\/i0.wp.com\/eltrabajo.cl\/portal\/wp-content\/uploads\/2020\/04\/homenaje.jpg?resize=200%2C123&amp;ssl=1 200w, https:\/\/i0.wp.com\/eltrabajo.cl\/portal\/wp-content\/uploads\/2020\/04\/homenaje.jpg?resize=243%2C150&amp;ssl=1 243w, https:\/\/i0.wp.com\/eltrabajo.cl\/portal\/wp-content\/uploads\/2020\/04\/homenaje.jpg?resize=400%2C247&amp;ssl=1 400w\" sizes=\"auto, (max-width: 580px) 100vw, 580px\" \/><figcaption id=\"caption-attachment-98080\" class=\"wp-caption-text\">Juan Gonz\u00e1lez (con la distinci\u00f3n en la mano) es uno de los socios fundadores del club Juventud La Troya. En la imagen un homenaje que se le dio en vida por este hito.<\/figcaption><\/figure>\n<p>&nbsp;<\/p>\n<figure id=\"attachment_98081\" aria-describedby=\"caption-attachment-98081\" style=\"width: 580px\" class=\"wp-caption alignnone\"><img data-recalc-dims=\"1\" loading=\"lazy\" decoding=\"async\" class=\"size-full wp-image-98081\" src=\"https:\/\/i0.wp.com\/www.eltrabajo.cl\/portal\/wp-content\/uploads\/2020\/04\/Juan-Orlando-Gonz%C3%A1lez-Astudillo.jpg?resize=580%2C358\" alt=\"Juan Orlando Gonz\u00e1lez Astudillo falleci\u00f3 producto de un infarto cardiaco.\" width=\"580\" height=\"358\" srcset=\"https:\/\/i0.wp.com\/eltrabajo.cl\/portal\/wp-content\/uploads\/2020\/04\/Juan-Orlando-Gonz%C3%A1lez-Astudillo.jpg?w=580&amp;ssl=1 580w, https:\/\/i0.wp.com\/eltrabajo.cl\/portal\/wp-content\/uploads\/2020\/04\/Juan-Orlando-Gonz%C3%A1lez-Astudillo.jpg?resize=300%2C185&amp;ssl=1 300w, https:\/\/i0.wp.com\/eltrabajo.cl\/portal\/wp-content\/uploads\/2020\/04\/Juan-Orlando-Gonz%C3%A1lez-Astudillo.jpg?resize=200%2C123&amp;ssl=1 200w, https:\/\/i0.wp.com\/eltrabajo.cl\/portal\/wp-content\/uploads\/2020\/04\/Juan-Orlando-Gonz%C3%A1lez-Astudillo.jpg?resize=243%2C150&amp;ssl=1 243w, https:\/\/i0.wp.com\/eltrabajo.cl\/portal\/wp-content\/uploads\/2020\/04\/Juan-Orlando-Gonz%C3%A1lez-Astudillo.jpg?resize=400%2C247&amp;ssl=1 400w\" sizes=\"auto, (max-width: 580px) 100vw, 580px\" \/><figcaption id=\"caption-attachment-98081\" class=\"wp-caption-text\">Juan Orlando Gonz\u00e1lez Astudillo falleci\u00f3 producto de un infarto cardiaco.<\/figcaption><\/figure>\n","protected":false},"excerpt":{"rendered":"<p>Producto de un infarto cardiaco falleci\u00f3 el reconocido vecino sanfelipe\u00f1o, Juan Orlando Gonz\u00e1lez Astudillo. La noticia provoc\u00f3 gran impacto dentro de la comunidad debido a que Juan Gonz\u00e1lez, fue el padre del&#8230;<\/p>\n","protected":false},"author":482,"featured_media":98081,"comment_status":"open","ping_status":"open","sticky":false,"template":"","format":"standard","meta":{"advanced_seo_description":"","jetpack_seo_html_title":"","jetpack_seo_noindex":false,"_jetpack_memberships_contains_paid_content":false,"footnotes":""},"categories":[15],"tags":[],"class_list":["post-98078","post","type-post","status-publish","format-standard","has-post-thumbnail","hentry","category-comunidad"],"jetpack_featured_media_url":"https:\/\/i0.wp.com\/eltrabajo.cl\/portal\/wp-content\/uploads\/2020\/04\/Juan-Orlando-Gonz%C3%A1lez-Astudillo.jpg?fit=580%2C358&ssl=1","jetpack_sharing_enabled":true,"jetpack_likes_enabled":true,"jetpack-related-posts":[],"_links":{"self":[{"href":"https:\/\/eltrabajo.cl\/portal\/wp-json\/wp\/v2\/posts\/98078","targetHints":{"allow":["GET"]}}],"collection":[{"href":"https:\/\/eltrabajo.cl\/portal\/wp-json\/wp\/v2\/posts"}],"about":[{"href":"https:\/\/eltrabajo.cl\/portal\/wp-json\/wp\/v2\/types\/post"}],"author":[{"embeddable":true,"href":"https:\/\/eltrabajo.cl\/portal\/wp-json\/wp\/v2\/users\/482"}],"replies":[{"embeddable":true,"href":"https:\/\/eltrabajo.cl\/portal\/wp-json\/wp\/v2\/comments?post=98078"}],"version-history":[{"count":0,"href":"https:\/\/eltrabajo.cl\/portal\/wp-json\/wp\/v2\/posts\/98078\/revisions"}],"wp:featuredmedia":[{"embeddable":true,"href":"https:\/\/eltrabajo.cl\/portal\/wp-json\/wp\/v2\/media\/98081"}],"wp:attachment":[{"href":"https:\/\/eltrabajo.cl\/portal\/wp-json\/wp\/v2\/media?parent=98078"}],"wp:term":[{"taxonomy":"category","embeddable":true,"href":"https:\/\/eltrabajo.cl\/portal\/wp-json\/wp\/v2\/categories?post=98078"},{"taxonomy":"post_tag","embeddable":true,"href":"https:\/\/eltrabajo.cl\/portal\/wp-json\/wp\/v2\/tags?post=98078"}],"curies":[{"name":"wp","href":"https:\/\/api.w.org\/{rel}","templated":true}]}}