{"id":98099,"date":"2020-04-12T23:45:49","date_gmt":"2020-04-13T03:45:49","guid":{"rendered":"http:\/\/www.eltrabajo.cl\/portal\/?p=98099"},"modified":"2020-04-12T23:45:49","modified_gmt":"2020-04-13T03:45:49","slug":"apoyemos-a-roberto-cordoba","status":"publish","type":"post","link":"https:\/\/eltrabajo.cl\/portal\/apoyemos-a-roberto-cordoba\/","title":{"rendered":"Apoyemos a Roberto C\u00f3rdoba"},"content":{"rendered":"<p><span style=\"color: #c81400;\"><strong>URGEN DONADORES DE SANGRE<\/strong>.-<\/span> Desde 15 metros de altura cay\u00f3 la tarde de este viernes el maestro de Construcci\u00f3n <strong>Roberto C\u00f3rdoba<\/strong>, de 50 a\u00f1os de edad. C\u00f3rdoba tiene un s\u00f3lo hijo. \u00c9l es vecino de Villa Departamental y se encuentra en el Hospital Carlos Van Buren. Hoy lunes se supo que este paciente est\u00e1 necesitando sangre del tipo Universal, de al menos unos 40 donadores como b\u00e1sico. Los interesados en ayudar, contactar al hijo de Roberto, <strong>Guillermo C\u00f3rdoba<\/strong>, pueden llamarlo al <strong>+56 9 9943 8201<\/strong>.<\/p>\n<figure id=\"attachment_98101\" aria-describedby=\"caption-attachment-98101\" style=\"width: 580px\" class=\"wp-caption alignnone\"><img data-recalc-dims=\"1\" loading=\"lazy\" decoding=\"async\" class=\"size-full wp-image-98101\" src=\"https:\/\/i0.wp.com\/www.eltrabajo.cl\/portal\/wp-content\/uploads\/2020\/04\/sangre2.jpg?resize=580%2C750\" alt=\"Roberto C\u00f3rdoba, de 50 a\u00f1os de edad, maestro de la Construcci\u00f3n.\" width=\"580\" height=\"750\" srcset=\"https:\/\/i0.wp.com\/eltrabajo.cl\/portal\/wp-content\/uploads\/2020\/04\/sangre2.jpg?w=580&amp;ssl=1 580w, https:\/\/i0.wp.com\/eltrabajo.cl\/portal\/wp-content\/uploads\/2020\/04\/sangre2.jpg?resize=232%2C300&amp;ssl=1 232w, https:\/\/i0.wp.com\/eltrabajo.cl\/portal\/wp-content\/uploads\/2020\/04\/sangre2.jpg?resize=116%2C150&amp;ssl=1 116w, https:\/\/i0.wp.com\/eltrabajo.cl\/portal\/wp-content\/uploads\/2020\/04\/sangre2.jpg?resize=400%2C517&amp;ssl=1 400w\" sizes=\"auto, (max-width: 580px) 100vw, 580px\" \/><figcaption id=\"caption-attachment-98101\" class=\"wp-caption-text\">Roberto C\u00f3rdoba, de 50 a\u00f1os de edad, maestro de la Construcci\u00f3n.<\/figcaption><\/figure>\n","protected":false},"excerpt":{"rendered":"<p>URGEN DONADORES DE SANGRE.- Desde 15 metros de altura cay\u00f3 la tarde de este viernes el maestro de Construcci\u00f3n Roberto C\u00f3rdoba, de 50 a\u00f1os de edad. C\u00f3rdoba tiene un s\u00f3lo hijo. \u00c9l&#8230;<\/p>\n","protected":false},"author":482,"featured_media":98100,"comment_status":"open","ping_status":"open","sticky":false,"template":"","format":"standard","meta":{"advanced_seo_description":"","jetpack_seo_html_title":"","jetpack_seo_noindex":false,"_jetpack_memberships_contains_paid_content":false,"footnotes":""},"categories":[15],"tags":[],"class_list":["post-98099","post","type-post","status-publish","format-standard","has-post-thumbnail","hentry","category-comunidad"],"jetpack_featured_media_url":"https:\/\/i0.wp.com\/eltrabajo.cl\/portal\/wp-content\/uploads\/2020\/04\/sangre1.jpg?fit=580%2C359&ssl=1","jetpack_sharing_enabled":true,"jetpack_likes_enabled":true,"jetpack-related-posts":[],"_links":{"self":[{"href":"https:\/\/eltrabajo.cl\/portal\/wp-json\/wp\/v2\/posts\/98099","targetHints":{"allow":["GET"]}}],"collection":[{"href":"https:\/\/eltrabajo.cl\/portal\/wp-json\/wp\/v2\/posts"}],"about":[{"href":"https:\/\/eltrabajo.cl\/portal\/wp-json\/wp\/v2\/types\/post"}],"author":[{"embeddable":true,"href":"https:\/\/eltrabajo.cl\/portal\/wp-json\/wp\/v2\/users\/482"}],"replies":[{"embeddable":true,"href":"https:\/\/eltrabajo.cl\/portal\/wp-json\/wp\/v2\/comments?post=98099"}],"version-history":[{"count":0,"href":"https:\/\/eltrabajo.cl\/portal\/wp-json\/wp\/v2\/posts\/98099\/revisions"}],"wp:featuredmedia":[{"embeddable":true,"href":"https:\/\/eltrabajo.cl\/portal\/wp-json\/wp\/v2\/media\/98100"}],"wp:attachment":[{"href":"https:\/\/eltrabajo.cl\/portal\/wp-json\/wp\/v2\/media?parent=98099"}],"wp:term":[{"taxonomy":"category","embeddable":true,"href":"https:\/\/eltrabajo.cl\/portal\/wp-json\/wp\/v2\/categories?post=98099"},{"taxonomy":"post_tag","embeddable":true,"href":"https:\/\/eltrabajo.cl\/portal\/wp-json\/wp\/v2\/tags?post=98099"}],"curies":[{"name":"wp","href":"https:\/\/api.w.org\/{rel}","templated":true}]}}