{"id":98115,"date":"2020-04-13T19:24:31","date_gmt":"2020-04-13T23:24:31","guid":{"rendered":"http:\/\/www.eltrabajo.cl\/portal\/?p=98115"},"modified":"2020-04-13T19:24:31","modified_gmt":"2020-04-13T23:24:31","slug":"union-san-felipe-tiene-practicamente-lista-su-sede-institucional","status":"publish","type":"post","link":"https:\/\/eltrabajo.cl\/portal\/union-san-felipe-tiene-practicamente-lista-su-sede-institucional\/","title":{"rendered":"Uni\u00f3n San Felipe tiene pr\u00e1cticamente lista su sede institucional"},"content":{"rendered":"<p>En medio de una grave crisis econ\u00f3mica que est\u00e1 afectando a muchos clubes chilenos, Uni\u00f3n San Felipe entreg\u00f3 una potente se\u00f1al de fortalecimiento institucional y solvencia econ\u00f3mica, al hacerse p\u00fablico que ya tiene pr\u00e1cticamente lista su sede institucional.<\/p>\n<p>La nueva casa institucional del Un\u00ed Un\u00ed, est\u00e1 emplazada en el complejo deportivo en el sector Parras\u00eda Bajo. Con esta edificaci\u00f3n, ese centro pasar\u00e1 a convertirse en uno de los m\u00e1s completos de la regi\u00f3n y del pa\u00eds.<\/p>\n<p>De seguir su cronograma de construcci\u00f3n, la edificaci\u00f3n deber\u00eda estar lista durante las pr\u00f3ximas semanas, por lo que deber\u00eda estar completamente operativa una vez que sea superada la actual crisis sanitaria por el brote de Coronavirus Covid-19.<\/p>\n<p>&nbsp;<\/p>\n<figure id=\"attachment_98116\" aria-describedby=\"caption-attachment-98116\" style=\"width: 580px\" class=\"wp-caption alignnone\"><img data-recalc-dims=\"1\" loading=\"lazy\" decoding=\"async\" class=\"size-full wp-image-98116\" src=\"https:\/\/i0.wp.com\/www.eltrabajo.cl\/portal\/wp-content\/uploads\/2020\/04\/sede.jpg?resize=580%2C359\" alt=\"La sede albirroja est\u00e1 en su fase final de construcci\u00f3n.\" width=\"580\" height=\"359\" srcset=\"https:\/\/i0.wp.com\/eltrabajo.cl\/portal\/wp-content\/uploads\/2020\/04\/sede.jpg?w=580&amp;ssl=1 580w, https:\/\/i0.wp.com\/eltrabajo.cl\/portal\/wp-content\/uploads\/2020\/04\/sede.jpg?resize=300%2C186&amp;ssl=1 300w, https:\/\/i0.wp.com\/eltrabajo.cl\/portal\/wp-content\/uploads\/2020\/04\/sede.jpg?resize=200%2C124&amp;ssl=1 200w, https:\/\/i0.wp.com\/eltrabajo.cl\/portal\/wp-content\/uploads\/2020\/04\/sede.jpg?resize=242%2C150&amp;ssl=1 242w, https:\/\/i0.wp.com\/eltrabajo.cl\/portal\/wp-content\/uploads\/2020\/04\/sede.jpg?resize=400%2C248&amp;ssl=1 400w\" sizes=\"auto, (max-width: 580px) 100vw, 580px\" \/><figcaption id=\"caption-attachment-98116\" class=\"wp-caption-text\">La sede albirroja est\u00e1 en su fase final de construcci\u00f3n.<\/figcaption><\/figure>\n","protected":false},"excerpt":{"rendered":"<p>En medio de una grave crisis econ\u00f3mica que est\u00e1 afectando a muchos clubes chilenos, Uni\u00f3n San Felipe entreg\u00f3 una potente se\u00f1al de fortalecimiento institucional y solvencia econ\u00f3mica, al hacerse p\u00fablico que ya&#8230;<\/p>\n","protected":false},"author":482,"featured_media":98116,"comment_status":"open","ping_status":"open","sticky":false,"template":"","format":"standard","meta":{"advanced_seo_description":"","jetpack_seo_html_title":"","jetpack_seo_noindex":false,"_jetpack_memberships_contains_paid_content":false,"footnotes":""},"categories":[19],"tags":[],"class_list":["post-98115","post","type-post","status-publish","format-standard","has-post-thumbnail","hentry","category-deportes"],"jetpack_featured_media_url":"https:\/\/i0.wp.com\/eltrabajo.cl\/portal\/wp-content\/uploads\/2020\/04\/sede.jpg?fit=580%2C359&ssl=1","jetpack_sharing_enabled":true,"jetpack_likes_enabled":true,"jetpack-related-posts":[],"_links":{"self":[{"href":"https:\/\/eltrabajo.cl\/portal\/wp-json\/wp\/v2\/posts\/98115","targetHints":{"allow":["GET"]}}],"collection":[{"href":"https:\/\/eltrabajo.cl\/portal\/wp-json\/wp\/v2\/posts"}],"about":[{"href":"https:\/\/eltrabajo.cl\/portal\/wp-json\/wp\/v2\/types\/post"}],"author":[{"embeddable":true,"href":"https:\/\/eltrabajo.cl\/portal\/wp-json\/wp\/v2\/users\/482"}],"replies":[{"embeddable":true,"href":"https:\/\/eltrabajo.cl\/portal\/wp-json\/wp\/v2\/comments?post=98115"}],"version-history":[{"count":0,"href":"https:\/\/eltrabajo.cl\/portal\/wp-json\/wp\/v2\/posts\/98115\/revisions"}],"wp:featuredmedia":[{"embeddable":true,"href":"https:\/\/eltrabajo.cl\/portal\/wp-json\/wp\/v2\/media\/98116"}],"wp:attachment":[{"href":"https:\/\/eltrabajo.cl\/portal\/wp-json\/wp\/v2\/media?parent=98115"}],"wp:term":[{"taxonomy":"category","embeddable":true,"href":"https:\/\/eltrabajo.cl\/portal\/wp-json\/wp\/v2\/categories?post=98115"},{"taxonomy":"post_tag","embeddable":true,"href":"https:\/\/eltrabajo.cl\/portal\/wp-json\/wp\/v2\/tags?post=98115"}],"curies":[{"name":"wp","href":"https:\/\/api.w.org\/{rel}","templated":true}]}}