{"id":98118,"date":"2020-04-13T19:27:03","date_gmt":"2020-04-13T23:27:03","guid":{"rendered":"http:\/\/www.eltrabajo.cl\/portal\/?p=98118"},"modified":"2020-04-13T19:27:03","modified_gmt":"2020-04-13T23:27:03","slug":"con-aplausos-y-canciones-hoy-despidieron-a-fundador-de-juventud-la-troya","status":"publish","type":"post","link":"https:\/\/eltrabajo.cl\/portal\/con-aplausos-y-canciones-hoy-despidieron-a-fundador-de-juventud-la-troya\/","title":{"rendered":"Con aplausos y canciones hoy despidieron a fundador de Juventud La Troya"},"content":{"rendered":"<p><span style=\"color: #c81400;\"><strong>Juan Gonz\u00e1lez fue sepultado en el Cementerio Municipal:<\/strong><\/span><\/p>\n<p>Al filo de las 13:30 horas y entre aplausos y canciones de sus amigos y familiares, fue despedido en la capilla del pueblo el querido vecino de La Troya, <strong>Juan Gonz\u00e1lez Astudillo<\/strong>, pap\u00e1 del conocido exfutbolista y promotor deportivo <strong>Ricardo<\/strong> \u2018<strong>Manteca<\/strong>\u2019 <strong>Gonz\u00e1lez<\/strong>. El troyano de 79 a\u00f1os de edad fue uno de los fundadores del Club Deportivo Juventud La Troya, tambi\u00e9n jug\u00f3 en dicho club y lo dirigi\u00f3.<\/p>\n<p><strong>Diario El Trabajo<\/strong> estuvo muy de cerca en el lugar de las exequias hoy lunes, a la vez pudimos hablar con uno de los ocho hijos de don Juan, el propio \u2018Manteca\u2019 Gonz\u00e1lez, quien agradeci\u00f3 a todos por el apoyo y cari\u00f1o a lo largo de los a\u00f1os, a la vez que destac\u00f3 las virtudes de su padre.<\/p>\n<p><em>\u00abLa muerte de mi padre fue muy repentina, \u00e9l era uno de los \u00faltimos fundadores del Club Deportivo La Troya que segu\u00eda con vida, este club fue su club de toda su vida, as\u00ed que nosotros sus hijos y sus nietos seguimos el legado. \u00c9l fue muy querido en el ambiente del f\u00fatbol amateur de toda la zona; a su funeral llegaron sus amigos de varios clubes y para qu\u00e9 decir de La Troya, todo el pueblo est\u00e1 aqu\u00ed para despedirlo. Pap\u00e1 ten\u00eda ya 30 a\u00f1os de vivir solo, estaba separado de nuestra madre, despu\u00e9s de harto tiempo mis hermanos pudieron juntarlos para que compartieran juntos un almuerzo, lamentablemente esa fue la \u00faltima vez que pudieron estar cerca. Por otra parte tenemos a Jorge, otro de sus hijos quien qued\u00f3 atrapado en Argentina por la cuarentena nacional que est\u00e1 estipulada en ese pa\u00eds, no pudo venir a despedir a pap\u00e1. Recordar tambi\u00e9n que todos los hijos jugamos en este club y en otros. Mi viejo era muy trabajador, su oficio era trabajador, fue obrero agr\u00edcola y hac\u00eda de todo, a \u00e9l lo apodaban \u2018<strong>Don Ole<\/strong>\u2019, nos dej\u00f3 muchas alegr\u00edas mi viejo\u00bb,<\/em> dijo Ricardo Gonz\u00e1lez a nuestro medio.<\/p>\n<p>Sus restos mortales ya descansan en el Cementerio Municipal de San Felipe, en El Almendral. Le sobreviven sus seis hijos: Jorge, Ricardo, Aldo, Andr\u00e9s, Claudio y Javier, y su esposa Orfelina del Carmen Reinoso.<\/p>\n<p><strong>Roberto Gonz\u00e1lez Short<\/strong><\/p>\n<p>&nbsp;<\/p>\n<figure id=\"attachment_98119\" aria-describedby=\"caption-attachment-98119\" style=\"width: 580px\" class=\"wp-caption alignnone\"><img data-recalc-dims=\"1\" loading=\"lazy\" decoding=\"async\" class=\"size-full wp-image-98119\" src=\"https:\/\/i0.wp.com\/www.eltrabajo.cl\/portal\/wp-content\/uploads\/2020\/04\/Funerales2.jpg?resize=580%2C359\" alt=\"SE FUE \u2018DON OLE\u2019.- Al fondo vemos a varios amigos y familiares, cant\u00e1ndole \u2018Mi querido Viejo\u2019, antes de terminar la Misa.\" width=\"580\" height=\"359\" srcset=\"https:\/\/i0.wp.com\/eltrabajo.cl\/portal\/wp-content\/uploads\/2020\/04\/Funerales2.jpg?w=580&amp;ssl=1 580w, https:\/\/i0.wp.com\/eltrabajo.cl\/portal\/wp-content\/uploads\/2020\/04\/Funerales2.jpg?resize=300%2C186&amp;ssl=1 300w, https:\/\/i0.wp.com\/eltrabajo.cl\/portal\/wp-content\/uploads\/2020\/04\/Funerales2.jpg?resize=200%2C124&amp;ssl=1 200w, https:\/\/i0.wp.com\/eltrabajo.cl\/portal\/wp-content\/uploads\/2020\/04\/Funerales2.jpg?resize=242%2C150&amp;ssl=1 242w, https:\/\/i0.wp.com\/eltrabajo.cl\/portal\/wp-content\/uploads\/2020\/04\/Funerales2.jpg?resize=400%2C248&amp;ssl=1 400w\" sizes=\"auto, (max-width: 580px) 100vw, 580px\" \/><figcaption id=\"caption-attachment-98119\" class=\"wp-caption-text\">SE FUE \u2018DON OLE\u2019.- Al fondo vemos a varios amigos y familiares, cant\u00e1ndole \u2018Mi querido Viejo\u2019, antes de terminar la Misa.<\/figcaption><\/figure>\n<p>&nbsp;<\/p>\n<figure id=\"attachment_98120\" aria-describedby=\"caption-attachment-98120\" style=\"width: 580px\" class=\"wp-caption alignnone\"><img data-recalc-dims=\"1\" loading=\"lazy\" decoding=\"async\" class=\"size-full wp-image-98120\" src=\"https:\/\/i0.wp.com\/www.eltrabajo.cl\/portal\/wp-content\/uploads\/2020\/04\/Funerales1.jpg?resize=580%2C360\" alt=\"TEN\u00cdA 79 A\u00d1OS.- Con gran pesar dieron su \u00faltimo adi\u00f3s a uno de los promotores deportivos m\u00e1s queridos de San Felipe. \" width=\"580\" height=\"360\" srcset=\"https:\/\/i0.wp.com\/eltrabajo.cl\/portal\/wp-content\/uploads\/2020\/04\/Funerales1.jpg?w=580&amp;ssl=1 580w, https:\/\/i0.wp.com\/eltrabajo.cl\/portal\/wp-content\/uploads\/2020\/04\/Funerales1.jpg?resize=300%2C186&amp;ssl=1 300w, https:\/\/i0.wp.com\/eltrabajo.cl\/portal\/wp-content\/uploads\/2020\/04\/Funerales1.jpg?resize=200%2C124&amp;ssl=1 200w, https:\/\/i0.wp.com\/eltrabajo.cl\/portal\/wp-content\/uploads\/2020\/04\/Funerales1.jpg?resize=242%2C150&amp;ssl=1 242w, https:\/\/i0.wp.com\/eltrabajo.cl\/portal\/wp-content\/uploads\/2020\/04\/Funerales1.jpg?resize=400%2C248&amp;ssl=1 400w\" sizes=\"auto, (max-width: 580px) 100vw, 580px\" \/><figcaption id=\"caption-attachment-98120\" class=\"wp-caption-text\">TEN\u00cdA 79 A\u00d1OS.- Con gran pesar dieron su \u00faltimo adi\u00f3s a uno de los promotores deportivos m\u00e1s queridos de San Felipe.<\/figcaption><\/figure>\n<p>&nbsp;<\/p>\n<figure id=\"attachment_98081\" aria-describedby=\"caption-attachment-98081\" style=\"width: 580px\" class=\"wp-caption alignnone\"><img data-recalc-dims=\"1\" loading=\"lazy\" decoding=\"async\" class=\"size-full wp-image-98081\" src=\"https:\/\/i0.wp.com\/www.eltrabajo.cl\/portal\/wp-content\/uploads\/2020\/04\/Juan-Orlando-Gonz%C3%A1lez-Astudillo.jpg?resize=580%2C358\" alt=\"Juan Orlando Gonz\u00e1lez Astudillo falleci\u00f3 producto de un infarto cardiaco.\" width=\"580\" height=\"358\" srcset=\"https:\/\/i0.wp.com\/eltrabajo.cl\/portal\/wp-content\/uploads\/2020\/04\/Juan-Orlando-Gonz%C3%A1lez-Astudillo.jpg?w=580&amp;ssl=1 580w, https:\/\/i0.wp.com\/eltrabajo.cl\/portal\/wp-content\/uploads\/2020\/04\/Juan-Orlando-Gonz%C3%A1lez-Astudillo.jpg?resize=300%2C185&amp;ssl=1 300w, https:\/\/i0.wp.com\/eltrabajo.cl\/portal\/wp-content\/uploads\/2020\/04\/Juan-Orlando-Gonz%C3%A1lez-Astudillo.jpg?resize=200%2C123&amp;ssl=1 200w, https:\/\/i0.wp.com\/eltrabajo.cl\/portal\/wp-content\/uploads\/2020\/04\/Juan-Orlando-Gonz%C3%A1lez-Astudillo.jpg?resize=243%2C150&amp;ssl=1 243w, https:\/\/i0.wp.com\/eltrabajo.cl\/portal\/wp-content\/uploads\/2020\/04\/Juan-Orlando-Gonz%C3%A1lez-Astudillo.jpg?resize=400%2C247&amp;ssl=1 400w\" sizes=\"auto, (max-width: 580px) 100vw, 580px\" \/><figcaption id=\"caption-attachment-98081\" class=\"wp-caption-text\">Juan Orlando Gonz\u00e1lez Astudillo falleci\u00f3 producto de un infarto cardiaco.<\/figcaption><\/figure>\n","protected":false},"excerpt":{"rendered":"<p>Juan Gonz\u00e1lez fue sepultado en el Cementerio Municipal: Al filo de las 13:30 horas y entre aplausos y canciones de sus amigos y familiares, fue despedido en la capilla del pueblo el&#8230;<\/p>\n","protected":false},"author":482,"featured_media":98120,"comment_status":"open","ping_status":"open","sticky":false,"template":"","format":"standard","meta":{"advanced_seo_description":"","jetpack_seo_html_title":"","jetpack_seo_noindex":false,"_jetpack_memberships_contains_paid_content":false,"footnotes":""},"categories":[15],"tags":[],"class_list":["post-98118","post","type-post","status-publish","format-standard","has-post-thumbnail","hentry","category-comunidad"],"jetpack_featured_media_url":"https:\/\/i0.wp.com\/eltrabajo.cl\/portal\/wp-content\/uploads\/2020\/04\/Funerales1.jpg?fit=580%2C360&ssl=1","jetpack_sharing_enabled":true,"jetpack_likes_enabled":true,"jetpack-related-posts":[],"_links":{"self":[{"href":"https:\/\/eltrabajo.cl\/portal\/wp-json\/wp\/v2\/posts\/98118","targetHints":{"allow":["GET"]}}],"collection":[{"href":"https:\/\/eltrabajo.cl\/portal\/wp-json\/wp\/v2\/posts"}],"about":[{"href":"https:\/\/eltrabajo.cl\/portal\/wp-json\/wp\/v2\/types\/post"}],"author":[{"embeddable":true,"href":"https:\/\/eltrabajo.cl\/portal\/wp-json\/wp\/v2\/users\/482"}],"replies":[{"embeddable":true,"href":"https:\/\/eltrabajo.cl\/portal\/wp-json\/wp\/v2\/comments?post=98118"}],"version-history":[{"count":0,"href":"https:\/\/eltrabajo.cl\/portal\/wp-json\/wp\/v2\/posts\/98118\/revisions"}],"wp:featuredmedia":[{"embeddable":true,"href":"https:\/\/eltrabajo.cl\/portal\/wp-json\/wp\/v2\/media\/98120"}],"wp:attachment":[{"href":"https:\/\/eltrabajo.cl\/portal\/wp-json\/wp\/v2\/media?parent=98118"}],"wp:term":[{"taxonomy":"category","embeddable":true,"href":"https:\/\/eltrabajo.cl\/portal\/wp-json\/wp\/v2\/categories?post=98118"},{"taxonomy":"post_tag","embeddable":true,"href":"https:\/\/eltrabajo.cl\/portal\/wp-json\/wp\/v2\/tags?post=98118"}],"curies":[{"name":"wp","href":"https:\/\/api.w.org\/{rel}","templated":true}]}}