{"id":98129,"date":"2020-04-13T19:36:31","date_gmt":"2020-04-13T23:36:31","guid":{"rendered":"http:\/\/www.eltrabajo.cl\/portal\/?p=98129"},"modified":"2020-04-13T19:46:15","modified_gmt":"2020-04-13T23:46:15","slug":"maestro-dse-la-construccion-sigue-grave-tras-caer-de-via-elevada-en-valparaiso","status":"publish","type":"post","link":"https:\/\/eltrabajo.cl\/portal\/maestro-dse-la-construccion-sigue-grave-tras-caer-de-via-elevada-en-valparaiso\/","title":{"rendered":"Maestro de la construcci\u00f3n sigue grave tras caer de v\u00eda elevada en Valpara\u00edso"},"content":{"rendered":"<p><span style=\"color: #c81400;\"><strong>Roberto C\u00f3rdova a\u00fan necesita m\u00e1s sangre:<\/strong><\/span><\/p>\n<p>Luego que cayera desde una pasarela peatonal de una altura de 12 metros la tarde del viernes 3 de abril, el maestro de construcci\u00f3n <strong>Roberto C\u00f3rdova Becerra<\/strong>, de 54 a\u00f1os de edad, contin\u00faa en coma inducido por los m\u00e9dicos a ra\u00edz de las secuelas del infortunado accidente, en la UCI del Hospital Carlos Van Buren en Valpara\u00edso.<\/p>\n<p><strong>Diario El Trabajo<\/strong> pudo hablar hoy lunes con el \u00fanico hijo de Roberto, <strong>Guillermo C\u00f3rdova Saavedra<\/strong>, quien est\u00e1 al frente de todas las diligencias.<\/p>\n<p>&#8211; <strong>\u00bfD\u00f3nde y c\u00f3mo ocurri\u00f3 este accidente?<\/strong><\/p>\n<p>&#8211; Pap\u00e1 se encuentra trabajando con un patr\u00f3n llamado Manuel Molina, es una empresa de construcci\u00f3n en la cual pap\u00e1 les hace todo lo que es ca\u00f1er\u00eda y tuber\u00eda en sus proyectos. El viernes \u00e9l se encontraba viajando hacia San Felipe, \u00e9l trabaja en Quintay de Valpara\u00edso haciendo casas. \u00c9l en la tarde sali\u00f3 de Quintay a Valpara\u00edso para tomar el bus JM\u00a0 a las 7 y media hacia San Felipe (\u2026) \u00c9l lleg\u00f3 a Valpara\u00edso cerca de las 11 de la ma\u00f1ana pues ten\u00eda bus a San Felipe a las 14:30 horas. Pap\u00e1 se encontraba en El Nudo Bar\u00f3n de Valpara\u00edso, \u00e9l se cay\u00f3 de una altura de 12 metros, sufri\u00f3 fracturas m\u00faltiples, un TEC abierto y en condici\u00f3n muy grave fue llevado al Hospital Carlos Van Buren.<\/p>\n<p>&#8211; <strong>\u00bfQu\u00e9 pas\u00f3 ya en el hospital?<\/strong><\/p>\n<p>&#8211; Ya en el hospital lo iban a operar el f\u00e9mur y en eso se descompens\u00f3 y tuvieron que llevarlo a Reanimaci\u00f3n, en Reanimaci\u00f3n estuvo un buen rato hasta que llegu\u00e9 yo (\u2026) A m\u00ed me toc\u00f3 firmar todos los papeles de la estad\u00eda de pap\u00e1 en el hospital, despu\u00e9s de eso \u00e9l pas\u00f3 a Observaci\u00f3n, ah\u00ed estuvo dormido hasta que despert\u00f3 y se empez\u00f3 a quejar que le dol\u00eda mucho la pierna. Tiene fractura de f\u00e9mur, fractura de costillas y fractura frontal de cr\u00e1neo, en el p\u00f3mulo, en las cejas, y hematomas internos en el est\u00f3mago. Yo cuando sal\u00ed del hospital por el Toque de Queda, \u00e9l qued\u00f3 durmiendo.<\/p>\n<p>&#8211; <strong>\u00bfC\u00f3mo es eso que tu pap\u00e1 sigue ahora muy grave?<\/strong><\/p>\n<p>&#8211; S\u00ed. Cuando llegu\u00e9 a la casa aqu\u00ed en San Felipe me llamaron del hospital, me informaron que \u00e9l estaba muy grave, que hab\u00eda empeorado y me pidieron que me fuera de manera urgente al hospital. Una vez all\u00e1 me pidieron autorizaci\u00f3n para entubarlo porque se estaba ahogando, obvio que autoric\u00e9 la entubaci\u00f3n.<\/p>\n<p>&#8211; <strong>\u00bfA nivel interno qu\u00e9 da\u00f1os tiene su padre, por qu\u00e9 est\u00e1n solicitando sangre?<\/strong><\/p>\n<p>&#8211; Lo que pasa es que pap\u00e1 tiene mala coagulaci\u00f3n de su sangre y su h\u00edgado tras estos golpes qued\u00f3 mal, por eso es que se ha solicitado donadores de sangre tipo Universal, pues se descompens\u00f3 al perder tanta sangre. Tambi\u00e9n por este tema de su sangre es que tuvieron que operarlo del f\u00e9mur. S\u00f3lo en ese momento despu\u00e9s de la cirug\u00eda fue que pude tener contacto con \u00e9l en el pasillo, de ah\u00ed lo pasaron a la UCI. Pese a su gravedad aparentemente \u00e9l segu\u00eda estable, hasta que el domingo le encontraron una hemorragia interna en el cerebro, en sus pulmones tambi\u00e9n ten\u00eda sangre, pero no era de sus pulmones, quiz\u00e1s \u00e9l trag\u00f3 durante el accidente. Luego esa sangre y tambi\u00e9n bilis le causaron una infecci\u00f3n, finalmente lograron estabilizarlo y detener las hemorragias. Ahora el tema se ha complicado m\u00e1s, pues esa infecci\u00f3n lleg\u00f3 a afectarle su h\u00edgado y ri\u00f1\u00f3n. El h\u00edgado debilitado fall\u00f3 de nuevo y volvi\u00f3 a perder m\u00e1s sangre, por eso es el tema de la donaci\u00f3n de sangre. Su pulm\u00f3n m\u00e1s da\u00f1ado le funciona al 40%, \u00e9l ha ido evolucionando muy m\u00ednimo, seg\u00fan me dicen los m\u00e9dicos pap\u00e1 estar\u00e1 sedado al menos por una semana m\u00e1s, pues tambi\u00e9n sus defensas las tiene muy bajas.<\/p>\n<p>&#8211; <strong>\u00bfLlegaron ya algunas donaciones de sangre tras la noticia publicada en Diario El Trabajo?<\/strong><\/p>\n<p>&#8211; S\u00ed, por ejemplo tras el aviso que publicaron ustedes anoche, ya me han llamado tres personas para coordinar conmigo c\u00f3mo donar sangre, tambi\u00e9n otros donantes de la familia y amigos, en total como 15 personas han donado.<\/p>\n<p>Roberto C\u00f3rdova Becerra tiene siete hermanos m\u00e1s, es casado con Nancy Saavedra Contreras, vive en Villa Departamental y estudi\u00f3 hasta tercero medio en la Escuela Industrial de San Felipe en Instalaciones Sanitarias y Gasfiter\u00eda. Hoy lunes se supo que este vecino sigue grave y est\u00e1 necesitando sangre del tipo Universal, de al menos unos 40 donadores como b\u00e1sico. Los interesados en contactar al hijo de Roberto, Guillermo C\u00f3rdoba, pueden llamarlo al <strong>+56 9 9943 8201<\/strong>.<\/p>\n<p><strong>Roberto Gonz\u00e1lez Short<\/strong><\/p>\n<p>&nbsp;<\/p>\n<figure id=\"attachment_98132\" aria-describedby=\"caption-attachment-98132\" style=\"width: 580px\" class=\"wp-caption alignnone\"><img data-recalc-dims=\"1\" loading=\"lazy\" decoding=\"async\" class=\"size-full wp-image-98132\" src=\"https:\/\/i0.wp.com\/www.eltrabajo.cl\/portal\/wp-content\/uploads\/2020\/04\/Grave1-1.jpg?resize=580%2C359\" alt=\"VIVE DE MILAGRO.- En este lugar ocurri\u00f3 el fatal accidente, la flecha indica la altura de la que cay\u00f3 Roberto C\u00f3rdova.\" width=\"580\" height=\"359\" srcset=\"https:\/\/i0.wp.com\/eltrabajo.cl\/portal\/wp-content\/uploads\/2020\/04\/Grave1-1.jpg?w=580&amp;ssl=1 580w, https:\/\/i0.wp.com\/eltrabajo.cl\/portal\/wp-content\/uploads\/2020\/04\/Grave1-1.jpg?resize=300%2C186&amp;ssl=1 300w, https:\/\/i0.wp.com\/eltrabajo.cl\/portal\/wp-content\/uploads\/2020\/04\/Grave1-1.jpg?resize=200%2C124&amp;ssl=1 200w, https:\/\/i0.wp.com\/eltrabajo.cl\/portal\/wp-content\/uploads\/2020\/04\/Grave1-1.jpg?resize=242%2C150&amp;ssl=1 242w, https:\/\/i0.wp.com\/eltrabajo.cl\/portal\/wp-content\/uploads\/2020\/04\/Grave1-1.jpg?resize=400%2C248&amp;ssl=1 400w\" sizes=\"auto, (max-width: 580px) 100vw, 580px\" \/><figcaption id=\"caption-attachment-98132\" class=\"wp-caption-text\">VIVE DE MILAGRO.- En este lugar ocurri\u00f3 el fatal accidente, la flecha indica la altura de la que cay\u00f3 Roberto C\u00f3rdova.<\/figcaption><\/figure>\n<p>&nbsp;<\/p>\n<figure id=\"attachment_98131\" aria-describedby=\"caption-attachment-98131\" style=\"width: 580px\" class=\"wp-caption alignnone\"><img data-recalc-dims=\"1\" loading=\"lazy\" decoding=\"async\" class=\"size-full wp-image-98131\" src=\"https:\/\/i0.wp.com\/www.eltrabajo.cl\/portal\/wp-content\/uploads\/2020\/04\/Grave_Roberto-Cordova.jpg?resize=580%2C598\" alt=\"Roberto C\u00f3rdova sigue muy mal en la UCI del Van Buren, en Valpara\u00edso.\" width=\"580\" height=\"598\" srcset=\"https:\/\/i0.wp.com\/eltrabajo.cl\/portal\/wp-content\/uploads\/2020\/04\/Grave_Roberto-Cordova.jpg?w=580&amp;ssl=1 580w, https:\/\/i0.wp.com\/eltrabajo.cl\/portal\/wp-content\/uploads\/2020\/04\/Grave_Roberto-Cordova.jpg?resize=291%2C300&amp;ssl=1 291w, https:\/\/i0.wp.com\/eltrabajo.cl\/portal\/wp-content\/uploads\/2020\/04\/Grave_Roberto-Cordova.jpg?resize=145%2C150&amp;ssl=1 145w, https:\/\/i0.wp.com\/eltrabajo.cl\/portal\/wp-content\/uploads\/2020\/04\/Grave_Roberto-Cordova.jpg?resize=400%2C412&amp;ssl=1 400w\" sizes=\"auto, (max-width: 580px) 100vw, 580px\" \/><figcaption id=\"caption-attachment-98131\" class=\"wp-caption-text\">Roberto C\u00f3rdova sigue muy mal en la UCI del Van Buren, en Valpara\u00edso.<\/figcaption><\/figure>\n<p>&nbsp;<\/p>\n<figure id=\"attachment_98130\" aria-describedby=\"caption-attachment-98130\" style=\"width: 580px\" class=\"wp-caption alignnone\"><img data-recalc-dims=\"1\" loading=\"lazy\" decoding=\"async\" class=\"size-full wp-image-98130\" src=\"https:\/\/i0.wp.com\/www.eltrabajo.cl\/portal\/wp-content\/uploads\/2020\/04\/Grave_Guillermo-Cordova.jpg?resize=580%2C600\" alt=\"Guillermo C\u00f3rdova, \u00fanico hijo de Roberto, hoy le responde en todo terreno.\" width=\"580\" height=\"600\" srcset=\"https:\/\/i0.wp.com\/eltrabajo.cl\/portal\/wp-content\/uploads\/2020\/04\/Grave_Guillermo-Cordova.jpg?w=580&amp;ssl=1 580w, https:\/\/i0.wp.com\/eltrabajo.cl\/portal\/wp-content\/uploads\/2020\/04\/Grave_Guillermo-Cordova.jpg?resize=290%2C300&amp;ssl=1 290w, https:\/\/i0.wp.com\/eltrabajo.cl\/portal\/wp-content\/uploads\/2020\/04\/Grave_Guillermo-Cordova.jpg?resize=145%2C150&amp;ssl=1 145w, https:\/\/i0.wp.com\/eltrabajo.cl\/portal\/wp-content\/uploads\/2020\/04\/Grave_Guillermo-Cordova.jpg?resize=400%2C414&amp;ssl=1 400w\" sizes=\"auto, (max-width: 580px) 100vw, 580px\" \/><figcaption id=\"caption-attachment-98130\" class=\"wp-caption-text\">Guillermo C\u00f3rdova, \u00fanico hijo de Roberto, hoy le responde en todo terreno.<\/figcaption><\/figure>\n","protected":false},"excerpt":{"rendered":"<p>Roberto C\u00f3rdova a\u00fan necesita m\u00e1s sangre: Luego que cayera desde una pasarela peatonal de una altura de 12 metros la tarde del viernes 3 de abril, el maestro de construcci\u00f3n Roberto C\u00f3rdova&#8230;<\/p>\n","protected":false},"author":482,"featured_media":98132,"comment_status":"open","ping_status":"open","sticky":false,"template":"","format":"standard","meta":{"advanced_seo_description":"","jetpack_seo_html_title":"","jetpack_seo_noindex":false,"_jetpack_memberships_contains_paid_content":false,"footnotes":""},"categories":[15],"tags":[],"class_list":["post-98129","post","type-post","status-publish","format-standard","has-post-thumbnail","hentry","category-comunidad"],"jetpack_featured_media_url":"https:\/\/i0.wp.com\/eltrabajo.cl\/portal\/wp-content\/uploads\/2020\/04\/Grave1-1.jpg?fit=580%2C359&ssl=1","jetpack_sharing_enabled":true,"jetpack_likes_enabled":true,"jetpack-related-posts":[],"_links":{"self":[{"href":"https:\/\/eltrabajo.cl\/portal\/wp-json\/wp\/v2\/posts\/98129","targetHints":{"allow":["GET"]}}],"collection":[{"href":"https:\/\/eltrabajo.cl\/portal\/wp-json\/wp\/v2\/posts"}],"about":[{"href":"https:\/\/eltrabajo.cl\/portal\/wp-json\/wp\/v2\/types\/post"}],"author":[{"embeddable":true,"href":"https:\/\/eltrabajo.cl\/portal\/wp-json\/wp\/v2\/users\/482"}],"replies":[{"embeddable":true,"href":"https:\/\/eltrabajo.cl\/portal\/wp-json\/wp\/v2\/comments?post=98129"}],"version-history":[{"count":0,"href":"https:\/\/eltrabajo.cl\/portal\/wp-json\/wp\/v2\/posts\/98129\/revisions"}],"wp:featuredmedia":[{"embeddable":true,"href":"https:\/\/eltrabajo.cl\/portal\/wp-json\/wp\/v2\/media\/98132"}],"wp:attachment":[{"href":"https:\/\/eltrabajo.cl\/portal\/wp-json\/wp\/v2\/media?parent=98129"}],"wp:term":[{"taxonomy":"category","embeddable":true,"href":"https:\/\/eltrabajo.cl\/portal\/wp-json\/wp\/v2\/categories?post=98129"},{"taxonomy":"post_tag","embeddable":true,"href":"https:\/\/eltrabajo.cl\/portal\/wp-json\/wp\/v2\/tags?post=98129"}],"curies":[{"name":"wp","href":"https:\/\/api.w.org\/{rel}","templated":true}]}}