{"id":98139,"date":"2020-04-14T02:23:18","date_gmt":"2020-04-14T06:23:18","guid":{"rendered":"http:\/\/www.eltrabajo.cl\/portal\/?p=98139"},"modified":"2020-04-14T02:23:18","modified_gmt":"2020-04-14T06:23:18","slug":"padre-intento-matar-a-su-hijo-de-5-anos-en-arrebato-emocional","status":"publish","type":"post","link":"https:\/\/eltrabajo.cl\/portal\/padre-intento-matar-a-su-hijo-de-5-anos-en-arrebato-emocional\/","title":{"rendered":"Padre intent\u00f3 matar a su hijo de 5 a\u00f1os en \u2018arrebato emocional\u2019"},"content":{"rendered":"<p>Un ciudadano sanfelipe\u00f1o, cuya identidad no se dio a conocer, fue detenido por efectivos de Carabineros acusado de Parricidio Frustrado, luego que intentara asesinar a golpes y con arma blanca a su hijo de tan solo 5 a\u00f1os de edad.<\/p>\n<p>El hecho se registr\u00f3 la tarde de ayer en San Felipe, poco antes de las 20,00 horas, cuando el actual detenido, en un \u2018arrebato emocional\u2019, intent\u00f3 dar muerte a su propio hijo propin\u00e1ndole varias pu\u00f1aladas y golpes con alg\u00fan elemento contundente.<\/p>\n<p>Luego de perpetrado el brutal ataque, el acusado concurri\u00f3 a la comisar\u00eda de Carabineros para entregarse voluntariamente despu\u00e9s de confesar haber dado muerto a su hijo.<\/p>\n<p>Tras la impactante confesi\u00f3n, personal de Carabineros se dirigi\u00f3 hasta la escena del crimen, ingresando al domicilio del detenido donde pudieron hallar el cuerpo del menor a\u00fan con vida.<\/p>\n<p>Seg\u00fan inform\u00f3 el subcomisario de los Servicios de la 2\u00aa Comisar\u00eda, capit\u00e1n <strong>Franco Herrera Quezada<\/strong>, <em>\u201cCarabineros concurri\u00f3 en forma inmediata hasta este domicilio, encontrando a\u00fan el cuerpo con vida de este menor que anteriormente hab\u00eda sido agredido, el cual manten\u00eda diferentes lesiones producto de arma blanca y elementos contundentes. Carabineros de Chile, debido al estado de gravedad que ten\u00eda este menor, y que su vida se encontraba en un peligro inminente, lo traslad\u00f3 en forma inmediata en el carro policial hasta el servicio de urgencia del hospital San Camilo de San Felipe, donde fue intervenido y actualmente se encuentra con riesgo vital y en espera de su evoluci\u00f3n\u201d.<\/em><\/p>\n<p>Los antecedentes del caso fueron puestos en conocimiento del fiscal de turno, quien dispuso que las pericias en el sitio del suceso sean realizadas por la Brigada de Homicidio de la PDI.<\/p>\n<p>Al cierre de esta edici\u00f3n el imputado se encentraba en custodia de Carabineros , a la espera de la resoluci\u00f3n final del Control de Detenci\u00f3n.<\/p>\n<p>&nbsp;<\/p>\n<p><img data-recalc-dims=\"1\" loading=\"lazy\" decoding=\"async\" class=\"size-full wp-image-98140\" src=\"https:\/\/i0.wp.com\/www.eltrabajo.cl\/portal\/wp-content\/uploads\/2020\/04\/parricdio-frustrado.jpg?resize=580%2C360\" alt=\"El acusado concurri\u00f3 a la comisar\u00eda de Carabineros para entregarse voluntariamente despu\u00e9s de confesar haber dado muerto a su hijo.\" width=\"580\" height=\"360\" srcset=\"https:\/\/i0.wp.com\/eltrabajo.cl\/portal\/wp-content\/uploads\/2020\/04\/parricdio-frustrado.jpg?w=580&amp;ssl=1 580w, https:\/\/i0.wp.com\/eltrabajo.cl\/portal\/wp-content\/uploads\/2020\/04\/parricdio-frustrado.jpg?resize=300%2C186&amp;ssl=1 300w, https:\/\/i0.wp.com\/eltrabajo.cl\/portal\/wp-content\/uploads\/2020\/04\/parricdio-frustrado.jpg?resize=200%2C124&amp;ssl=1 200w, https:\/\/i0.wp.com\/eltrabajo.cl\/portal\/wp-content\/uploads\/2020\/04\/parricdio-frustrado.jpg?resize=242%2C150&amp;ssl=1 242w, https:\/\/i0.wp.com\/eltrabajo.cl\/portal\/wp-content\/uploads\/2020\/04\/parricdio-frustrado.jpg?resize=400%2C248&amp;ssl=1 400w\" sizes=\"auto, (max-width: 580px) 100vw, 580px\" \/><\/p>\n<p>El acusado concurri\u00f3 a la comisar\u00eda de Carabineros para entregarse voluntariamente despu\u00e9s de confesar haber dado muerto a su hijo.<\/p>\n","protected":false},"excerpt":{"rendered":"<p>Un ciudadano sanfelipe\u00f1o, cuya identidad no se dio a conocer, fue detenido por efectivos de Carabineros acusado de Parricidio Frustrado, luego que intentara asesinar a golpes y con arma blanca a su&#8230;<\/p>\n","protected":false},"author":482,"featured_media":98140,"comment_status":"open","ping_status":"open","sticky":false,"template":"","format":"standard","meta":{"advanced_seo_description":"","jetpack_seo_html_title":"","jetpack_seo_noindex":false,"_jetpack_memberships_contains_paid_content":false,"footnotes":""},"categories":[21],"tags":[],"class_list":["post-98139","post","type-post","status-publish","format-standard","has-post-thumbnail","hentry","category-policial"],"jetpack_featured_media_url":"https:\/\/i0.wp.com\/eltrabajo.cl\/portal\/wp-content\/uploads\/2020\/04\/parricdio-frustrado.jpg?fit=580%2C360&ssl=1","jetpack_sharing_enabled":true,"jetpack_likes_enabled":true,"jetpack-related-posts":[],"_links":{"self":[{"href":"https:\/\/eltrabajo.cl\/portal\/wp-json\/wp\/v2\/posts\/98139","targetHints":{"allow":["GET"]}}],"collection":[{"href":"https:\/\/eltrabajo.cl\/portal\/wp-json\/wp\/v2\/posts"}],"about":[{"href":"https:\/\/eltrabajo.cl\/portal\/wp-json\/wp\/v2\/types\/post"}],"author":[{"embeddable":true,"href":"https:\/\/eltrabajo.cl\/portal\/wp-json\/wp\/v2\/users\/482"}],"replies":[{"embeddable":true,"href":"https:\/\/eltrabajo.cl\/portal\/wp-json\/wp\/v2\/comments?post=98139"}],"version-history":[{"count":0,"href":"https:\/\/eltrabajo.cl\/portal\/wp-json\/wp\/v2\/posts\/98139\/revisions"}],"wp:featuredmedia":[{"embeddable":true,"href":"https:\/\/eltrabajo.cl\/portal\/wp-json\/wp\/v2\/media\/98140"}],"wp:attachment":[{"href":"https:\/\/eltrabajo.cl\/portal\/wp-json\/wp\/v2\/media?parent=98139"}],"wp:term":[{"taxonomy":"category","embeddable":true,"href":"https:\/\/eltrabajo.cl\/portal\/wp-json\/wp\/v2\/categories?post=98139"},{"taxonomy":"post_tag","embeddable":true,"href":"https:\/\/eltrabajo.cl\/portal\/wp-json\/wp\/v2\/tags?post=98139"}],"curies":[{"name":"wp","href":"https:\/\/api.w.org\/{rel}","templated":true}]}}