{"id":98145,"date":"2020-04-14T18:34:52","date_gmt":"2020-04-14T22:34:52","guid":{"rendered":"http:\/\/www.eltrabajo.cl\/portal\/?p=98145"},"modified":"2020-04-14T18:34:52","modified_gmt":"2020-04-14T22:34:52","slug":"ricardo-castro-se-niega-a-ver-un-ano-escolar-2020-perdido-por-la-pandemia","status":"publish","type":"post","link":"https:\/\/eltrabajo.cl\/portal\/ricardo-castro-se-niega-a-ver-un-ano-escolar-2020-perdido-por-la-pandemia\/","title":{"rendered":"Ricardo Castro se niega a ver un a\u00f1o escolar 2020 perdido por la pandemia"},"content":{"rendered":"<p><span style=\"color: #c81400;\"><strong>Asegura que sabe de roces y mala convivencia en hogares:<\/strong><\/span><\/p>\n<p>La vida contin\u00faa y la humanidad no logra remontar la ola contra la pandemia mundial del Coronavirus. Algunos pa\u00edses siguen de rodillas ante la crisis, lo que nos lleva tambi\u00e9n a dar una mirada a lo que pasa dentro de los hogares chilenos y puntualmente en los de San Felipe.<\/p>\n<p>Para poder comprender c\u00f3mo la est\u00e1n pasando los ni\u00f1os y adolescentes sin poder salir a jugar con sus amigos ni llenar de alegr\u00eda los patios de sus escuelas, es que hoy en la ma\u00f1ana hablamos con <strong>Ricardo Castro<\/strong>, jefe biprovincial de Educaci\u00f3n San Felipe &#8211; Los Andes, quien nos explic\u00f3 su visi\u00f3n del escenario en el que m\u00e1s de 8.000 estudiantes siguen en su mayor\u00eda recibiendo material de estudio v\u00eda Internet, lo que no ha pasado en Chile en relaci\u00f3n a registros hist\u00f3ricos en este sentido y tambi\u00e9n lo que las autoridades de Gobierno hacen para no hundirnos en la desesperaci\u00f3n como sociedad.<\/p>\n<p>&#8211; <strong>\u00bfCu\u00e1l es el panorama actual en relaci\u00f3n al a\u00f1o lectivo que se suspendi\u00f3 desde hace varias semanas?<\/strong><\/p>\n<p>&#8211; En este momento y acorde a las circunstancias sanitarias el Ministerio de Educaci\u00f3n en concordancia con el Ministerio de Salud ha determinado que las clases se hagan en l\u00ednea un proceso que cada uno de los sostenedores, directores y los directivos y por supuesto los docentes, se comuniquen con sus estudiantes de forma Online.<\/p>\n<p>&#8211; <strong>\u00bfEst\u00e1n ahora de vacaciones los alumnos en todo Chile?<\/strong><\/p>\n<p>&#8211; S\u00ed. En este momento desde el d\u00eda 13 hasta el pr\u00f3ximo 24 de abril hay un periodo de adelanto de vacaciones de invierno, que fue resistido por varios sectores pero el fundamento principal de adelantar las vacaciones de invierno, es que si estas se cursaban en el periodo que correspond\u00eda, se interrump\u00eda el posible regreso a clases presencial, entonces era preferible el mal menor de cortar las clases Online, a estar despu\u00e9s volviendo con los ni\u00f1os a clases y volver a cortar clases presenciales.<\/p>\n<p>&#8211; <strong>Ya se habla de roses, hasta un ni\u00f1o herido por su padre a causa supuestamente del efecto de estar encerrados. \u00bfQu\u00e9 opina al respecto?<\/strong><\/p>\n<p>&#8211; Es cierto que mantener a los estudiantes durante mucho tiempo con las clases Online en sus casas a veces no con las comodidades requeridas y estar viviendo en espacios muy peque\u00f1os y con toda la familia en casa, causa problemas de convivencia, eso es indudable y ya las cifras est\u00e1n indicando aumentos de los roces de los problemas mayores en casa. No tengo cifras oficiales pero s\u00ed por los comentarios que recibo y veo tambi\u00e9n con sentido com\u00fan es que la convivencia es dif\u00edcil a veces aparecen roses o que la familia est\u00e1 regularmente separada por temas de la escuela o el trabajo y no como ahora de estar todos los d\u00edas juntos y es normal somos seres humanos, por lo tanto tenemos de repente a tener malos momentos y chocamos con otro tambi\u00e9n con su mal momento y ah\u00ed vienen los roces. Hay que entender que este es un problema mundial, muchos quisieran irse lejos, pero no hay a d\u00f3nde irse.<\/p>\n<p>&#8211; <strong>\u00bfSabe usted de alguna vez en que Chile haya perdido un a\u00f1o lectivo por la raz\u00f3n que fuese?<\/strong><\/p>\n<p>&#8211; El problema de las pandemias es que hace como un siglo que no nos daba problemas a la humanidad, y hemos tenido que aprender muchas cosas, creo que aparte del teletrabajo y las clases Online yo creo que tambi\u00e9n hay que aprender a convivir a llevar el d\u00eda d\u00eda con la rutina, hay que hacerlo de manera entretenida con algunas conversaciones cuentos no s\u00e9 volver quiz\u00e1s a la \u00e9poca en la que no ten\u00edamos medios de comunicaci\u00f3n como ahora.<\/p>\n<p>&#8211; <strong>Algunos piensan que a fines de mes regresar\u00e1n sus hijos a clases, \u00bfes verdad eso?<\/strong><\/p>\n<p>&#8211; En este momento muchos dec\u00edan que el Ministro de Educaci\u00f3n dec\u00eda que volveremos a clases el 27 de abril, y no es as\u00ed, a lo que el ministro se refiri\u00f3 en su momento es que cuando se acabaran las vacaciones del 24 de abril, el lunes 27 de abril se seguir\u00eda con las clases Online, ese d\u00eda lunes el Ministro va a informar oportunamente pero lo m\u00e1s probable es que se contin\u00fae con la suspensi\u00f3n de clases presenciales y se siga con el trabajo Online, hasta que podamos de acuerdo a la autorizaci\u00f3n de la Autoridad Sanitaria poder regresar a clases y al trabajo normal de todos los chilenos. Ahora, indudablemente nadie tiene una bola de cristal, indudable, ni el Ministro ni el Presidente ni nosotros, todos quisi\u00e9ramos volver a la normalidad por el impacto que est\u00e1 causando esto, pero sacar a la poblaci\u00f3n escolar tenemos a nivel nacional a 3.500.000 estudiantes a la calle, con todo lo que significa este movimiento nos representa un riesgo enorme, en San Felipe son cerca de 8.000 estudiantes entonces imaginar a todos esos miles de estudiantes en la calle no se puede, y eso lo tenemos muy claro en el Ministerio de Educaci\u00f3n, lo que pasa es que quienes dan las directrices los que van guiando el destino del pa\u00eds en estos momentos son las autoridades sanitarias, y de acuerdo a lo que digas estas autoridades sanitarias el Ministerio en su momento ir\u00e1 informando lo que viene despu\u00e9s.<\/p>\n<p>&#8211; <strong>\u00bfRecuerda usted alguna vez en Chile que a lo largo de su historia se perdiera un a\u00f1o escolar completo por alguna raz\u00f3n? \u00bfEstaremos ante esa posibilidad ahora con el Coronavirus?<\/strong><\/p>\n<p>&#8211; No. Que yo tenga recuerdo no, ni siquiera en las \u00e9pocas de mayor crisis del pa\u00eds como las varias cuasi guerras civiles de los a\u00f1os treinta y el conato revolucionario movimientos sociales estos de hace 100 a\u00f1os en los a\u00f1os veinte, y ni siquiera en 1973 con el cambio institucional no hubo algo que gatille un a\u00f1o escolar perdido. Siempre hay esperanza de volver muy pronto a clases con nuestros alumnos, lo que llevamos es un retraso o desfase de s\u00f3lo un par de meses por lo tanto estamos viendo tambi\u00e9n lo que pasa en otros pa\u00edses, por eso los m\u00e1s optimistas creemos que a fines de mayo o junio estar\u00edamos retomando el a\u00f1o escolar, pero tenemos que esperar que esto llegue a su Pick a su punto m\u00e1s alto y que luego la curva entre en descenso.<\/p>\n<p>&#8211; <strong>\u00bfQu\u00e9 fases o etapas deben cumplirse para que se pueda reanudar el a\u00f1o escolar?<\/strong><\/p>\n<p>&#8211; Para contemplar el regreso a clases se tendr\u00e1 que partir con un diagn\u00f3stico primeramente, un diagn\u00f3stico integral para saber c\u00f3mo vienen los ni\u00f1os emocionalmente, y luego c\u00f3mo vienen respecto al aprendizajes del periodo en casa u Online, porque son ni\u00f1os que vienen de ser sometidos a un estr\u00e9s muy fuerte pues nunca hab\u00edamos vivido esto. En segundo lugar tendremos que hacer una nivelaci\u00f3n de estudios, esto porque los aprendizajes Online no son iguales que el presencial, porque algunos ni\u00f1os podr\u00e1n tener mucha tecnolog\u00eda y otros quiz\u00e1s ninguna, y aunque el Ministerio siempre est\u00e9 enviando textos el caso es que esto no es igual, o sea, que luego del diagn\u00f3stico integral, tiene que hacerse una nivelaci\u00f3n muy grande, y luego en una tercera fase habr\u00e1 que trabajar con un curr\u00edculo prioritario en el cual se dejar\u00e1n ciertas materias en el cual se dejar\u00e1n ciertas materias contenido y habilidades para desarrollarlos en lo que reste del a\u00f1o, y luego en 2021 se har\u00eda un proceso de reciclaje y nivelaci\u00f3n para que los alumnos no pierdan lo aprendido.<\/p>\n<p>&#8211; <strong>\u00bfVe usted la posibilidad de perder este a\u00f1o lectivo a ra\u00edz de la pandemia?<\/strong><\/p>\n<p>&#8211; No. En cuanto a que 2020 est\u00e9 perdido no, tengo la esperanza de que vamos a tener un segundo semestre relativamente normal, lo que no ser\u00e1 normal son los niveles de aprendizaje y eso requiere como ya dije, un diagn\u00f3stico y una nivelaci\u00f3n para todos los niveles del mundo escolar. Por eso no me planteo un escenario en el que no logremos salir adelante, soy optimista y s\u00e9 que lograremos salir todos.<\/p>\n<p><strong><em>Los interesados en enviar alguna queja o solicitud para recibir asesor\u00eda con el tema de los estudios de sus hijos en casa, pueden escribir a partes_dsf@mineduc.cl, o tambi\u00e9n para denunciar cualquier situaci\u00f3n an\u00f3mala<\/em><\/strong>.<\/p>\n<p><strong>Roberto Gonz\u00e1lez Short<\/strong><\/p>\n<p>&nbsp;<\/p>\n<figure id=\"attachment_98147\" aria-describedby=\"caption-attachment-98147\" style=\"width: 580px\" class=\"wp-caption alignnone\"><img data-recalc-dims=\"1\" loading=\"lazy\" decoding=\"async\" class=\"size-full wp-image-98147\" src=\"https:\/\/i0.wp.com\/www.eltrabajo.cl\/portal\/wp-content\/uploads\/2020\/04\/Clases1.jpg?resize=580%2C600\" alt=\"MATERIAL DISPONIBLE.- El alto funcionario mostr\u00f3 a Diario El Trabajo parte de la literatura y material did\u00e1ctico disponible para que profesores de lo retiren y puedan trabajar con sus alumnos.\" width=\"580\" height=\"600\" srcset=\"https:\/\/i0.wp.com\/eltrabajo.cl\/portal\/wp-content\/uploads\/2020\/04\/Clases1.jpg?w=580&amp;ssl=1 580w, https:\/\/i0.wp.com\/eltrabajo.cl\/portal\/wp-content\/uploads\/2020\/04\/Clases1.jpg?resize=290%2C300&amp;ssl=1 290w, https:\/\/i0.wp.com\/eltrabajo.cl\/portal\/wp-content\/uploads\/2020\/04\/Clases1.jpg?resize=145%2C150&amp;ssl=1 145w, https:\/\/i0.wp.com\/eltrabajo.cl\/portal\/wp-content\/uploads\/2020\/04\/Clases1.jpg?resize=400%2C414&amp;ssl=1 400w\" sizes=\"auto, (max-width: 580px) 100vw, 580px\" \/><figcaption id=\"caption-attachment-98147\" class=\"wp-caption-text\">MATERIAL DISPONIBLE.- El alto funcionario mostr\u00f3 a Diario El Trabajo parte de la literatura y material did\u00e1ctico disponible para que profesores de lo retiren y puedan trabajar con sus alumnos.<\/figcaption><\/figure>\n<p><strong>\u00a0<\/strong><\/p>\n<p><strong>\u00a0<\/strong><\/p>\n<p><strong>Clases1<\/strong>|&#8212;-<\/p>\n<p>MATERIAL DISPONIBLE.- El alto funcionario mostr\u00f3 a Diario El Trabajo parte de la literatura y material did\u00e1ctico disponible para que profesores de lo retiren y puedan trabajar con sus alumnos.<\/p>\n<p>&nbsp;<\/p>\n<p><strong>clases_Ricardo Castro<\/strong>&#8212;-<\/p>\n<p>Ricardo Castro, jefe biprovincial de Educaci\u00f3n San Felipe &#8211; Los Andes.<\/p>\n","protected":false},"excerpt":{"rendered":"<p>Asegura que sabe de roces y mala convivencia en hogares: La vida contin\u00faa y la humanidad no logra remontar la ola contra la pandemia mundial del Coronavirus. Algunos pa\u00edses siguen de rodillas&#8230;<\/p>\n","protected":false},"author":482,"featured_media":98146,"comment_status":"open","ping_status":"open","sticky":false,"template":"","format":"standard","meta":{"advanced_seo_description":"","jetpack_seo_html_title":"","jetpack_seo_noindex":false,"_jetpack_memberships_contains_paid_content":false,"footnotes":""},"categories":[15],"tags":[],"class_list":["post-98145","post","type-post","status-publish","format-standard","has-post-thumbnail","hentry","category-comunidad"],"jetpack_featured_media_url":"https:\/\/i0.wp.com\/eltrabajo.cl\/portal\/wp-content\/uploads\/2020\/04\/Clases_Ricardo-Castro.jpg?fit=580%2C359&ssl=1","jetpack_sharing_enabled":true,"jetpack_likes_enabled":true,"jetpack-related-posts":[],"_links":{"self":[{"href":"https:\/\/eltrabajo.cl\/portal\/wp-json\/wp\/v2\/posts\/98145","targetHints":{"allow":["GET"]}}],"collection":[{"href":"https:\/\/eltrabajo.cl\/portal\/wp-json\/wp\/v2\/posts"}],"about":[{"href":"https:\/\/eltrabajo.cl\/portal\/wp-json\/wp\/v2\/types\/post"}],"author":[{"embeddable":true,"href":"https:\/\/eltrabajo.cl\/portal\/wp-json\/wp\/v2\/users\/482"}],"replies":[{"embeddable":true,"href":"https:\/\/eltrabajo.cl\/portal\/wp-json\/wp\/v2\/comments?post=98145"}],"version-history":[{"count":0,"href":"https:\/\/eltrabajo.cl\/portal\/wp-json\/wp\/v2\/posts\/98145\/revisions"}],"wp:featuredmedia":[{"embeddable":true,"href":"https:\/\/eltrabajo.cl\/portal\/wp-json\/wp\/v2\/media\/98146"}],"wp:attachment":[{"href":"https:\/\/eltrabajo.cl\/portal\/wp-json\/wp\/v2\/media?parent=98145"}],"wp:term":[{"taxonomy":"category","embeddable":true,"href":"https:\/\/eltrabajo.cl\/portal\/wp-json\/wp\/v2\/categories?post=98145"},{"taxonomy":"post_tag","embeddable":true,"href":"https:\/\/eltrabajo.cl\/portal\/wp-json\/wp\/v2\/tags?post=98145"}],"curies":[{"name":"wp","href":"https:\/\/api.w.org\/{rel}","templated":true}]}}