{"id":98156,"date":"2020-04-14T18:45:27","date_gmt":"2020-04-14T22:45:27","guid":{"rendered":"http:\/\/www.eltrabajo.cl\/portal\/?p=98156"},"modified":"2020-04-14T18:59:04","modified_gmt":"2020-04-14T22:59:04","slug":"tribunal-deja-en-prision-preventiva-a-padre-que-intento-matar-a-hijo-de-5-anos","status":"publish","type":"post","link":"https:\/\/eltrabajo.cl\/portal\/tribunal-deja-en-prision-preventiva-a-padre-que-intento-matar-a-hijo-de-5-anos\/","title":{"rendered":"Tribunal deja en prisi\u00f3n preventiva a padre que intent\u00f3 matar a hijo de 5 a\u00f1os"},"content":{"rendered":"<p>En prisi\u00f3n preventiva tras ser formalizado por Parricidio Frustrado, qued\u00f3 el padre que la noche de este lunes apu\u00f1al\u00f3 a su hijo de 5 a\u00f1os al interior de su propio hogar.<\/p>\n<p>Lo anterior fue confirmado por el abogado defensor <strong>Carlos Guti\u00e9rrez<\/strong>, quien indic\u00f3 que las circunstancias de este hecho son bastante particulares: <em>\u201cLa actitud de mi representado fue causante de la generaci\u00f3n autom\u00e1tica de una atenuante que debiendo haber podido eludir la acci\u00f3n de la justicia, \u00e9l se entrega voluntariamente y confiesa el delito. La verdad que mi representado es una persona sin antecedentes penales. Por los propios dichos de la suegra, si se puede decir as\u00ed, aunque no estaba casado con la madre del ni\u00f1o, \u00e9l era un excelente padre, era una persona muy preocupada de su hijo, que aportaba a su mantenci\u00f3n de manera peri\u00f3dica, e incluso la madre del ni\u00f1o retir\u00f3 una demanda por alimento porque \u00e9l se comportaba de una manera adecuada en la mantenci\u00f3n del ni\u00f1o, pese a no tenerlo a su cuidado. Y las circunstancias de los hechos me hicieron mucha fuerza para discutir una inimputabilidad de mi representado, no completa, pero s\u00ed sea a lo menos rebajada, teniendo presente que \u00e9l adolec\u00eda de ciertos problemas psicol\u00f3gicos que lo ten\u00edan bajo un tratamiento, y que por eso una vez haberse dado cuenta de lo que hab\u00eda hecho, lo llev\u00f3 a tomar esa actitud completamente razonable, si se puede decir as\u00ed, e ir a entregarse a la polic\u00eda. Las circunstancias del hecho dan cuenta de una persona que no estaba mentalmente bien\u201d,<\/em> se\u00f1al\u00f3.<\/p>\n<p>Consultado el defensor si este hecho se puede relacionar con alg\u00fan tipo de consumo de droga, indic\u00f3 que <em>\u201cla verdad es que por lo menos al momento de la comisi\u00f3n del hecho y esto le fue consultado a la Polic\u00eda de Investigaciones, la verdad es que mi representado neg\u00f3 haber estado bajo el consumo de droga. Esto es m\u00e1s complejo, es un tema psiqui\u00e1trico que ser\u00e1 materia de la investigaci\u00f3n\u201d,<\/em> indic\u00f3 el abogado defensor Carlos Guti\u00e9rrez.<\/p>\n<p>&#8211; <strong>\u00bfPor qu\u00e9 fue llevado a Quillota y no a la c\u00e1rcel de San Felipe?<\/strong><\/p>\n<p>&#8211; La verdad que tanto funcionarios de Gendarmer\u00eda como funcionarios del Tribunal indicaron que la c\u00e1rcel de San Felipe no ten\u00eda las condiciones para garantizar la seguridad de mi representado. La verdad que yo me opuse a que se aplicara la medida cautelar de la prisi\u00f3n preventiva por el Covid-19, que es una circunstancia l\u00f3gica y objetiva del hacinamiento en que se encuentran las c\u00e1rceles, un lugar que no puede garantizar que una persona no contagie a otra. El distanciamiento m\u00ednimo no se da, existen dormitorios con 30 personas y Quillota es una c\u00e1rcel que al Tribunal y a la defensa por lo menos, le dio garant\u00eda que iba a poder\u00a0 estar separado de la poblaci\u00f3n penal.<\/p>\n<p>Cabe recordar que la noche de este lunes, a eso de las 20:00 horas, el sujeto se present\u00f3 en el cuartel de Carabineros de San Felipe, indicando que hab\u00eda matado a su hijo. Debido a esto personal policial se traslad\u00f3 al domicilio ubicado en calle Duc\u00f3, donde encontr\u00f3 al menor a\u00fan con signos vitales, con heridas en su cuerpo, tomando la decisi\u00f3n de trasladarlo de inmediato al Hospital San Camilo donde permanece internado con riesgo vital.<\/p>\n<p>Junto con la prisi\u00f3n preventiva, el Tribunal de Garant\u00eda otorg\u00f3 un plazo de cierre de investigaci\u00f3n de 180 d\u00edas.<\/p>\n<p>Nombre de pila del menor es Elian.<\/p>\n<p>El imputado, en tanto, fue identificado con las iniciales <strong>F.Ch.<\/strong><\/p>\n<p>Finalmente hay que destacar que la madre del menor sostuvo que el padre le hab\u00eda dicho que tuvo un sue\u00f1o que le indicaba que deb\u00eda matar al hijo (ver nota aparte).<\/p>\n<p>&nbsp;<\/p>\n<figure id=\"attachment_98161\" aria-describedby=\"caption-attachment-98161\" style=\"width: 577px\" class=\"wp-caption alignnone\"><img data-recalc-dims=\"1\" loading=\"lazy\" decoding=\"async\" class=\"size-full wp-image-98161\" src=\"https:\/\/i0.wp.com\/www.eltrabajo.cl\/portal\/wp-content\/uploads\/2020\/04\/imputado-parricdio-frustrado-1.jpg?resize=577%2C360\" alt=\"El imputado en el momento que sal\u00eda desde el cuartel de Carabineros de San Felipe.\" width=\"577\" height=\"360\" srcset=\"https:\/\/i0.wp.com\/eltrabajo.cl\/portal\/wp-content\/uploads\/2020\/04\/imputado-parricdio-frustrado-1.jpg?w=577&amp;ssl=1 577w, https:\/\/i0.wp.com\/eltrabajo.cl\/portal\/wp-content\/uploads\/2020\/04\/imputado-parricdio-frustrado-1.jpg?resize=300%2C187&amp;ssl=1 300w, https:\/\/i0.wp.com\/eltrabajo.cl\/portal\/wp-content\/uploads\/2020\/04\/imputado-parricdio-frustrado-1.jpg?resize=200%2C125&amp;ssl=1 200w, https:\/\/i0.wp.com\/eltrabajo.cl\/portal\/wp-content\/uploads\/2020\/04\/imputado-parricdio-frustrado-1.jpg?resize=240%2C150&amp;ssl=1 240w, https:\/\/i0.wp.com\/eltrabajo.cl\/portal\/wp-content\/uploads\/2020\/04\/imputado-parricdio-frustrado-1.jpg?resize=400%2C250&amp;ssl=1 400w\" sizes=\"auto, (max-width: 577px) 100vw, 577px\" \/><figcaption id=\"caption-attachment-98161\" class=\"wp-caption-text\">El imputado en el momento que sal\u00eda desde el cuartel de Carabineros de San Felipe.<\/figcaption><\/figure>\n<p>&nbsp;<\/p>\n<figure id=\"attachment_98159\" aria-describedby=\"caption-attachment-98159\" style=\"width: 580px\" class=\"wp-caption alignnone\"><img data-recalc-dims=\"1\" loading=\"lazy\" decoding=\"async\" class=\"size-full wp-image-98159\" src=\"https:\/\/i0.wp.com\/www.eltrabajo.cl\/portal\/wp-content\/uploads\/2020\/04\/Gutierrez-1.jpg?resize=580%2C660\" alt=\"Carlos Guti\u00e9rrez, abogado defensor del imputado.\" width=\"580\" height=\"660\" srcset=\"https:\/\/i0.wp.com\/eltrabajo.cl\/portal\/wp-content\/uploads\/2020\/04\/Gutierrez-1.jpg?w=580&amp;ssl=1 580w, https:\/\/i0.wp.com\/eltrabajo.cl\/portal\/wp-content\/uploads\/2020\/04\/Gutierrez-1.jpg?resize=264%2C300&amp;ssl=1 264w, https:\/\/i0.wp.com\/eltrabajo.cl\/portal\/wp-content\/uploads\/2020\/04\/Gutierrez-1.jpg?resize=132%2C150&amp;ssl=1 132w, https:\/\/i0.wp.com\/eltrabajo.cl\/portal\/wp-content\/uploads\/2020\/04\/Gutierrez-1.jpg?resize=400%2C455&amp;ssl=1 400w\" sizes=\"auto, (max-width: 580px) 100vw, 580px\" \/><figcaption id=\"caption-attachment-98159\" class=\"wp-caption-text\">Carlos Guti\u00e9rrez, abogado defensor del imputado.<\/figcaption><\/figure>\n","protected":false},"excerpt":{"rendered":"<p>En prisi\u00f3n preventiva tras ser formalizado por Parricidio Frustrado, qued\u00f3 el padre que la noche de este lunes apu\u00f1al\u00f3 a su hijo de 5 a\u00f1os al interior de su propio hogar. Lo&#8230;<\/p>\n","protected":false},"author":482,"featured_media":98161,"comment_status":"open","ping_status":"open","sticky":false,"template":"","format":"standard","meta":{"advanced_seo_description":"","jetpack_seo_html_title":"","jetpack_seo_noindex":false,"_jetpack_memberships_contains_paid_content":false,"footnotes":""},"categories":[97],"tags":[],"class_list":["post-98156","post","type-post","status-publish","format-standard","has-post-thumbnail","hentry","category-tribunales"],"jetpack_featured_media_url":"https:\/\/i0.wp.com\/eltrabajo.cl\/portal\/wp-content\/uploads\/2020\/04\/imputado-parricdio-frustrado-1.jpg?fit=577%2C360&ssl=1","jetpack_sharing_enabled":true,"jetpack_likes_enabled":true,"jetpack-related-posts":[],"_links":{"self":[{"href":"https:\/\/eltrabajo.cl\/portal\/wp-json\/wp\/v2\/posts\/98156","targetHints":{"allow":["GET"]}}],"collection":[{"href":"https:\/\/eltrabajo.cl\/portal\/wp-json\/wp\/v2\/posts"}],"about":[{"href":"https:\/\/eltrabajo.cl\/portal\/wp-json\/wp\/v2\/types\/post"}],"author":[{"embeddable":true,"href":"https:\/\/eltrabajo.cl\/portal\/wp-json\/wp\/v2\/users\/482"}],"replies":[{"embeddable":true,"href":"https:\/\/eltrabajo.cl\/portal\/wp-json\/wp\/v2\/comments?post=98156"}],"version-history":[{"count":0,"href":"https:\/\/eltrabajo.cl\/portal\/wp-json\/wp\/v2\/posts\/98156\/revisions"}],"wp:featuredmedia":[{"embeddable":true,"href":"https:\/\/eltrabajo.cl\/portal\/wp-json\/wp\/v2\/media\/98161"}],"wp:attachment":[{"href":"https:\/\/eltrabajo.cl\/portal\/wp-json\/wp\/v2\/media?parent=98156"}],"wp:term":[{"taxonomy":"category","embeddable":true,"href":"https:\/\/eltrabajo.cl\/portal\/wp-json\/wp\/v2\/categories?post=98156"},{"taxonomy":"post_tag","embeddable":true,"href":"https:\/\/eltrabajo.cl\/portal\/wp-json\/wp\/v2\/tags?post=98156"}],"curies":[{"name":"wp","href":"https:\/\/api.w.org\/{rel}","templated":true}]}}