{"id":98164,"date":"2020-04-14T19:05:12","date_gmt":"2020-04-14T23:05:12","guid":{"rendered":"http:\/\/www.eltrabajo.cl\/portal\/?p=98164"},"modified":"2020-04-14T19:05:12","modified_gmt":"2020-04-14T23:05:12","slug":"madre-del-pequeno-elian-dice-que-su-ex-pareja-habia-sonado-que-el-estaba-matando-a-su-hijo-y-lo-convirtio-en-realidad","status":"publish","type":"post","link":"https:\/\/eltrabajo.cl\/portal\/madre-del-pequeno-elian-dice-que-su-ex-pareja-habia-sonado-que-el-estaba-matando-a-su-hijo-y-lo-convirtio-en-realidad\/","title":{"rendered":"Madre del peque\u00f1o Elian dice que su ex pareja\u00a0 \u201chab\u00eda so\u00f1ado que \u00e9l estaba matando a su hijo y lo convirti\u00f3 en realidad\u201d"},"content":{"rendered":"<p>Momentos de tensi\u00f3n se vivieron durante la ma\u00f1ana de hoy afuera del Tribunal de Garant\u00eda de San Felipe, donde se llevar\u00eda a cabo la audiencia de control de detenci\u00f3n de <strong>F.Ch.<\/strong>, acusado de haber apu\u00f1alado a su hijo de cinco a\u00f1os la noche de este lunes.<\/p>\n<p>En el lugar pudimos conversar con <strong>Katherine Leiva de la Barrera<\/strong>, madre de Elian, el menor de 5 a\u00f1os que se debate entre la vida y la muerte. Seg\u00fan indic\u00f3 la madre, ellos no quer\u00edan hacer justicia por sus manos, <em>\u201cpero s\u00ed le vamos a gritar cosas, esto no va a quedar as\u00ed, yo quiero que \u00e9l quede preso, que se haga justicia por mi hijo, que no salga y todo eso. Ahora vengo llegando de la casa porque me fui a cambiar ropa despu\u00e9s de estar toda la noche, y la hermana llega y me insulta, me dice cosas mientras yo estaba hablando con un psic\u00f3logo que me llam\u00f3 y me insulta. Lo justifican, lo defienden al imb\u00e9cil que le hizo da\u00f1o a su sobrino, lo defienden en todas las cosas, as\u00ed es que yo estoy tranquila porque mi hijo va a salir de donde est\u00e1; \u00e9l en este momento est\u00e1 grave, est\u00e1 con riesgo vital, pero yo s\u00e9 que mi hijo va a salir de donde est\u00e1 y yo lo voy a tener luego en mi casa\u201d,<\/em> se\u00f1al\u00f3.<\/p>\n<p>&#8211; <strong>\u00bfCu\u00e1l crees usted que es el motivo principal de esta agresi\u00f3n hacia su hijo, como para ir descartando las malas opiniones o descalificaciones?<\/strong><\/p>\n<p>&#8211; Por lo que me dijo Carabineros \u00e9l estaba drogado, que \u00e9l estaba empastillado y que \u00e9l hab\u00eda dicho en su declaraci\u00f3n que hab\u00eda so\u00f1ado que estaba matando a su hijo y \u00e9l lo convirti\u00f3 en realidad.<\/p>\n<p>&#8211; <strong>\u00bfUstedes eran pareja todav\u00eda o cual es la situaci\u00f3n de ustedes?<\/strong><\/p>\n<p>&#8211; No, nosotros llevamos tres a\u00f1os separados. Obviamente yo lo dejaba ver a su hijo, porque yo no soy quien para quitarle el derecho, porque es el derecho de mi hijo tambi\u00e9n. Yo lo dejaba, se lo llevaba, \u00e9l nunca le hab\u00eda hecho nada, en este momento no s\u00e9 por qu\u00e9 lo hizo\u2026 no lo entiendo, no entiendo qu\u00e9 pas\u00f3 por su mente.<\/p>\n<p>&#8211; <strong>\u00bfSu hijo le comentaba de alg\u00fan signo de violencia del padre hac\u00eda \u00e9l, en las visitas hab\u00eda alg\u00fan tipo de altercado o roce cuando se visitaban o no?<\/strong><\/p>\n<p>&#8211; No, mi hijo adoraba a su pap\u00e1, \u00e9l siempre preguntaba por su pap\u00e1, a qu\u00e9 hora lo iba a ir a buscar, le mandaba mensajes por WhatsApp dici\u00e9ndole: <em>\u201cpap\u00e1 a qu\u00e9 hora me vas a ir a buscar\u201d\u2026<\/em> cosas as\u00ed, y \u00e9l respond\u00eda: <em>\u201cya hijo, saliendo del trabajo te voy a buscar\u201d,<\/em> se lo llevaba y yo confiaba en \u00e9l\u2026 yo confiaba en \u00e9l como mam\u00e1\u2026 su pap\u00e1, yo confiaba en \u00e9l.<\/p>\n<p>&#8211; <strong>\u00bfC\u00f3mo era su relaci\u00f3n con el padre?<\/strong><\/p>\n<p>&#8211; La relaci\u00f3n que yo ten\u00eda con \u00e9l\u2026 pucha era mala, pero siempre dejamos a mi hijo de lado, de las peleas que nosotros ten\u00edamos, siempre eran aparte las peleas.<\/p>\n<p>&#8211; <strong>En la interna suya qu\u00e9 piensa que pas\u00f3, porque puede que haya tenido dramas contigo y quiso provocarte un da\u00f1o a trav\u00e9s de t\u00fa hijo, algo que suele suceder, \u00bfpiensas eso tambi\u00e9n?<\/strong><\/p>\n<p>&#8211; S\u00ed, \u00e9l quiso hacerme da\u00f1o a trav\u00e9s de mi hijo.<\/p>\n<p>&#8211; <strong>\u00bfPor qu\u00e9?<\/strong><\/p>\n<p>&#8211; Porque yo a \u00e9l un d\u00eda le dije si ni Dios lo quiera le pasaba algo, yo no iba a llorar por \u00e9l nada porque \u00e9l a m\u00ed un d\u00eda me dej\u00f3 sola cuando\u2026 me dan crisis de p\u00e1nico, me golpe\u00e9 la cabeza y me dej\u00f3 sola, entonces yo le dije que nunca lo iba a llorar, nada si a \u00e9l le pasaba algo.<\/p>\n<p>&#8211; <strong>\u00bfPor esa situaci\u00f3n vivida?<\/strong><\/p>\n<p>&#8211; Claro, entonces a \u00e9l debe haberle dolido y se desquit\u00f3 con mi hijo.<\/p>\n<p>&#8211; <strong>Pero ha vuelto a tener pareja, ha rehecho su vida porque a veces tambi\u00e9n pasa por esos puntos.<\/strong><\/p>\n<p>&#8211; No, yo de los tres a\u00f1os que me separ\u00e9 de \u00e9l no he tenido a nadie, solamente le he dado su espacio a mi hijo y\u2026 disfrutar con mi hijo.<\/p>\n<p>&#8211; <strong>\u00bfC\u00f3mo te llevabas con la familia de \u00e9l?<\/strong><\/p>\n<p>&#8211; Mal, mal, mal.<\/p>\n<p>&#8211; <strong>O sea, de esto tambi\u00e9n mal.<\/strong><\/p>\n<p>&#8211; S\u00ed, porque ellos se met\u00edan en la relaci\u00f3n de nosotros, ellos se met\u00edan en todo, ellos opinaban en todo, me ten\u00edan mala, ellos me tuvieron mala desde un principio.<\/p>\n<p>&#8211; <strong>\u00bfPor qu\u00e9?<\/strong><\/p>\n<p>&#8211; Porque no me quer\u00edan, porque me discriminaban por ser de la 250 y ellos tener un poco m\u00e1s de plata, de lucas, esas cosas.<\/p>\n<p>&nbsp;<\/p>\n<p>Cuenta que ayer tuvo un altercado con el hermano de su expareja: \u201cEstuve en la PDI dando mi declaraci\u00f3n cuando el hermano de <strong>Francisco Chand\u00eda<\/strong> lleg\u00f3 a palabrearme, a amenazarme, que quita la demanda tal por cual y cosas as\u00ed, nos tir\u00f3 el auto encima a todas mis amigas que est\u00e1n aqu\u00ed apoyando, nos tir\u00f3 el auto encima, cre\u00eda que nosotros \u00e9ramos palitroques, no s\u00e9 qu\u00e9 cosa.<\/p>\n<p>S\u00f3lo mantiene la esperanza que su hijo salga bien de esto.<\/p>\n<p>&nbsp;<\/p>\n<figure id=\"attachment_98166\" aria-describedby=\"caption-attachment-98166\" style=\"width: 580px\" class=\"wp-caption alignnone\"><img data-recalc-dims=\"1\" loading=\"lazy\" decoding=\"async\" class=\"size-full wp-image-98166\" src=\"https:\/\/i0.wp.com\/www.eltrabajo.cl\/portal\/wp-content\/uploads\/2020\/04\/Mam%C3%A1.jpg?resize=580%2C359\" alt=\"Katherine Leiva de la Barrera afuera del tribunal.\" width=\"580\" height=\"359\" srcset=\"https:\/\/i0.wp.com\/eltrabajo.cl\/portal\/wp-content\/uploads\/2020\/04\/Mam%C3%A1.jpg?w=580&amp;ssl=1 580w, https:\/\/i0.wp.com\/eltrabajo.cl\/portal\/wp-content\/uploads\/2020\/04\/Mam%C3%A1.jpg?resize=300%2C186&amp;ssl=1 300w, https:\/\/i0.wp.com\/eltrabajo.cl\/portal\/wp-content\/uploads\/2020\/04\/Mam%C3%A1.jpg?resize=200%2C124&amp;ssl=1 200w, https:\/\/i0.wp.com\/eltrabajo.cl\/portal\/wp-content\/uploads\/2020\/04\/Mam%C3%A1.jpg?resize=242%2C150&amp;ssl=1 242w, https:\/\/i0.wp.com\/eltrabajo.cl\/portal\/wp-content\/uploads\/2020\/04\/Mam%C3%A1.jpg?resize=400%2C248&amp;ssl=1 400w\" sizes=\"auto, (max-width: 580px) 100vw, 580px\" \/><figcaption id=\"caption-attachment-98166\" class=\"wp-caption-text\">Katherine Leiva de la Barrera afuera del tribunal.<\/figcaption><\/figure>\n<p>&nbsp;<\/p>\n<figure id=\"attachment_98165\" aria-describedby=\"caption-attachment-98165\" style=\"width: 580px\" class=\"wp-caption alignnone\"><img data-recalc-dims=\"1\" loading=\"lazy\" decoding=\"async\" class=\"size-full wp-image-98165\" src=\"https:\/\/i0.wp.com\/www.eltrabajo.cl\/portal\/wp-content\/uploads\/2020\/04\/Mam%C3%A1-2.jpg?resize=580%2C435\" alt=\"La mam\u00e1 con una polera pidiendo justicia para su hijo Elian.\" width=\"580\" height=\"435\" srcset=\"https:\/\/i0.wp.com\/eltrabajo.cl\/portal\/wp-content\/uploads\/2020\/04\/Mam%C3%A1-2.jpg?w=580&amp;ssl=1 580w, https:\/\/i0.wp.com\/eltrabajo.cl\/portal\/wp-content\/uploads\/2020\/04\/Mam%C3%A1-2.jpg?resize=300%2C225&amp;ssl=1 300w, https:\/\/i0.wp.com\/eltrabajo.cl\/portal\/wp-content\/uploads\/2020\/04\/Mam%C3%A1-2.jpg?resize=200%2C150&amp;ssl=1 200w, https:\/\/i0.wp.com\/eltrabajo.cl\/portal\/wp-content\/uploads\/2020\/04\/Mam%C3%A1-2.jpg?resize=400%2C300&amp;ssl=1 400w\" sizes=\"auto, (max-width: 580px) 100vw, 580px\" \/><figcaption id=\"caption-attachment-98165\" class=\"wp-caption-text\">La mam\u00e1 con una polera pidiendo justicia para su hijo Elian.<\/figcaption><\/figure>\n","protected":false},"excerpt":{"rendered":"<p>Momentos de tensi\u00f3n se vivieron durante la ma\u00f1ana de hoy afuera del Tribunal de Garant\u00eda de San Felipe, donde se llevar\u00eda a cabo la audiencia de control de detenci\u00f3n de F.Ch., acusado&#8230;<\/p>\n","protected":false},"author":482,"featured_media":98166,"comment_status":"open","ping_status":"open","sticky":false,"template":"","format":"standard","meta":{"advanced_seo_description":"","jetpack_seo_html_title":"","jetpack_seo_noindex":false,"_jetpack_memberships_contains_paid_content":false,"footnotes":""},"categories":[15],"tags":[],"class_list":["post-98164","post","type-post","status-publish","format-standard","has-post-thumbnail","hentry","category-comunidad"],"jetpack_featured_media_url":"https:\/\/i0.wp.com\/eltrabajo.cl\/portal\/wp-content\/uploads\/2020\/04\/Mam%C3%A1.jpg?fit=580%2C359&ssl=1","jetpack_sharing_enabled":true,"jetpack_likes_enabled":true,"jetpack-related-posts":[],"_links":{"self":[{"href":"https:\/\/eltrabajo.cl\/portal\/wp-json\/wp\/v2\/posts\/98164","targetHints":{"allow":["GET"]}}],"collection":[{"href":"https:\/\/eltrabajo.cl\/portal\/wp-json\/wp\/v2\/posts"}],"about":[{"href":"https:\/\/eltrabajo.cl\/portal\/wp-json\/wp\/v2\/types\/post"}],"author":[{"embeddable":true,"href":"https:\/\/eltrabajo.cl\/portal\/wp-json\/wp\/v2\/users\/482"}],"replies":[{"embeddable":true,"href":"https:\/\/eltrabajo.cl\/portal\/wp-json\/wp\/v2\/comments?post=98164"}],"version-history":[{"count":0,"href":"https:\/\/eltrabajo.cl\/portal\/wp-json\/wp\/v2\/posts\/98164\/revisions"}],"wp:featuredmedia":[{"embeddable":true,"href":"https:\/\/eltrabajo.cl\/portal\/wp-json\/wp\/v2\/media\/98166"}],"wp:attachment":[{"href":"https:\/\/eltrabajo.cl\/portal\/wp-json\/wp\/v2\/media?parent=98164"}],"wp:term":[{"taxonomy":"category","embeddable":true,"href":"https:\/\/eltrabajo.cl\/portal\/wp-json\/wp\/v2\/categories?post=98164"},{"taxonomy":"post_tag","embeddable":true,"href":"https:\/\/eltrabajo.cl\/portal\/wp-json\/wp\/v2\/tags?post=98164"}],"curies":[{"name":"wp","href":"https:\/\/api.w.org\/{rel}","templated":true}]}}