{"id":98168,"date":"2020-04-15T19:35:10","date_gmt":"2020-04-15T23:35:10","guid":{"rendered":"http:\/\/www.eltrabajo.cl\/portal\/?p=98168"},"modified":"2020-04-15T19:35:10","modified_gmt":"2020-04-15T23:35:10","slug":"el-profesor-roberto-mariani-llama-a-la-gente-a-cuidarse-del-covid-19","status":"publish","type":"post","link":"https:\/\/eltrabajo.cl\/portal\/el-profesor-roberto-mariani-llama-a-la-gente-a-cuidarse-del-covid-19\/","title":{"rendered":"El Profesor Roberto Mariani llama a la gente a cuidarse del Covid \u2013 19"},"content":{"rendered":"<p>Desde su residencia en Argentina, el ex t\u00e9cnico de Uni\u00f3n San Felipe, <strong>Roberto Mariani<\/strong>, dio a conocer sus impresiones por el actual momento que atraviesa el mundo a ra\u00edz de la pandemia del Covid \u2013 19. <em>\u201cEsto (el virus) es el algo endemoniado que est\u00e1 afectando todas las actividades en el mundo entero. El coronavirus es un enemigo artero que no perdona, y por lo mismo hay que tenerle mucho respeto porque puede llevarnos a la muerte\u201d, <\/em>coment\u00f3 el hombre que gui\u00f3 al Un\u00ed Un\u00ed en la hist\u00f3rica campa\u00f1a del a\u00f1o 2009.<\/p>\n<p>El profesor cont\u00f3 a <strong>Diario El Trabajo<\/strong> c\u00f3mo han sido estos d\u00edas para \u00e9l. <em>\u201cAcato todo lo que nos piden las autoridades id\u00f3neas de mi pa\u00eds. Solo queda esperar que se pueda controlar este desastre viral\u201d. <\/em><\/p>\n<p>En el final del contacto, Roberto Marini envi\u00f3 un mensaje a la comunidad de San Felipe y todo el valle de Aconcagua: <em>\u201cNo s\u00e9 qu\u00e9 nos depara el destino; pero quiero decirle y pedirle a la gente de la ciudad y ese hermoso valle, que se cuiden para poder superar este dif\u00edcil momento. Deben hacer caso a lo que indican sus autoridades. En el futuro quiero ir a San Felipe. Es una necesidad que siento en el alma. Solo queda esperar que todo esto pase para poder estar all\u00e1\u201d,<\/em> finaliz\u00f3.<\/p>\n<p>&nbsp;<\/p>\n<figure id=\"attachment_98169\" aria-describedby=\"caption-attachment-98169\" style=\"width: 579px\" class=\"wp-caption alignnone\"><img data-recalc-dims=\"1\" loading=\"lazy\" decoding=\"async\" class=\"size-full wp-image-98169\" src=\"https:\/\/i0.wp.com\/www.eltrabajo.cl\/portal\/wp-content\/uploads\/2020\/04\/mariani.jpg?resize=579%2C600\" alt=\"El ex t\u00e9cnico de Uni\u00f3n San Felipe sigue al pie de la letra las indicaciones que emanan de las autoridades de su pa\u00eds.\" width=\"579\" height=\"600\" srcset=\"https:\/\/i0.wp.com\/eltrabajo.cl\/portal\/wp-content\/uploads\/2020\/04\/mariani.jpg?w=579&amp;ssl=1 579w, https:\/\/i0.wp.com\/eltrabajo.cl\/portal\/wp-content\/uploads\/2020\/04\/mariani.jpg?resize=290%2C300&amp;ssl=1 290w, https:\/\/i0.wp.com\/eltrabajo.cl\/portal\/wp-content\/uploads\/2020\/04\/mariani.jpg?resize=145%2C150&amp;ssl=1 145w, https:\/\/i0.wp.com\/eltrabajo.cl\/portal\/wp-content\/uploads\/2020\/04\/mariani.jpg?resize=400%2C415&amp;ssl=1 400w\" sizes=\"auto, (max-width: 579px) 100vw, 579px\" \/><figcaption id=\"caption-attachment-98169\" class=\"wp-caption-text\">El ex t\u00e9cnico de Uni\u00f3n San Felipe sigue al pie de la letra las indicaciones que emanan de las autoridades de su pa\u00eds.<\/figcaption><\/figure>\n","protected":false},"excerpt":{"rendered":"<p>Desde su residencia en Argentina, el ex t\u00e9cnico de Uni\u00f3n San Felipe, Roberto Mariani, dio a conocer sus impresiones por el actual momento que atraviesa el mundo a ra\u00edz de la pandemia&#8230;<\/p>\n","protected":false},"author":482,"featured_media":98170,"comment_status":"open","ping_status":"open","sticky":false,"template":"","format":"standard","meta":{"advanced_seo_description":"","jetpack_seo_html_title":"","jetpack_seo_noindex":false,"_jetpack_memberships_contains_paid_content":false,"footnotes":""},"categories":[19],"tags":[],"class_list":["post-98168","post","type-post","status-publish","format-standard","has-post-thumbnail","hentry","category-deportes"],"jetpack_featured_media_url":"https:\/\/i0.wp.com\/eltrabajo.cl\/portal\/wp-content\/uploads\/2020\/04\/mariani-copia.jpg?fit=580%2C359&ssl=1","jetpack_sharing_enabled":true,"jetpack_likes_enabled":true,"jetpack-related-posts":[],"_links":{"self":[{"href":"https:\/\/eltrabajo.cl\/portal\/wp-json\/wp\/v2\/posts\/98168","targetHints":{"allow":["GET"]}}],"collection":[{"href":"https:\/\/eltrabajo.cl\/portal\/wp-json\/wp\/v2\/posts"}],"about":[{"href":"https:\/\/eltrabajo.cl\/portal\/wp-json\/wp\/v2\/types\/post"}],"author":[{"embeddable":true,"href":"https:\/\/eltrabajo.cl\/portal\/wp-json\/wp\/v2\/users\/482"}],"replies":[{"embeddable":true,"href":"https:\/\/eltrabajo.cl\/portal\/wp-json\/wp\/v2\/comments?post=98168"}],"version-history":[{"count":0,"href":"https:\/\/eltrabajo.cl\/portal\/wp-json\/wp\/v2\/posts\/98168\/revisions"}],"wp:featuredmedia":[{"embeddable":true,"href":"https:\/\/eltrabajo.cl\/portal\/wp-json\/wp\/v2\/media\/98170"}],"wp:attachment":[{"href":"https:\/\/eltrabajo.cl\/portal\/wp-json\/wp\/v2\/media?parent=98168"}],"wp:term":[{"taxonomy":"category","embeddable":true,"href":"https:\/\/eltrabajo.cl\/portal\/wp-json\/wp\/v2\/categories?post=98168"},{"taxonomy":"post_tag","embeddable":true,"href":"https:\/\/eltrabajo.cl\/portal\/wp-json\/wp\/v2\/tags?post=98168"}],"curies":[{"name":"wp","href":"https:\/\/api.w.org\/{rel}","templated":true}]}}