{"id":98209,"date":"2020-04-17T00:01:28","date_gmt":"2020-04-17T04:01:28","guid":{"rendered":"http:\/\/www.eltrabajo.cl\/portal\/?p=98209"},"modified":"2020-04-17T00:53:03","modified_gmt":"2020-04-17T04:53:03","slug":"fundacion-lepe-de-curimon-abre-concurso-infantil-de-dibujo-online","status":"publish","type":"post","link":"https:\/\/eltrabajo.cl\/portal\/fundacion-lepe-de-curimon-abre-concurso-infantil-de-dibujo-online\/","title":{"rendered":"Fundaci\u00f3n Lepe, de Curim\u00f3n, abre concurso infantil de dibujo Online"},"content":{"rendered":"<p>En Curim\u00f3n desde el 6 de abril se dio inicio al <strong><em>Concurso Cuenta Ilustrado<\/em><\/strong>, en donde los ni\u00f1os podr\u00e1n participar por medio de sus padres, enviando una fotograf\u00eda de una ilustraci\u00f3n o dibujo al estilo libre, inspirada en un cuento infantil a elecci\u00f3n de la selecci\u00f3n de t\u00edtulos digitales dispuestos por la Biblioteca P\u00fablica Crl. Santiago Bueras de Curim\u00f3n.<\/p>\n<p>Todas las familias que quieran participar pueden ingresar al Facebook de <strong>Vivo Curim\u00f3n o de Biblioteca P\u00fablica Crl. Santiago Bueras de Curim\u00f3n <\/strong>y encontrar toda la informaci\u00f3n de las bases, asimismo, tendr\u00e1n plazo de enviar sus ilustraciones desde el 6 de abril hasta el lunes 19 de abril.<\/p>\n<p>Las categor\u00edas del concurso son <strong>Color\u00edn<\/strong> que va desde los 6 a 8 a\u00f1os y <strong>Colorado<\/strong> de 9 a 12 a\u00f1os de edad. Cada participante puede enviar s\u00f3lo una obra, indicando su nombre, el de la obra y su edad. Finalizado el periodo de recepci\u00f3n, las obras se pondr\u00e1n a disposici\u00f3n de toda la comunidad a trav\u00e9s de los Facebook, indicados anteriormente para que sea la misma comunidad quien decida los ganadores durante un periodo de votaci\u00f3n desde el 20 al 22 de abril.<\/p>\n<p>Por \u00faltimo, cabe destacar que los ganadores del concurso ser\u00e1n anunciados durante la ma\u00f1ana del D\u00eda Internacional del Libro el d\u00eda 23 de abril a trav\u00e9s de las p\u00e1ginas de Facebook y posteriormente se entregar\u00e1n los premios a cada uno de sus ganadores.<\/p>\n<p>El concurso patrocinado por Fundaci\u00f3n Lepe a trav\u00e9s de su programa Vivo Curim\u00f3n, que tiene como objetivo estimular el encuentro familiar, invit\u00e1ndoles a ser parte de una actividad l\u00fadica en el periodo de cuarentena por Covid19.<\/p>\n<p>&nbsp;<\/p>\n<figure id=\"attachment_98210\" aria-describedby=\"caption-attachment-98210\" style=\"width: 580px\" class=\"wp-caption alignnone\"><img data-recalc-dims=\"1\" loading=\"lazy\" decoding=\"async\" class=\"size-full wp-image-98210\" src=\"https:\/\/i0.wp.com\/www.eltrabajo.cl\/portal\/wp-content\/uploads\/2020\/04\/Concurso1.jpg?resize=580%2C360\" alt=\"A\u00daN QUEDA TIEMPO.- Cada ni\u00f1o puede hacer su dibujo en casa, luego que los pap\u00e1s le hagan una foto a su obra y la env\u00eden al +56 976161110, o al correo: javiera@fundacionlepe.cl.\" width=\"580\" height=\"360\" srcset=\"https:\/\/i0.wp.com\/eltrabajo.cl\/portal\/wp-content\/uploads\/2020\/04\/Concurso1.jpg?w=580&amp;ssl=1 580w, https:\/\/i0.wp.com\/eltrabajo.cl\/portal\/wp-content\/uploads\/2020\/04\/Concurso1.jpg?resize=300%2C186&amp;ssl=1 300w, https:\/\/i0.wp.com\/eltrabajo.cl\/portal\/wp-content\/uploads\/2020\/04\/Concurso1.jpg?resize=200%2C124&amp;ssl=1 200w, https:\/\/i0.wp.com\/eltrabajo.cl\/portal\/wp-content\/uploads\/2020\/04\/Concurso1.jpg?resize=242%2C150&amp;ssl=1 242w, https:\/\/i0.wp.com\/eltrabajo.cl\/portal\/wp-content\/uploads\/2020\/04\/Concurso1.jpg?resize=400%2C248&amp;ssl=1 400w\" sizes=\"auto, (max-width: 580px) 100vw, 580px\" \/><figcaption id=\"caption-attachment-98210\" class=\"wp-caption-text\">A\u00daN QUEDA TIEMPO.- Cada ni\u00f1o puede hacer su dibujo en casa, luego que los pap\u00e1s le hagan una foto a su obra y la env\u00eden al +56 976161110, o al correo: javiera@fundacionlepe.cl.<\/figcaption><\/figure>\n","protected":false},"excerpt":{"rendered":"<p>En Curim\u00f3n desde el 6 de abril se dio inicio al Concurso Cuenta Ilustrado, en donde los ni\u00f1os podr\u00e1n participar por medio de sus padres, enviando una fotograf\u00eda de una ilustraci\u00f3n o&#8230;<\/p>\n","protected":false},"author":482,"featured_media":98210,"comment_status":"open","ping_status":"open","sticky":false,"template":"","format":"standard","meta":{"advanced_seo_description":"","jetpack_seo_html_title":"","jetpack_seo_noindex":false,"_jetpack_memberships_contains_paid_content":false,"footnotes":""},"categories":[15],"tags":[],"class_list":["post-98209","post","type-post","status-publish","format-standard","has-post-thumbnail","hentry","category-comunidad"],"jetpack_featured_media_url":"https:\/\/i0.wp.com\/eltrabajo.cl\/portal\/wp-content\/uploads\/2020\/04\/Concurso1.jpg?fit=580%2C360&ssl=1","jetpack_sharing_enabled":true,"jetpack_likes_enabled":true,"jetpack-related-posts":[],"_links":{"self":[{"href":"https:\/\/eltrabajo.cl\/portal\/wp-json\/wp\/v2\/posts\/98209","targetHints":{"allow":["GET"]}}],"collection":[{"href":"https:\/\/eltrabajo.cl\/portal\/wp-json\/wp\/v2\/posts"}],"about":[{"href":"https:\/\/eltrabajo.cl\/portal\/wp-json\/wp\/v2\/types\/post"}],"author":[{"embeddable":true,"href":"https:\/\/eltrabajo.cl\/portal\/wp-json\/wp\/v2\/users\/482"}],"replies":[{"embeddable":true,"href":"https:\/\/eltrabajo.cl\/portal\/wp-json\/wp\/v2\/comments?post=98209"}],"version-history":[{"count":0,"href":"https:\/\/eltrabajo.cl\/portal\/wp-json\/wp\/v2\/posts\/98209\/revisions"}],"wp:featuredmedia":[{"embeddable":true,"href":"https:\/\/eltrabajo.cl\/portal\/wp-json\/wp\/v2\/media\/98210"}],"wp:attachment":[{"href":"https:\/\/eltrabajo.cl\/portal\/wp-json\/wp\/v2\/media?parent=98209"}],"wp:term":[{"taxonomy":"category","embeddable":true,"href":"https:\/\/eltrabajo.cl\/portal\/wp-json\/wp\/v2\/categories?post=98209"},{"taxonomy":"post_tag","embeddable":true,"href":"https:\/\/eltrabajo.cl\/portal\/wp-json\/wp\/v2\/tags?post=98209"}],"curies":[{"name":"wp","href":"https:\/\/api.w.org\/{rel}","templated":true}]}}