{"id":98219,"date":"2020-04-17T00:04:24","date_gmt":"2020-04-17T04:04:24","guid":{"rendered":"http:\/\/www.eltrabajo.cl\/portal\/?p=98219"},"modified":"2020-04-17T00:59:20","modified_gmt":"2020-04-17T04:59:20","slug":"carabineros-con-ojo-de-lince-recuperan-auto-de-alta-gama-robado-a-abogado-sanfelipeno","status":"publish","type":"post","link":"https:\/\/eltrabajo.cl\/portal\/carabineros-con-ojo-de-lince-recuperan-auto-de-alta-gama-robado-a-abogado-sanfelipeno\/","title":{"rendered":"Carabineros con ojo de lince recuperan auto de alta gama robado a abogado sanfelipe\u00f1o"},"content":{"rendered":"<p><span style=\"color: #c81400;\"><strong>Ciudad Empresarial:<\/strong><\/span><\/p>\n<p>La perspicacia y el \u2018ojo de lince\u2019 de Carabineros de Huechuraba, permiti\u00f3 recuperar el autom\u00f3vil marca Audi robado en el mes de marzo al abogado de San Felipe, <strong>Eduardo Herrera<\/strong>.<\/p>\n<p>El veh\u00edculo hab\u00eda sido robado desde el interior de su domicilio ubicado en el Lote Villanueva, calle Javiera Carrera de San Felipe.<\/p>\n<p><em>\u00abLo encontraron en la v\u00eda p\u00fablica, estaba sin patente y les caus\u00f3 extra\u00f1eza que un veh\u00edculo estuviera estacionado sin patente. Al acercarse tomaron nota del n\u00famero del chasis, ese lo ingresaron al sistema y como el veh\u00edculo estaba con encargo salt\u00f3 que estaba con encargo por robo y se lo llevaron a la comisar\u00eda\u00bb,<\/em> indic\u00f3 el abogado Herrera.<\/p>\n<p>De las otras especies, como consola de juegos electr\u00f3nicos, joyas, dinero, no se supo nada.<\/p>\n<p>El auto presenta da\u00f1os en el cap\u00f3 y en la parte delantera, abajo. En este momento el veh\u00edculo se encuentra en poder de la aseguradora para evaluar y reparar los da\u00f1os. No fue calificado con da\u00f1o total.<\/p>\n<p>El abogado agradece el trabajo realizado tanto por la PDI como Carabineros.<\/p>\n<p>Coment\u00f3 que como familia se est\u00e1n recuperando de todo este trauma que significa ser asaltado en su propia casa cuando estaba con todos los integrantes de su grupo familiar.<\/p>\n<p>&nbsp;<\/p>\n<p><span style=\"color: #c81400;\"><strong>ROBO EN MARZO<\/strong><\/span><\/p>\n<p>Como se recordar\u00e1, el asalto se produjo el d\u00eda 27 de marzo a eso de las 09:30 horas, cuando el profesional se encontraba en su domicilio junto a su familia. En esas circunstancias sorpresivamente se encuentran con la presencia de tres sujetos armados en el interior de la casa, quienes le arrebataron las llaves del auto y el control remoto del port\u00f3n, por donde huyeron llev\u00e1ndose el veh\u00edculo y diversas especies.<\/p>\n<p>Para ingresar los sujetos saltaron el port\u00f3n y luego forzaron la chapa de la puerta<\/p>\n<figure id=\"attachment_98221\" aria-describedby=\"caption-attachment-98221\" style=\"width: 580px\" class=\"wp-caption alignnone\"><img data-recalc-dims=\"1\" loading=\"lazy\" decoding=\"async\" class=\"size-full wp-image-98221\" src=\"https:\/\/i0.wp.com\/www.eltrabajo.cl\/portal\/wp-content\/uploads\/2020\/04\/audi.jpg?resize=580%2C359\" alt=\"El veh\u00edculo recuperado presentaba da\u00f1os en la parte delantera, el cap\u00f3 algo descuadrado y en el costado izquierdo.\" width=\"580\" height=\"359\" srcset=\"https:\/\/i0.wp.com\/eltrabajo.cl\/portal\/wp-content\/uploads\/2020\/04\/audi.jpg?w=580&amp;ssl=1 580w, https:\/\/i0.wp.com\/eltrabajo.cl\/portal\/wp-content\/uploads\/2020\/04\/audi.jpg?resize=300%2C186&amp;ssl=1 300w, https:\/\/i0.wp.com\/eltrabajo.cl\/portal\/wp-content\/uploads\/2020\/04\/audi.jpg?resize=200%2C124&amp;ssl=1 200w, https:\/\/i0.wp.com\/eltrabajo.cl\/portal\/wp-content\/uploads\/2020\/04\/audi.jpg?resize=242%2C150&amp;ssl=1 242w, https:\/\/i0.wp.com\/eltrabajo.cl\/portal\/wp-content\/uploads\/2020\/04\/audi.jpg?resize=400%2C248&amp;ssl=1 400w\" sizes=\"auto, (max-width: 580px) 100vw, 580px\" \/><figcaption id=\"caption-attachment-98221\" class=\"wp-caption-text\">El veh\u00edculo recuperado presentaba da\u00f1os en la parte delantera, el cap\u00f3 algo descuadrado y en el costado izquierdo.<\/figcaption><\/figure>\n<p>&nbsp;<\/p>\n<figure id=\"attachment_98220\" aria-describedby=\"caption-attachment-98220\" style=\"width: 580px\" class=\"wp-caption alignnone\"><img data-recalc-dims=\"1\" loading=\"lazy\" decoding=\"async\" class=\"size-full wp-image-98220\" src=\"https:\/\/i0.wp.com\/www.eltrabajo.cl\/portal\/wp-content\/uploads\/2020\/04\/audi-robo..jpg?resize=580%2C360\" alt=\"Carabineros adopta el procedimiento de rigor en el frontis de la casa del abogado el d\u00eda del asalto.\" width=\"580\" height=\"360\" srcset=\"https:\/\/i0.wp.com\/eltrabajo.cl\/portal\/wp-content\/uploads\/2020\/04\/audi-robo..jpg?w=580&amp;ssl=1 580w, https:\/\/i0.wp.com\/eltrabajo.cl\/portal\/wp-content\/uploads\/2020\/04\/audi-robo..jpg?resize=300%2C186&amp;ssl=1 300w, https:\/\/i0.wp.com\/eltrabajo.cl\/portal\/wp-content\/uploads\/2020\/04\/audi-robo..jpg?resize=200%2C124&amp;ssl=1 200w, https:\/\/i0.wp.com\/eltrabajo.cl\/portal\/wp-content\/uploads\/2020\/04\/audi-robo..jpg?resize=242%2C150&amp;ssl=1 242w, https:\/\/i0.wp.com\/eltrabajo.cl\/portal\/wp-content\/uploads\/2020\/04\/audi-robo..jpg?resize=400%2C248&amp;ssl=1 400w\" sizes=\"auto, (max-width: 580px) 100vw, 580px\" \/><figcaption id=\"caption-attachment-98220\" class=\"wp-caption-text\">Carabineros adopta el procedimiento de rigor en el frontis de la casa del abogado el d\u00eda del asalto.<\/figcaption><\/figure>\n<p>principal.<\/p>\n<p>No hubo personas heridas ni v\u00edctimas que lamentar, solamente el nerviosismo de vivir una experiencia de esta magnitud.<\/p>\n<p>&nbsp;<\/p>\n<p>&nbsp;<\/p>\n","protected":false},"excerpt":{"rendered":"<p>Ciudad Empresarial: La perspicacia y el \u2018ojo de lince\u2019 de Carabineros de Huechuraba, permiti\u00f3 recuperar el autom\u00f3vil marca Audi robado en el mes de marzo al abogado de San Felipe, Eduardo Herrera&#8230;.<\/p>\n","protected":false},"author":482,"featured_media":98221,"comment_status":"open","ping_status":"open","sticky":false,"template":"","format":"standard","meta":{"advanced_seo_description":"","jetpack_seo_html_title":"","jetpack_seo_noindex":false,"_jetpack_memberships_contains_paid_content":false,"footnotes":""},"categories":[21],"tags":[],"class_list":["post-98219","post","type-post","status-publish","format-standard","has-post-thumbnail","hentry","category-policial"],"jetpack_featured_media_url":"https:\/\/i0.wp.com\/eltrabajo.cl\/portal\/wp-content\/uploads\/2020\/04\/audi.jpg?fit=580%2C359&ssl=1","jetpack_sharing_enabled":true,"jetpack_likes_enabled":true,"jetpack-related-posts":[],"_links":{"self":[{"href":"https:\/\/eltrabajo.cl\/portal\/wp-json\/wp\/v2\/posts\/98219","targetHints":{"allow":["GET"]}}],"collection":[{"href":"https:\/\/eltrabajo.cl\/portal\/wp-json\/wp\/v2\/posts"}],"about":[{"href":"https:\/\/eltrabajo.cl\/portal\/wp-json\/wp\/v2\/types\/post"}],"author":[{"embeddable":true,"href":"https:\/\/eltrabajo.cl\/portal\/wp-json\/wp\/v2\/users\/482"}],"replies":[{"embeddable":true,"href":"https:\/\/eltrabajo.cl\/portal\/wp-json\/wp\/v2\/comments?post=98219"}],"version-history":[{"count":0,"href":"https:\/\/eltrabajo.cl\/portal\/wp-json\/wp\/v2\/posts\/98219\/revisions"}],"wp:featuredmedia":[{"embeddable":true,"href":"https:\/\/eltrabajo.cl\/portal\/wp-json\/wp\/v2\/media\/98221"}],"wp:attachment":[{"href":"https:\/\/eltrabajo.cl\/portal\/wp-json\/wp\/v2\/media?parent=98219"}],"wp:term":[{"taxonomy":"category","embeddable":true,"href":"https:\/\/eltrabajo.cl\/portal\/wp-json\/wp\/v2\/categories?post=98219"},{"taxonomy":"post_tag","embeddable":true,"href":"https:\/\/eltrabajo.cl\/portal\/wp-json\/wp\/v2\/tags?post=98219"}],"curies":[{"name":"wp","href":"https:\/\/api.w.org\/{rel}","templated":true}]}}