{"id":98231,"date":"2020-04-17T00:07:59","date_gmt":"2020-04-17T04:07:59","guid":{"rendered":"http:\/\/www.eltrabajo.cl\/portal\/?p=98231"},"modified":"2020-04-17T00:59:41","modified_gmt":"2020-04-17T04:59:41","slug":"falsos-pasajeros-a-punta-de-pistolas-asaltan-a-chofer-para-robarle-taxi-colectivo","status":"publish","type":"post","link":"https:\/\/eltrabajo.cl\/portal\/falsos-pasajeros-a-punta-de-pistolas-asaltan-a-chofer-para-robarle-taxi-colectivo\/","title":{"rendered":"Falsos pasajeros a punta de pistolas asaltan a chofer\u00a0 para robarle taxi colectivo"},"content":{"rendered":"<p><span style=\"color: #c81400;\"><strong>Nuevo robo de veh\u00edculo:<\/strong><\/span><\/p>\n<ul>\n<li><strong>Sujetos premunidos de armas semiautom\u00e1ticas (pistolas), se hicieron pasar por pasajeros para amenazar y arrebatar el autom\u00f3vil de alquiler\u00a0 al conductor.<\/strong><\/li>\n<\/ul>\n<p>Tres sujetos a mano armada asaltaron a un conductor de taxi colectivo, rob\u00e1ndole su veh\u00edculo para posteriormente huir del lugar, dejando abandonado al chofer. Los antisociales se hicieron pasar por pasajeros para cometer el asalto. El hecho ocurri\u00f3 ayer en la ma\u00f1ana en la intersecci\u00f3n de la Avenida Diego de Almagro con Chorrillos, en San Felipe.<\/p>\n<p>Al respecto fue el capit\u00e1n de Carabineros de la Segunda Comisar\u00eda de San Felipe, <strong>Franco Herrera<\/strong>, quien confirm\u00f3 el hecho indicando lo siguiente: <em>\u00abAc\u00e1 a la guardia de la Segunda Comisar\u00eda de San Felipe se present\u00f3 un conductor de taxi colectivo de ac\u00e1 de la comuna, se\u00f1alando que aproximadamente a las 08:30 horas de la ma\u00f1ana del d\u00eda de hoy (ayer), en circunstancias que conduc\u00eda por Diego de Almagro en direcci\u00f3n hacia el sur, a un par de metros de llegar a calle Chorrillos fue solicitado por tres pasajeros; tres hombres adultos de aproximadamente 18 a 25 a\u00f1os, se suben al colectivo y de inmediato lo intimidan con armas de fuego, solicit\u00e1ndole de inmediato que hiciera abandono del veh\u00edculo, acci\u00f3n que realiz\u00f3 sin oponer ning\u00fan tipo de fuerza atendiendo a que los tipos estaban armados y que a su juicio eran armas reales, accedi\u00f3 de inmediato a lo que los antisociales le solicitaron, as\u00ed es que se baj\u00f3 del colectivo y estas personas se llevaron el veh\u00edculo que corresponde a uno marca Hyundai Accent, con los colores tradicionales de un colectivo de recorrido ac\u00e1 en San Felipe\u00bb,<\/em> dijo el oficial.<\/p>\n<p>Carabineros de San Felipe con todos los antecedentes procedi\u00f3 a efectuar la b\u00fasqueda. Adem\u00e1s se hizo el encargo a nivel nacional en el portal que tiene la instituci\u00f3n. Aclar\u00f3 que seg\u00fan lo manifestado por la v\u00edctima, las armas correspond\u00edan a pistolas.<\/p>\n<p>Uno de los sujetos que se sent\u00f3 en el lado del copiloto lo apunt\u00f3 en el abdomen, procedi\u00f3 a intimidarlo que entregara el veh\u00edculo porque era un asalto; <em>\u00abas\u00ed es que \u00e9l no hizo mayor fuerza ni conato, entreg\u00f3 el veh\u00edculo y estos sujetos se lo llevaron\u00bb,<\/em> se\u00f1al\u00f3 el capit\u00e1n Herrera.<\/p>\n<p>Actualmente se est\u00e1n realizando las diligencias para dar con el paradero del veh\u00edculo de alquiler.<\/p>\n<p>La patente del taxi colectivo es FD-XP 96<\/p>\n<p>Todos los antecedentes fueron puestos a disposici\u00f3n del Ministerio P\u00fablico.<\/p>\n<p>&nbsp;<\/p>\n<figure id=\"attachment_98232\" aria-describedby=\"caption-attachment-98232\" style=\"width: 580px\" class=\"wp-caption alignnone\"><img data-recalc-dims=\"1\" loading=\"lazy\" decoding=\"async\" class=\"size-full wp-image-98232\" src=\"https:\/\/i0.wp.com\/www.eltrabajo.cl\/portal\/wp-content\/uploads\/2020\/04\/Taxi.jpg?resize=580%2C360\" alt=\"Un Hyundai Accent similar al de la fotograf\u00eda fue el que se robaron ayer en la ma\u00f1ana.\" width=\"580\" height=\"360\" srcset=\"https:\/\/i0.wp.com\/eltrabajo.cl\/portal\/wp-content\/uploads\/2020\/04\/Taxi.jpg?w=580&amp;ssl=1 580w, https:\/\/i0.wp.com\/eltrabajo.cl\/portal\/wp-content\/uploads\/2020\/04\/Taxi.jpg?resize=300%2C186&amp;ssl=1 300w, https:\/\/i0.wp.com\/eltrabajo.cl\/portal\/wp-content\/uploads\/2020\/04\/Taxi.jpg?resize=200%2C124&amp;ssl=1 200w, https:\/\/i0.wp.com\/eltrabajo.cl\/portal\/wp-content\/uploads\/2020\/04\/Taxi.jpg?resize=242%2C150&amp;ssl=1 242w, https:\/\/i0.wp.com\/eltrabajo.cl\/portal\/wp-content\/uploads\/2020\/04\/Taxi.jpg?resize=400%2C248&amp;ssl=1 400w\" sizes=\"auto, (max-width: 580px) 100vw, 580px\" \/><figcaption id=\"caption-attachment-98232\" class=\"wp-caption-text\">Un Hyundai Accent similar al de la fotograf\u00eda fue el que se robaron ayer en la ma\u00f1ana.<\/figcaption><\/figure>\n","protected":false},"excerpt":{"rendered":"<p>Nuevo robo de veh\u00edculo: Sujetos premunidos de armas semiautom\u00e1ticas (pistolas), se hicieron pasar por pasajeros para amenazar y arrebatar el autom\u00f3vil de alquiler\u00a0 al conductor. Tres sujetos a mano armada asaltaron a&#8230;<\/p>\n","protected":false},"author":482,"featured_media":98232,"comment_status":"open","ping_status":"open","sticky":false,"template":"","format":"standard","meta":{"advanced_seo_description":"","jetpack_seo_html_title":"","jetpack_seo_noindex":false,"_jetpack_memberships_contains_paid_content":false,"footnotes":""},"categories":[21],"tags":[],"class_list":["post-98231","post","type-post","status-publish","format-standard","has-post-thumbnail","hentry","category-policial"],"jetpack_featured_media_url":"https:\/\/i0.wp.com\/eltrabajo.cl\/portal\/wp-content\/uploads\/2020\/04\/Taxi.jpg?fit=580%2C360&ssl=1","jetpack_sharing_enabled":true,"jetpack_likes_enabled":true,"jetpack-related-posts":[],"_links":{"self":[{"href":"https:\/\/eltrabajo.cl\/portal\/wp-json\/wp\/v2\/posts\/98231","targetHints":{"allow":["GET"]}}],"collection":[{"href":"https:\/\/eltrabajo.cl\/portal\/wp-json\/wp\/v2\/posts"}],"about":[{"href":"https:\/\/eltrabajo.cl\/portal\/wp-json\/wp\/v2\/types\/post"}],"author":[{"embeddable":true,"href":"https:\/\/eltrabajo.cl\/portal\/wp-json\/wp\/v2\/users\/482"}],"replies":[{"embeddable":true,"href":"https:\/\/eltrabajo.cl\/portal\/wp-json\/wp\/v2\/comments?post=98231"}],"version-history":[{"count":0,"href":"https:\/\/eltrabajo.cl\/portal\/wp-json\/wp\/v2\/posts\/98231\/revisions"}],"wp:featuredmedia":[{"embeddable":true,"href":"https:\/\/eltrabajo.cl\/portal\/wp-json\/wp\/v2\/media\/98232"}],"wp:attachment":[{"href":"https:\/\/eltrabajo.cl\/portal\/wp-json\/wp\/v2\/media?parent=98231"}],"wp:term":[{"taxonomy":"category","embeddable":true,"href":"https:\/\/eltrabajo.cl\/portal\/wp-json\/wp\/v2\/categories?post=98231"},{"taxonomy":"post_tag","embeddable":true,"href":"https:\/\/eltrabajo.cl\/portal\/wp-json\/wp\/v2\/tags?post=98231"}],"curies":[{"name":"wp","href":"https:\/\/api.w.org\/{rel}","templated":true}]}}