{"id":98237,"date":"2020-04-19T19:16:36","date_gmt":"2020-04-19T23:16:36","guid":{"rendered":"http:\/\/www.eltrabajo.cl\/portal\/?p=98237"},"modified":"2020-04-19T19:16:36","modified_gmt":"2020-04-19T23:16:36","slug":"en-putaendo-encuentran-vehiculo-robado-a-conductor-de-colectivo-en-san-felipe","status":"publish","type":"post","link":"https:\/\/eltrabajo.cl\/portal\/en-putaendo-encuentran-vehiculo-robado-a-conductor-de-colectivo-en-san-felipe\/","title":{"rendered":"En Putaendo encuentran veh\u00edculo robado a conductor de colectivo en San Felipe"},"content":{"rendered":"<p>En un callej\u00f3n ubicado en el sector de Piguch\u00e9n, comuna de Putaendo, fue encontrado hoy en la tarde el taxi colectivo que sujetos armados con pistolas robaron el d\u00eda jueves en la ma\u00f1ana a su conductor en la intersecci\u00f3n de la avenida Diego de Almagro con Chorrillos en San Felipe.<\/p>\n<p>Seg\u00fan lo informado por el portal de noticias Putaendoinforma.com, el veh\u00edculo fue encontrado por j\u00f3venes que caminaban por el lugar.<\/p>\n<p>Cabe recordar que el veh\u00edculo fue robado por tres sujetos armados que se hicieron pasar por pasajeros. Lo hicieron parar y una vez en el interior del veh\u00edculo, uno de los sujetos, espec\u00edficamente \u00e9l que se subi\u00f3 al lado del chofer, lo apunt\u00f3 con una pistola en el abdomen oblig\u00e1ndolo a que se bajara.<\/p>\n<p>A simple vista el veh\u00edculo no presenta mayores da\u00f1os por lo que se aprecia en las fotos, aunque no fueron halladas las placas patentes.<\/p>\n<p>Carabineros se hizo presente en el lugar y el due\u00f1o tom\u00f3 conocimiento.<\/p>\n<p>&nbsp;<\/p>\n<figure id=\"attachment_98238\" aria-describedby=\"caption-attachment-98238\" style=\"width: 580px\" class=\"wp-caption alignnone\"><img data-recalc-dims=\"1\" loading=\"lazy\" decoding=\"async\" class=\"size-full wp-image-98238\" src=\"https:\/\/i0.wp.com\/www.eltrabajo.cl\/portal\/wp-content\/uploads\/2020\/04\/colectivo-recuperado.jpg?resize=580%2C359\" alt=\"As\u00ed fue encontrado el taxi colectivo robado en San Felipe el d\u00eda jueves en la ma\u00f1ana. (Foto gentileza www.putaendoinforma.com)\" width=\"580\" height=\"359\" srcset=\"https:\/\/i0.wp.com\/eltrabajo.cl\/portal\/wp-content\/uploads\/2020\/04\/colectivo-recuperado.jpg?w=580&amp;ssl=1 580w, https:\/\/i0.wp.com\/eltrabajo.cl\/portal\/wp-content\/uploads\/2020\/04\/colectivo-recuperado.jpg?resize=300%2C186&amp;ssl=1 300w, https:\/\/i0.wp.com\/eltrabajo.cl\/portal\/wp-content\/uploads\/2020\/04\/colectivo-recuperado.jpg?resize=200%2C124&amp;ssl=1 200w, https:\/\/i0.wp.com\/eltrabajo.cl\/portal\/wp-content\/uploads\/2020\/04\/colectivo-recuperado.jpg?resize=242%2C150&amp;ssl=1 242w, https:\/\/i0.wp.com\/eltrabajo.cl\/portal\/wp-content\/uploads\/2020\/04\/colectivo-recuperado.jpg?resize=400%2C248&amp;ssl=1 400w\" sizes=\"auto, (max-width: 580px) 100vw, 580px\" \/><figcaption id=\"caption-attachment-98238\" class=\"wp-caption-text\">As\u00ed fue encontrado el taxi colectivo robado en San Felipe el d\u00eda jueves en la ma\u00f1ana. (Foto gentileza www.putaendoinforma.com)<\/figcaption><\/figure>\n","protected":false},"excerpt":{"rendered":"<p>En un callej\u00f3n ubicado en el sector de Piguch\u00e9n, comuna de Putaendo, fue encontrado hoy en la tarde el taxi colectivo que sujetos armados con pistolas robaron el d\u00eda jueves en la&#8230;<\/p>\n","protected":false},"author":482,"featured_media":98238,"comment_status":"open","ping_status":"open","sticky":false,"template":"","format":"standard","meta":{"advanced_seo_description":"","jetpack_seo_html_title":"","jetpack_seo_noindex":false,"_jetpack_memberships_contains_paid_content":false,"footnotes":""},"categories":[21],"tags":[],"class_list":["post-98237","post","type-post","status-publish","format-standard","has-post-thumbnail","hentry","category-policial"],"jetpack_featured_media_url":"https:\/\/i0.wp.com\/eltrabajo.cl\/portal\/wp-content\/uploads\/2020\/04\/colectivo-recuperado.jpg?fit=580%2C359&ssl=1","jetpack_sharing_enabled":true,"jetpack_likes_enabled":true,"jetpack-related-posts":[],"_links":{"self":[{"href":"https:\/\/eltrabajo.cl\/portal\/wp-json\/wp\/v2\/posts\/98237","targetHints":{"allow":["GET"]}}],"collection":[{"href":"https:\/\/eltrabajo.cl\/portal\/wp-json\/wp\/v2\/posts"}],"about":[{"href":"https:\/\/eltrabajo.cl\/portal\/wp-json\/wp\/v2\/types\/post"}],"author":[{"embeddable":true,"href":"https:\/\/eltrabajo.cl\/portal\/wp-json\/wp\/v2\/users\/482"}],"replies":[{"embeddable":true,"href":"https:\/\/eltrabajo.cl\/portal\/wp-json\/wp\/v2\/comments?post=98237"}],"version-history":[{"count":0,"href":"https:\/\/eltrabajo.cl\/portal\/wp-json\/wp\/v2\/posts\/98237\/revisions"}],"wp:featuredmedia":[{"embeddable":true,"href":"https:\/\/eltrabajo.cl\/portal\/wp-json\/wp\/v2\/media\/98238"}],"wp:attachment":[{"href":"https:\/\/eltrabajo.cl\/portal\/wp-json\/wp\/v2\/media?parent=98237"}],"wp:term":[{"taxonomy":"category","embeddable":true,"href":"https:\/\/eltrabajo.cl\/portal\/wp-json\/wp\/v2\/categories?post=98237"},{"taxonomy":"post_tag","embeddable":true,"href":"https:\/\/eltrabajo.cl\/portal\/wp-json\/wp\/v2\/tags?post=98237"}],"curies":[{"name":"wp","href":"https:\/\/api.w.org\/{rel}","templated":true}]}}