{"id":98240,"date":"2020-04-19T19:18:57","date_gmt":"2020-04-19T23:18:57","guid":{"rendered":"http:\/\/www.eltrabajo.cl\/portal\/?p=98240"},"modified":"2020-04-20T18:27:31","modified_gmt":"2020-04-20T22:27:31","slug":"motociclista-de-65-anos-muere-al-impactar-automovil-en-ruta-troncal-panquehue","status":"publish","type":"post","link":"https:\/\/eltrabajo.cl\/portal\/motociclista-de-65-anos-muere-al-impactar-automovil-en-ruta-troncal-panquehue\/","title":{"rendered":"Motociclista de 65 a\u00f1os muere al impactar autom\u00f3vil en ruta Troncal Panquehue"},"content":{"rendered":"<p>Un motociclista de aproximadamente 65 a\u00f1os de edad, falleci\u00f3 luego de impactar con un autom\u00f3vil en la ruta Troncal de Panquehue.<\/p>\n<p>El accidente se produjo hoy alrededor de las 13 horas en circunstancias que no est\u00e1n del todo claras.<\/p>\n<p>Por informaci\u00f3n obtenida por este medio de comunicaci\u00f3n, se trata de un hombre identificado como <strong>Manuel Espinoza Olivares<\/strong>, quien registra domicilio en el sector Punta El Olivo.<\/p>\n<p>Seg\u00fan la informaci\u00f3n proporcionada por Carabineros, el conductor del autom\u00f3vil involucrado en los hechos, de unos 39 a\u00f1os de edad, lo hac\u00eda en estado de ebriedad y pasar\u00e1 a control de detenci\u00f3n este d\u00eda lunes en la ma\u00f1ana.<\/p>\n<p>Las causas del accidente est\u00e1n siendo investigadas por personal de la SIAT de Carabineros.<\/p>\n<p>Al lugar concurri\u00f3 personal de la polic\u00eda uniformada y voluntarios de Bomberos, quienes trabajaron en el lugar.<\/p>\n<p>El tr\u00e1nsito se mantuvo cortado por algunos minutos, mientras personal de emergencia laboraban en el sitio del suceso.<\/p>\n<p>&nbsp;<\/p>\n<figure id=\"attachment_98242\" aria-describedby=\"caption-attachment-98242\" style=\"width: 580px\" class=\"wp-caption alignnone\"><img data-recalc-dims=\"1\" loading=\"lazy\" decoding=\"async\" class=\"size-full wp-image-98242\" src=\"https:\/\/i0.wp.com\/www.eltrabajo.cl\/portal\/wp-content\/uploads\/2020\/04\/accidente-fatal-panquehue-2.jpg?resize=580%2C359\" alt=\"Personal de emergencia trabajando en el lugar del accidente que cost\u00f3 la vida a un motociclista de 65 a\u00f1os de edad aproximadamente.\" width=\"580\" height=\"359\" srcset=\"https:\/\/i0.wp.com\/eltrabajo.cl\/portal\/wp-content\/uploads\/2020\/04\/accidente-fatal-panquehue-2.jpg?w=580&amp;ssl=1 580w, https:\/\/i0.wp.com\/eltrabajo.cl\/portal\/wp-content\/uploads\/2020\/04\/accidente-fatal-panquehue-2.jpg?resize=300%2C186&amp;ssl=1 300w, https:\/\/i0.wp.com\/eltrabajo.cl\/portal\/wp-content\/uploads\/2020\/04\/accidente-fatal-panquehue-2.jpg?resize=200%2C124&amp;ssl=1 200w, https:\/\/i0.wp.com\/eltrabajo.cl\/portal\/wp-content\/uploads\/2020\/04\/accidente-fatal-panquehue-2.jpg?resize=242%2C150&amp;ssl=1 242w, https:\/\/i0.wp.com\/eltrabajo.cl\/portal\/wp-content\/uploads\/2020\/04\/accidente-fatal-panquehue-2.jpg?resize=400%2C248&amp;ssl=1 400w\" sizes=\"auto, (max-width: 580px) 100vw, 580px\" \/><figcaption id=\"caption-attachment-98242\" class=\"wp-caption-text\">Personal de emergencia trabajando en el lugar del accidente que cost\u00f3 la vida a un motociclista de 65 a\u00f1os de edad aproximadamente.<\/figcaption><\/figure>\n<p>&nbsp;<\/p>\n<figure id=\"attachment_98241\" aria-describedby=\"caption-attachment-98241\" style=\"width: 580px\" class=\"wp-caption alignnone\"><img data-recalc-dims=\"1\" loading=\"lazy\" decoding=\"async\" class=\"size-full wp-image-98241\" src=\"https:\/\/i0.wp.com\/www.eltrabajo.cl\/portal\/wp-content\/uploads\/2020\/04\/accidente-fatal-panquehue-1.jpg?resize=580%2C360\" alt=\"Este fue el autom\u00f3vil involucrado en el mortal accidente de tr\u00e1nsito registrado hoy alrededor de las 13 horas en la ruta Troncal de Panquehue.\" width=\"580\" height=\"360\" srcset=\"https:\/\/i0.wp.com\/eltrabajo.cl\/portal\/wp-content\/uploads\/2020\/04\/accidente-fatal-panquehue-1.jpg?w=580&amp;ssl=1 580w, https:\/\/i0.wp.com\/eltrabajo.cl\/portal\/wp-content\/uploads\/2020\/04\/accidente-fatal-panquehue-1.jpg?resize=300%2C186&amp;ssl=1 300w, https:\/\/i0.wp.com\/eltrabajo.cl\/portal\/wp-content\/uploads\/2020\/04\/accidente-fatal-panquehue-1.jpg?resize=200%2C124&amp;ssl=1 200w, https:\/\/i0.wp.com\/eltrabajo.cl\/portal\/wp-content\/uploads\/2020\/04\/accidente-fatal-panquehue-1.jpg?resize=242%2C150&amp;ssl=1 242w, https:\/\/i0.wp.com\/eltrabajo.cl\/portal\/wp-content\/uploads\/2020\/04\/accidente-fatal-panquehue-1.jpg?resize=400%2C248&amp;ssl=1 400w\" sizes=\"auto, (max-width: 580px) 100vw, 580px\" \/><figcaption id=\"caption-attachment-98241\" class=\"wp-caption-text\">Este fue el autom\u00f3vil involucrado en el mortal accidente de tr\u00e1nsito registrado hoy alrededor de las 13 horas en la ruta Troncal de Panquehue.<\/figcaption><\/figure>\n","protected":false},"excerpt":{"rendered":"<p>Un motociclista de aproximadamente 65 a\u00f1os de edad, falleci\u00f3 luego de impactar con un autom\u00f3vil en la ruta Troncal de Panquehue. El accidente se produjo hoy alrededor de las 13 horas en&#8230;<\/p>\n","protected":false},"author":482,"featured_media":98241,"comment_status":"open","ping_status":"open","sticky":false,"template":"","format":"standard","meta":{"advanced_seo_description":"","jetpack_seo_html_title":"","jetpack_seo_noindex":false,"_jetpack_memberships_contains_paid_content":false,"footnotes":""},"categories":[21],"tags":[],"class_list":["post-98240","post","type-post","status-publish","format-standard","has-post-thumbnail","hentry","category-policial"],"jetpack_featured_media_url":"https:\/\/i0.wp.com\/eltrabajo.cl\/portal\/wp-content\/uploads\/2020\/04\/accidente-fatal-panquehue-1.jpg?fit=580%2C360&ssl=1","jetpack_sharing_enabled":true,"jetpack_likes_enabled":true,"jetpack-related-posts":[],"_links":{"self":[{"href":"https:\/\/eltrabajo.cl\/portal\/wp-json\/wp\/v2\/posts\/98240","targetHints":{"allow":["GET"]}}],"collection":[{"href":"https:\/\/eltrabajo.cl\/portal\/wp-json\/wp\/v2\/posts"}],"about":[{"href":"https:\/\/eltrabajo.cl\/portal\/wp-json\/wp\/v2\/types\/post"}],"author":[{"embeddable":true,"href":"https:\/\/eltrabajo.cl\/portal\/wp-json\/wp\/v2\/users\/482"}],"replies":[{"embeddable":true,"href":"https:\/\/eltrabajo.cl\/portal\/wp-json\/wp\/v2\/comments?post=98240"}],"version-history":[{"count":0,"href":"https:\/\/eltrabajo.cl\/portal\/wp-json\/wp\/v2\/posts\/98240\/revisions"}],"wp:featuredmedia":[{"embeddable":true,"href":"https:\/\/eltrabajo.cl\/portal\/wp-json\/wp\/v2\/media\/98241"}],"wp:attachment":[{"href":"https:\/\/eltrabajo.cl\/portal\/wp-json\/wp\/v2\/media?parent=98240"}],"wp:term":[{"taxonomy":"category","embeddable":true,"href":"https:\/\/eltrabajo.cl\/portal\/wp-json\/wp\/v2\/categories?post=98240"},{"taxonomy":"post_tag","embeddable":true,"href":"https:\/\/eltrabajo.cl\/portal\/wp-json\/wp\/v2\/tags?post=98240"}],"curies":[{"name":"wp","href":"https:\/\/api.w.org\/{rel}","templated":true}]}}