{"id":98244,"date":"2020-04-19T21:04:31","date_gmt":"2020-04-20T01:04:31","guid":{"rendered":"http:\/\/www.eltrabajo.cl\/portal\/?p=98244"},"modified":"2020-04-19T23:14:20","modified_gmt":"2020-04-20T03:14:20","slug":"hoy-murio-obrero-de-la-construccion-que-cayo-de-gran-altura-en-valparaiso","status":"publish","type":"post","link":"https:\/\/eltrabajo.cl\/portal\/hoy-murio-obrero-de-la-construccion-que-cayo-de-gran-altura-en-valparaiso\/","title":{"rendered":"Hoy muri\u00f3 obrero de la construcci\u00f3n que cay\u00f3 de gran altura en Valpara\u00edso"},"content":{"rendered":"<p><span style=\"color: #c81400;\"><strong>Ser\u00e1 sepultado en La Troya este d\u00eda martes:<\/strong><\/span><\/p>\n<p>Cerca de las 13:00 horas de hoy domingo, en el Hospital Carlos Van Buren de Valpara\u00edso, falleci\u00f3 el maestro de la construcci\u00f3n <strong>Roberto C\u00f3rdova Becerra<\/strong>, de 54 a\u00f1os de edad, quien el viernes 3 de abril sufri\u00f3 una ca\u00edda desde unos 12 metros de altura desde una de las v\u00edas elevadas en Quintay de Valpara\u00edso.<\/p>\n<p>&nbsp;<\/p>\n<p><span style=\"color: #c81400;\"><strong>NO LOGR\u00d3 DESPERTAR<\/strong><\/span><\/p>\n<p>La gravedad de C\u00f3rdova se vino acrecentando cada d\u00eda, estuvo con coma inducido mientras los m\u00e9dicos buscaban controlar una infecci\u00f3n que se le form\u00f3 en el cuello y se pas\u00f3 a sus \u00f3rganos vitales, y al haber perdido tanta sangre en los primeros d\u00edas sus defensas quedaron muy debilitadas, lo que caus\u00f3 que se decretara la muerte cerebral durante este fin de semana.<\/p>\n<p><em>\u00abPap\u00e1 se fue tranquilo, dej\u00f3 de sufrir y nosotros su familia sabemos que descansa ahora de sus dolores. Los m\u00e9dicos realizar\u00e1n la debida autopsia y el cuerpo nos lo entregar\u00e1n este lunes, por lo que lo estar\u00edamos sepultando este martes Dios mediante, no sabemos la hora a\u00fan, pero lo sepultaremos en el Cementerio Parque Almendral, en La Troya el d\u00eda martes. Quiero tambi\u00e9n agradecer a todos quienes nos han acompa\u00f1ado en estas dos semanas de dolor, muchas gracias a todos\u00bb,<\/em> coment\u00f3 el hijo de Roberto, <strong>Guillermo C\u00f3rdova<\/strong>.<\/p>\n<p>Roberto C\u00f3rdova Becerra tiene siete hermanos m\u00e1s, es casado con <strong>Nancy Saavedra Contreras<\/strong>, vive en Villa Departamental y curs\u00f3 gran parte de su ense\u00f1anza media en la Escuela Industrial de San Felipe, en Instalaciones Sanitarias y Gasfiter\u00eda.<\/p>\n<p><strong>Roberto Gonz\u00e1lez Short<\/strong><\/p>\n<p>&nbsp;<\/p>\n<figure id=\"attachment_98245\" aria-describedby=\"caption-attachment-98245\" style=\"width: 580px\" class=\"wp-caption alignnone\"><img data-recalc-dims=\"1\" loading=\"lazy\" decoding=\"async\" class=\"size-full wp-image-98245\" src=\"https:\/\/i0.wp.com\/www.eltrabajo.cl\/portal\/wp-content\/uploads\/2020\/04\/FALLECIO1.jpg?resize=580%2C359\" alt=\"LUGAR DE LA TRAGEDIA.- En este lugar ocurri\u00f3 el fatal accidente, la flecha indica el punto desde el cual cay\u00f3 Roberto C\u00f3rdova.\" width=\"580\" height=\"359\" srcset=\"https:\/\/i0.wp.com\/eltrabajo.cl\/portal\/wp-content\/uploads\/2020\/04\/FALLECIO1.jpg?w=580&amp;ssl=1 580w, https:\/\/i0.wp.com\/eltrabajo.cl\/portal\/wp-content\/uploads\/2020\/04\/FALLECIO1.jpg?resize=300%2C186&amp;ssl=1 300w, https:\/\/i0.wp.com\/eltrabajo.cl\/portal\/wp-content\/uploads\/2020\/04\/FALLECIO1.jpg?resize=200%2C124&amp;ssl=1 200w, https:\/\/i0.wp.com\/eltrabajo.cl\/portal\/wp-content\/uploads\/2020\/04\/FALLECIO1.jpg?resize=242%2C150&amp;ssl=1 242w, https:\/\/i0.wp.com\/eltrabajo.cl\/portal\/wp-content\/uploads\/2020\/04\/FALLECIO1.jpg?resize=400%2C248&amp;ssl=1 400w\" sizes=\"auto, (max-width: 580px) 100vw, 580px\" \/><figcaption id=\"caption-attachment-98245\" class=\"wp-caption-text\">LUGAR DE LA TRAGEDIA.- En este lugar ocurri\u00f3 el fatal accidente, la flecha indica el punto desde el cual cay\u00f3 Roberto C\u00f3rdova.<\/figcaption><\/figure>\n<p>&nbsp;<\/p>\n<figure id=\"attachment_98246\" aria-describedby=\"caption-attachment-98246\" style=\"width: 580px\" class=\"wp-caption alignnone\"><img data-recalc-dims=\"1\" loading=\"lazy\" decoding=\"async\" class=\"size-full wp-image-98246\" src=\"https:\/\/i0.wp.com\/www.eltrabajo.cl\/portal\/wp-content\/uploads\/2020\/04\/FALLECIO_Guillermo-Cordova.jpg?resize=580%2C712\" alt=\"Guillermo C\u00f3rdova, \u00fanico hijo de Roberto, hoy le responde en todo terreno.\" width=\"580\" height=\"712\" srcset=\"https:\/\/i0.wp.com\/eltrabajo.cl\/portal\/wp-content\/uploads\/2020\/04\/FALLECIO_Guillermo-Cordova.jpg?w=580&amp;ssl=1 580w, https:\/\/i0.wp.com\/eltrabajo.cl\/portal\/wp-content\/uploads\/2020\/04\/FALLECIO_Guillermo-Cordova.jpg?resize=244%2C300&amp;ssl=1 244w, https:\/\/i0.wp.com\/eltrabajo.cl\/portal\/wp-content\/uploads\/2020\/04\/FALLECIO_Guillermo-Cordova.jpg?resize=122%2C150&amp;ssl=1 122w, https:\/\/i0.wp.com\/eltrabajo.cl\/portal\/wp-content\/uploads\/2020\/04\/FALLECIO_Guillermo-Cordova.jpg?resize=400%2C491&amp;ssl=1 400w\" sizes=\"auto, (max-width: 580px) 100vw, 580px\" \/><figcaption id=\"caption-attachment-98246\" class=\"wp-caption-text\">Guillermo C\u00f3rdova, \u00fanico hijo de Roberto, hoy le responde en todo terreno.<\/figcaption><\/figure>\n<p>&nbsp;<\/p>\n<figure id=\"attachment_98248\" aria-describedby=\"caption-attachment-98248\" style=\"width: 579px\" class=\"wp-caption alignnone\"><img data-recalc-dims=\"1\" loading=\"lazy\" decoding=\"async\" class=\"size-full wp-image-98248\" src=\"https:\/\/i0.wp.com\/www.eltrabajo.cl\/portal\/wp-content\/uploads\/2020\/04\/FALLECIO_Roberto-Cordova.jpg?resize=579%2C637\" alt=\"Roberto C\u00f3rdova falleci\u00f3 pasadas las 13:00 horas de hoy domingo en la UCI del Van Buren, en Valpara\u00edso.\" width=\"579\" height=\"637\" srcset=\"https:\/\/i0.wp.com\/eltrabajo.cl\/portal\/wp-content\/uploads\/2020\/04\/FALLECIO_Roberto-Cordova.jpg?w=579&amp;ssl=1 579w, https:\/\/i0.wp.com\/eltrabajo.cl\/portal\/wp-content\/uploads\/2020\/04\/FALLECIO_Roberto-Cordova.jpg?resize=273%2C300&amp;ssl=1 273w, https:\/\/i0.wp.com\/eltrabajo.cl\/portal\/wp-content\/uploads\/2020\/04\/FALLECIO_Roberto-Cordova.jpg?resize=136%2C150&amp;ssl=1 136w, https:\/\/i0.wp.com\/eltrabajo.cl\/portal\/wp-content\/uploads\/2020\/04\/FALLECIO_Roberto-Cordova.jpg?resize=400%2C440&amp;ssl=1 400w\" sizes=\"auto, (max-width: 579px) 100vw, 579px\" \/><figcaption id=\"caption-attachment-98248\" class=\"wp-caption-text\">Roberto C\u00f3rdova falleci\u00f3 pasadas las 13:00 horas de hoy domingo en la UCI del Van Buren, en Valpara\u00edso.<\/figcaption><\/figure>\n","protected":false},"excerpt":{"rendered":"<p>Ser\u00e1 sepultado en La Troya este d\u00eda martes: Cerca de las 13:00 horas de hoy domingo, en el Hospital Carlos Van Buren de Valpara\u00edso, falleci\u00f3 el maestro de la construcci\u00f3n Roberto C\u00f3rdova&#8230;<\/p>\n","protected":false},"author":482,"featured_media":98245,"comment_status":"open","ping_status":"open","sticky":false,"template":"","format":"standard","meta":{"advanced_seo_description":"","jetpack_seo_html_title":"","jetpack_seo_noindex":false,"_jetpack_memberships_contains_paid_content":false,"footnotes":""},"categories":[15],"tags":[],"class_list":["post-98244","post","type-post","status-publish","format-standard","has-post-thumbnail","hentry","category-comunidad"],"jetpack_featured_media_url":"https:\/\/i0.wp.com\/eltrabajo.cl\/portal\/wp-content\/uploads\/2020\/04\/FALLECIO1.jpg?fit=580%2C359&ssl=1","jetpack_sharing_enabled":true,"jetpack_likes_enabled":true,"jetpack-related-posts":[],"_links":{"self":[{"href":"https:\/\/eltrabajo.cl\/portal\/wp-json\/wp\/v2\/posts\/98244","targetHints":{"allow":["GET"]}}],"collection":[{"href":"https:\/\/eltrabajo.cl\/portal\/wp-json\/wp\/v2\/posts"}],"about":[{"href":"https:\/\/eltrabajo.cl\/portal\/wp-json\/wp\/v2\/types\/post"}],"author":[{"embeddable":true,"href":"https:\/\/eltrabajo.cl\/portal\/wp-json\/wp\/v2\/users\/482"}],"replies":[{"embeddable":true,"href":"https:\/\/eltrabajo.cl\/portal\/wp-json\/wp\/v2\/comments?post=98244"}],"version-history":[{"count":0,"href":"https:\/\/eltrabajo.cl\/portal\/wp-json\/wp\/v2\/posts\/98244\/revisions"}],"wp:featuredmedia":[{"embeddable":true,"href":"https:\/\/eltrabajo.cl\/portal\/wp-json\/wp\/v2\/media\/98245"}],"wp:attachment":[{"href":"https:\/\/eltrabajo.cl\/portal\/wp-json\/wp\/v2\/media?parent=98244"}],"wp:term":[{"taxonomy":"category","embeddable":true,"href":"https:\/\/eltrabajo.cl\/portal\/wp-json\/wp\/v2\/categories?post=98244"},{"taxonomy":"post_tag","embeddable":true,"href":"https:\/\/eltrabajo.cl\/portal\/wp-json\/wp\/v2\/tags?post=98244"}],"curies":[{"name":"wp","href":"https:\/\/api.w.org\/{rel}","templated":true}]}}