{"id":98253,"date":"2020-04-20T18:09:58","date_gmt":"2020-04-20T22:09:58","guid":{"rendered":"http:\/\/www.eltrabajo.cl\/portal\/?p=98253"},"modified":"2020-04-21T19:15:26","modified_gmt":"2020-04-21T23:15:26","slug":"incendio-forestal-de-grandes-proporciones-afecta-a-la-comuna-de-panquehue","status":"publish","type":"post","link":"https:\/\/eltrabajo.cl\/portal\/incendio-forestal-de-grandes-proporciones-afecta-a-la-comuna-de-panquehue\/","title":{"rendered":"Incendio forestal de grandes proporciones afecta a la comuna de Panquehue"},"content":{"rendered":"<p>Un incendio de proporciones es el que a esta hora de la tarde se est\u00e1 produciendo en el kil\u00f3metro 34 de la ruta 60 CH en la comuna de Panquehue.<\/p>\n<p>Seg\u00fan el comandante de Bomberos, <strong>Juan Carlos Herrera Lillo<\/strong>, hasta las cinco de la tarde se hab\u00edan quemado unos 1.500 metros lineales, un cami\u00f3n y corr\u00edan peligro viviendas.<\/p>\n<p>En el lugar se encuentra trabajando personal de Bomberos de San Felipe y otras comunas, adem\u00e1s de helic\u00f3pteros de la Conaf para poder combatir este incendio declarado que se inici\u00f3 pasadas las cuatro de la tarde.<\/p>\n<p>Hasta el cierre de esta nota se sigue trabajando en controlar el incendio forestal.<\/p>\n<p>&nbsp;<\/p>\n<figure id=\"attachment_98254\" aria-describedby=\"caption-attachment-98254\" style=\"width: 580px\" class=\"wp-caption alignnone\"><img data-recalc-dims=\"1\" loading=\"lazy\" decoding=\"async\" class=\"size-full wp-image-98254\" src=\"https:\/\/i0.wp.com\/www.eltrabajo.cl\/portal\/wp-content\/uploads\/2020\/04\/incendio-forestal-panquehue.jpg?resize=580%2C360\" alt=\"Gigantescas lenguas de fuego provoca el incendio forestal que afecta a la comuna de Panquehue.\" width=\"580\" height=\"360\" srcset=\"https:\/\/i0.wp.com\/eltrabajo.cl\/portal\/wp-content\/uploads\/2020\/04\/incendio-forestal-panquehue.jpg?w=580&amp;ssl=1 580w, https:\/\/i0.wp.com\/eltrabajo.cl\/portal\/wp-content\/uploads\/2020\/04\/incendio-forestal-panquehue.jpg?resize=300%2C186&amp;ssl=1 300w, https:\/\/i0.wp.com\/eltrabajo.cl\/portal\/wp-content\/uploads\/2020\/04\/incendio-forestal-panquehue.jpg?resize=200%2C124&amp;ssl=1 200w, https:\/\/i0.wp.com\/eltrabajo.cl\/portal\/wp-content\/uploads\/2020\/04\/incendio-forestal-panquehue.jpg?resize=242%2C150&amp;ssl=1 242w, https:\/\/i0.wp.com\/eltrabajo.cl\/portal\/wp-content\/uploads\/2020\/04\/incendio-forestal-panquehue.jpg?resize=400%2C248&amp;ssl=1 400w\" sizes=\"auto, (max-width: 580px) 100vw, 580px\" \/><figcaption id=\"caption-attachment-98254\" class=\"wp-caption-text\">Gigantescas lenguas de fuego provoca el incendio forestal que afecta a la comuna de Panquehue.<\/figcaption><\/figure>\n","protected":false},"excerpt":{"rendered":"<p>Un incendio de proporciones es el que a esta hora de la tarde se est\u00e1 produciendo en el kil\u00f3metro 34 de la ruta 60 CH en la comuna de Panquehue. Seg\u00fan el&#8230;<\/p>\n","protected":false},"author":482,"featured_media":98254,"comment_status":"open","ping_status":"open","sticky":false,"template":"","format":"standard","meta":{"advanced_seo_description":"","jetpack_seo_html_title":"","jetpack_seo_noindex":false,"_jetpack_memberships_contains_paid_content":false,"footnotes":""},"categories":[21],"tags":[],"class_list":["post-98253","post","type-post","status-publish","format-standard","has-post-thumbnail","hentry","category-policial"],"jetpack_featured_media_url":"https:\/\/i0.wp.com\/eltrabajo.cl\/portal\/wp-content\/uploads\/2020\/04\/incendio-forestal-panquehue.jpg?fit=580%2C360&ssl=1","jetpack_sharing_enabled":true,"jetpack_likes_enabled":true,"jetpack-related-posts":[],"_links":{"self":[{"href":"https:\/\/eltrabajo.cl\/portal\/wp-json\/wp\/v2\/posts\/98253","targetHints":{"allow":["GET"]}}],"collection":[{"href":"https:\/\/eltrabajo.cl\/portal\/wp-json\/wp\/v2\/posts"}],"about":[{"href":"https:\/\/eltrabajo.cl\/portal\/wp-json\/wp\/v2\/types\/post"}],"author":[{"embeddable":true,"href":"https:\/\/eltrabajo.cl\/portal\/wp-json\/wp\/v2\/users\/482"}],"replies":[{"embeddable":true,"href":"https:\/\/eltrabajo.cl\/portal\/wp-json\/wp\/v2\/comments?post=98253"}],"version-history":[{"count":0,"href":"https:\/\/eltrabajo.cl\/portal\/wp-json\/wp\/v2\/posts\/98253\/revisions"}],"wp:featuredmedia":[{"embeddable":true,"href":"https:\/\/eltrabajo.cl\/portal\/wp-json\/wp\/v2\/media\/98254"}],"wp:attachment":[{"href":"https:\/\/eltrabajo.cl\/portal\/wp-json\/wp\/v2\/media?parent=98253"}],"wp:term":[{"taxonomy":"category","embeddable":true,"href":"https:\/\/eltrabajo.cl\/portal\/wp-json\/wp\/v2\/categories?post=98253"},{"taxonomy":"post_tag","embeddable":true,"href":"https:\/\/eltrabajo.cl\/portal\/wp-json\/wp\/v2\/tags?post=98253"}],"curies":[{"name":"wp","href":"https:\/\/api.w.org\/{rel}","templated":true}]}}