{"id":98295,"date":"2020-04-21T19:18:53","date_gmt":"2020-04-21T23:18:53","guid":{"rendered":"http:\/\/www.eltrabajo.cl\/portal\/?p=98295"},"modified":"2020-04-21T19:19:39","modified_gmt":"2020-04-21T23:19:39","slug":"por-el-momento-no-existe-ninguna-posibilidad-que-comience-el-torneo-de-la-abar","status":"publish","type":"post","link":"https:\/\/eltrabajo.cl\/portal\/por-el-momento-no-existe-ninguna-posibilidad-que-comience-el-torneo-de-la-abar\/","title":{"rendered":"Por el momento no existe ninguna posibilidad que comience el torneo de la ABAR"},"content":{"rendered":"<p>Dentro del ambiente deportivo en general, caus\u00f3 expectaci\u00f3n el llamado del gobierno a volver paulatinamente a las actividades. Muchos de los que practican distintas disciplinas deportivas, vieron en esto la oportunidad de volver a sus respectivas competencias.<\/p>\n<p>Ante esto <strong>El Trabajo Deportivo<\/strong> se puso en contacto con <strong>Juan Carlos Acu\u00f1a<\/strong>, presidente de la <strong>Asociaci\u00f3n de B\u00e1squetbol Alejandro Rivadeneira (ABAR)<\/strong>, para saber si el b\u00e1squetbol aconcag\u00fcino se animaba a volver en un tiempo m\u00e1s, opci\u00f3n que el timonel de la asociaci\u00f3n cestera local descart\u00f3 de plano a ra\u00edz que <em>\u201cno est\u00e1n las m\u00ednimas condiciones para hacerlo. Debemos velar por la salud de todos, adem\u00e1s que en poco tiempo m\u00e1s entraremos al peak de la pandemia, por lo que ser\u00eda una irresponsabilidad muy grande pedirles a nuestros asociados volver a las actividades\u201d,<\/em> afirm\u00f3 el directivo.<\/p>\n<p>Juan Carlos Acu\u00f1a adem\u00e1s cont\u00f3 a nuestro medio que durante la semana pasada tuvo la oportunidad de hablar con el presidente de la Federaci\u00f3n de B\u00e1squetbol de Chile (Ir\u00e1n Arcos), quien sugiri\u00f3 que hasta el mes de junio no se proyecta ninguna competencia cestera en el pa\u00eds.<\/p>\n<p>&nbsp;<\/p>\n<figure id=\"attachment_98296\" aria-describedby=\"caption-attachment-98296\" style=\"width: 580px\" class=\"wp-caption alignnone\"><img data-recalc-dims=\"1\" loading=\"lazy\" decoding=\"async\" class=\"size-full wp-image-98296\" src=\"https:\/\/i0.wp.com\/www.eltrabajo.cl\/portal\/wp-content\/uploads\/2020\/04\/basquet-copia-1.jpg?resize=580%2C567\" alt=\"Por ahora no existe ninguna posibilidad que vuelva la acci\u00f3n a los cestos locales.\" width=\"580\" height=\"567\" srcset=\"https:\/\/i0.wp.com\/eltrabajo.cl\/portal\/wp-content\/uploads\/2020\/04\/basquet-copia-1.jpg?w=580&amp;ssl=1 580w, https:\/\/i0.wp.com\/eltrabajo.cl\/portal\/wp-content\/uploads\/2020\/04\/basquet-copia-1.jpg?resize=300%2C293&amp;ssl=1 300w, https:\/\/i0.wp.com\/eltrabajo.cl\/portal\/wp-content\/uploads\/2020\/04\/basquet-copia-1.jpg?resize=153%2C150&amp;ssl=1 153w, https:\/\/i0.wp.com\/eltrabajo.cl\/portal\/wp-content\/uploads\/2020\/04\/basquet-copia-1.jpg?resize=400%2C391&amp;ssl=1 400w\" sizes=\"auto, (max-width: 580px) 100vw, 580px\" \/><figcaption id=\"caption-attachment-98296\" class=\"wp-caption-text\">Por ahora no existe ninguna posibilidad que vuelva la acci\u00f3n a los cestos locales.<\/figcaption><\/figure>\n","protected":false},"excerpt":{"rendered":"<p>Dentro del ambiente deportivo en general, caus\u00f3 expectaci\u00f3n el llamado del gobierno a volver paulatinamente a las actividades. Muchos de los que practican distintas disciplinas deportivas, vieron en esto la oportunidad de&#8230;<\/p>\n","protected":false},"author":482,"featured_media":98298,"comment_status":"open","ping_status":"open","sticky":false,"template":"","format":"standard","meta":{"advanced_seo_description":"","jetpack_seo_html_title":"","jetpack_seo_noindex":false,"_jetpack_memberships_contains_paid_content":false,"footnotes":""},"categories":[19],"tags":[],"class_list":["post-98295","post","type-post","status-publish","format-standard","has-post-thumbnail","hentry","category-deportes"],"jetpack_featured_media_url":"https:\/\/i0.wp.com\/eltrabajo.cl\/portal\/wp-content\/uploads\/2020\/04\/basquet-1.jpg?fit=580%2C359&ssl=1","jetpack_sharing_enabled":true,"jetpack_likes_enabled":true,"jetpack-related-posts":[],"_links":{"self":[{"href":"https:\/\/eltrabajo.cl\/portal\/wp-json\/wp\/v2\/posts\/98295","targetHints":{"allow":["GET"]}}],"collection":[{"href":"https:\/\/eltrabajo.cl\/portal\/wp-json\/wp\/v2\/posts"}],"about":[{"href":"https:\/\/eltrabajo.cl\/portal\/wp-json\/wp\/v2\/types\/post"}],"author":[{"embeddable":true,"href":"https:\/\/eltrabajo.cl\/portal\/wp-json\/wp\/v2\/users\/482"}],"replies":[{"embeddable":true,"href":"https:\/\/eltrabajo.cl\/portal\/wp-json\/wp\/v2\/comments?post=98295"}],"version-history":[{"count":0,"href":"https:\/\/eltrabajo.cl\/portal\/wp-json\/wp\/v2\/posts\/98295\/revisions"}],"wp:featuredmedia":[{"embeddable":true,"href":"https:\/\/eltrabajo.cl\/portal\/wp-json\/wp\/v2\/media\/98298"}],"wp:attachment":[{"href":"https:\/\/eltrabajo.cl\/portal\/wp-json\/wp\/v2\/media?parent=98295"}],"wp:term":[{"taxonomy":"category","embeddable":true,"href":"https:\/\/eltrabajo.cl\/portal\/wp-json\/wp\/v2\/categories?post=98295"},{"taxonomy":"post_tag","embeddable":true,"href":"https:\/\/eltrabajo.cl\/portal\/wp-json\/wp\/v2\/tags?post=98295"}],"curies":[{"name":"wp","href":"https:\/\/api.w.org\/{rel}","templated":true}]}}