{"id":98303,"date":"2020-04-21T19:32:53","date_gmt":"2020-04-21T23:32:53","guid":{"rendered":"http:\/\/www.eltrabajo.cl\/portal\/?p=98303"},"modified":"2020-04-21T19:32:53","modified_gmt":"2020-04-21T23:32:53","slug":"vecinos-consideran-casi-gracioso-permanencia-de-postes-en-plena-calzada","status":"publish","type":"post","link":"https:\/\/eltrabajo.cl\/portal\/vecinos-consideran-casi-gracioso-permanencia-de-postes-en-plena-calzada\/","title":{"rendered":"Vecinos consideran \u201ccasi gracioso\u201d permanencia de postes en plena calzada"},"content":{"rendered":"<p><span style=\"color: #c81400;\"><strong>Hermanos Carrera con Toro Mazote:<\/strong><\/span><\/p>\n<ul>\n<li><strong>Empresas operadoras de telefon\u00eda a\u00fan no han retirado el cableado.<\/strong><\/li>\n<\/ul>\n<p>Como algo \u201ccasi gracioso\u201d califican vecinos de Hermanos Carrera con Toro Mazote, la situaci\u00f3n que les toca ver todos los d\u00edas desde que comenzaron las obras de construcci\u00f3n de la circunvalaci\u00f3n, al ver que casi en el medio de una de las calzadas quedaban dos postes con cables de telefon\u00eda.<\/p>\n<p><strong>Rodrigo<\/strong>, vecino que tiene un negocio en el lugar, nos cuenta que es <em>\u201ccasi gracioso porque uno espera que las cosas se hagan bien. Nosotros al momento de consultar a los encargados de la obra, en un principio cuando empezaron la pavimentaci\u00f3n, preguntamos si iban a retirar los postes. Comentaban que ya hab\u00edan hecho la coordinaci\u00f3n con Chilquinta, vino Chilquinta, cambi\u00f3 el cableado, pero qued\u00f3 el poste, porque dicen que tienen que venir de las empresas de telecomunicaciones: Movistar, Claro, a sacar el cableado del poste. Se supone que ellos hab\u00edan dicho que se demoraban dos a tres meses, estas obras empezaron en octubre y aqu\u00ed est\u00e1n los postes todav\u00eda\u201d,<\/em> se\u00f1al\u00f3.<\/p>\n<p>&#8211; <strong>\u00bfHa habido algunos accidentes especialmente en la noche?<\/strong><\/p>\n<p>&#8211; Ni siquiera en la noche\u2026 en el d\u00eda, porque adem\u00e1s de que est\u00e1 el poste ah\u00ed, existe poca seguridad que te indique que est\u00e1 o hay un hoyo frente a la v\u00eda.<\/p>\n<p>&#8211; <strong>\u00bfAlguna respuesta de alguna autoridad?, porque de las empresas absolutamente nada.<\/strong><\/p>\n<p>&#8211; A la autoridad solamente la hemos visto en el diario y en la radio. Ac\u00e1 vinieron una vez a sacarse una foto cuando estaban los adelantos de los trabajos y la \u00faltima vez que tuvimos respuesta fue por intermedio del diario, porque tuvimos que llamar a la prensa, porque adem\u00e1s del poste se presentaron otros inconvenientes mientras se estaba trabajando; la esquina qued\u00f3 botada; los camiones nunca tiraban agua por el polvo en suspensi\u00f3n, entonces hay una problem\u00e1tica m\u00e1s grande. Si me preguntas por la autoridad, no se han visto, solamente cuando hicieron la inauguraci\u00f3n del tramo Hermanos Carrera Oriente al costado del Hospital, esa vez vinieron a darse una vuelta, sacarse un par de fotos y nada m\u00e1s.<\/p>\n<p>Agreg\u00f3 que la empresa realiza trabajos en un lado, despu\u00e9s en otro sin terminar el primero: <em>\u201cNo sabes qu\u00e9 est\u00e1n terminando, c\u00f3mo lo van a hacer; si te fijas, al frente hay una vereda terminada, otra no est\u00e1 terminada; trabajan por un lado, se van a otro. Lo que siempre se ha visto es trabajo a medio terminar\u201d,<\/em> finaliz\u00f3 Rodrigo.<\/p>\n<p>&nbsp;<\/p>\n<figure id=\"attachment_98304\" aria-describedby=\"caption-attachment-98304\" style=\"width: 580px\" class=\"wp-caption alignnone\"><img data-recalc-dims=\"1\" loading=\"lazy\" decoding=\"async\" class=\"size-full wp-image-98304\" src=\"https:\/\/i0.wp.com\/www.eltrabajo.cl\/portal\/wp-content\/uploads\/2020\/04\/Poste.jpg?resize=580%2C359\" alt=\"Este es uno de los postes que a\u00fan permanece en la calzada, constituyendo una verdadera agresi\u00f3n por parte de empresas de telefon\u00eda a los vecinos del sector.\" width=\"580\" height=\"359\" srcset=\"https:\/\/i0.wp.com\/eltrabajo.cl\/portal\/wp-content\/uploads\/2020\/04\/Poste.jpg?w=580&amp;ssl=1 580w, https:\/\/i0.wp.com\/eltrabajo.cl\/portal\/wp-content\/uploads\/2020\/04\/Poste.jpg?resize=300%2C186&amp;ssl=1 300w, https:\/\/i0.wp.com\/eltrabajo.cl\/portal\/wp-content\/uploads\/2020\/04\/Poste.jpg?resize=200%2C124&amp;ssl=1 200w, https:\/\/i0.wp.com\/eltrabajo.cl\/portal\/wp-content\/uploads\/2020\/04\/Poste.jpg?resize=242%2C150&amp;ssl=1 242w, https:\/\/i0.wp.com\/eltrabajo.cl\/portal\/wp-content\/uploads\/2020\/04\/Poste.jpg?resize=400%2C248&amp;ssl=1 400w\" sizes=\"auto, (max-width: 580px) 100vw, 580px\" \/><figcaption id=\"caption-attachment-98304\" class=\"wp-caption-text\">Este es uno de los postes que a\u00fan permanece en la calzada, constituyendo una verdadera agresi\u00f3n por parte de empresas de telefon\u00eda a los vecinos del sector.<\/figcaption><\/figure>\n<p>&nbsp;<\/p>\n<figure id=\"attachment_98305\" aria-describedby=\"caption-attachment-98305\" style=\"width: 580px\" class=\"wp-caption alignnone\"><img data-recalc-dims=\"1\" loading=\"lazy\" decoding=\"async\" class=\"size-full wp-image-98305\" src=\"https:\/\/i0.wp.com\/www.eltrabajo.cl\/portal\/wp-content\/uploads\/2020\/04\/Poste-2.jpg?resize=580%2C359\" alt=\"Otra imagen para la verg\u00fcenza. Este poste se encuentra casi al llegar a la Avenida Yungay.\" width=\"580\" height=\"359\" srcset=\"https:\/\/i0.wp.com\/eltrabajo.cl\/portal\/wp-content\/uploads\/2020\/04\/Poste-2.jpg?w=580&amp;ssl=1 580w, https:\/\/i0.wp.com\/eltrabajo.cl\/portal\/wp-content\/uploads\/2020\/04\/Poste-2.jpg?resize=300%2C186&amp;ssl=1 300w, https:\/\/i0.wp.com\/eltrabajo.cl\/portal\/wp-content\/uploads\/2020\/04\/Poste-2.jpg?resize=200%2C124&amp;ssl=1 200w, https:\/\/i0.wp.com\/eltrabajo.cl\/portal\/wp-content\/uploads\/2020\/04\/Poste-2.jpg?resize=242%2C150&amp;ssl=1 242w, https:\/\/i0.wp.com\/eltrabajo.cl\/portal\/wp-content\/uploads\/2020\/04\/Poste-2.jpg?resize=400%2C248&amp;ssl=1 400w\" sizes=\"auto, (max-width: 580px) 100vw, 580px\" \/><figcaption id=\"caption-attachment-98305\" class=\"wp-caption-text\">Otra imagen para la verg\u00fcenza. Este poste se encuentra casi al llegar a la Avenida Yungay.<\/figcaption><\/figure>\n","protected":false},"excerpt":{"rendered":"<p>Hermanos Carrera con Toro Mazote: Empresas operadoras de telefon\u00eda a\u00fan no han retirado el cableado. Como algo \u201ccasi gracioso\u201d califican vecinos de Hermanos Carrera con Toro Mazote, la situaci\u00f3n que les toca&#8230;<\/p>\n","protected":false},"author":482,"featured_media":98305,"comment_status":"open","ping_status":"open","sticky":false,"template":"","format":"standard","meta":{"advanced_seo_description":"","jetpack_seo_html_title":"","jetpack_seo_noindex":false,"_jetpack_memberships_contains_paid_content":false,"footnotes":""},"categories":[15],"tags":[],"class_list":["post-98303","post","type-post","status-publish","format-standard","has-post-thumbnail","hentry","category-comunidad"],"jetpack_featured_media_url":"https:\/\/i0.wp.com\/eltrabajo.cl\/portal\/wp-content\/uploads\/2020\/04\/Poste-2.jpg?fit=580%2C359&ssl=1","jetpack_sharing_enabled":true,"jetpack_likes_enabled":true,"jetpack-related-posts":[],"_links":{"self":[{"href":"https:\/\/eltrabajo.cl\/portal\/wp-json\/wp\/v2\/posts\/98303","targetHints":{"allow":["GET"]}}],"collection":[{"href":"https:\/\/eltrabajo.cl\/portal\/wp-json\/wp\/v2\/posts"}],"about":[{"href":"https:\/\/eltrabajo.cl\/portal\/wp-json\/wp\/v2\/types\/post"}],"author":[{"embeddable":true,"href":"https:\/\/eltrabajo.cl\/portal\/wp-json\/wp\/v2\/users\/482"}],"replies":[{"embeddable":true,"href":"https:\/\/eltrabajo.cl\/portal\/wp-json\/wp\/v2\/comments?post=98303"}],"version-history":[{"count":0,"href":"https:\/\/eltrabajo.cl\/portal\/wp-json\/wp\/v2\/posts\/98303\/revisions"}],"wp:featuredmedia":[{"embeddable":true,"href":"https:\/\/eltrabajo.cl\/portal\/wp-json\/wp\/v2\/media\/98305"}],"wp:attachment":[{"href":"https:\/\/eltrabajo.cl\/portal\/wp-json\/wp\/v2\/media?parent=98303"}],"wp:term":[{"taxonomy":"category","embeddable":true,"href":"https:\/\/eltrabajo.cl\/portal\/wp-json\/wp\/v2\/categories?post=98303"},{"taxonomy":"post_tag","embeddable":true,"href":"https:\/\/eltrabajo.cl\/portal\/wp-json\/wp\/v2\/tags?post=98303"}],"curies":[{"name":"wp","href":"https:\/\/api.w.org\/{rel}","templated":true}]}}