{"id":98310,"date":"2020-04-21T19:36:26","date_gmt":"2020-04-21T23:36:26","guid":{"rendered":"http:\/\/www.eltrabajo.cl\/portal\/?p=98310"},"modified":"2020-04-22T17:27:37","modified_gmt":"2020-04-22T21:27:37","slug":"tras-las-rejas-queda-sujeto-acusado-de-violar-a-su-ex-pareja","status":"publish","type":"post","link":"https:\/\/eltrabajo.cl\/portal\/tras-las-rejas-queda-sujeto-acusado-de-violar-a-su-ex-pareja\/","title":{"rendered":"Tras las rejas queda sujeto acusado de violar a su ex pareja"},"content":{"rendered":"<p>En prisi\u00f3n preventiva qued\u00f3 un sujeto de 25 a\u00f1os de edad acusado de haber violado a una mujer de 22 a\u00f1os con la cual hab\u00eda sostenido una relaci\u00f3n rom\u00e1ntica hasta hace un tiempo.<\/p>\n<p>El hecho, seg\u00fan lo informado en el portal de la fiscal\u00eda regional, se produjo el d\u00eda 17 de abril en San Felipe, cuando el imputado \u201c<em>habr\u00eda ingresado por la ventana del segundo piso de su casa, ella se encontraba durmiendo y se despierta con el sujeto al interior de su cama ante lo cual este procede a violentarla sexualmente. En la misma cama se encontraba el hijo menor de la v\u00edctima de tres a\u00f1os de edad, raz\u00f3n por la cual ella se vio en la imposibilidad de reaccionar en forma agresiva en contra de este sujeto o de solicitar ayuda, debido a que se encontraba intimidada por \u00e9l\u201d,<\/em><em>\u00a0<\/em>explic\u00f3 el fiscal<strong> Andr\u00e9s Gallardo<\/strong>.<\/p>\n<p>La v\u00edctima fue atendida en el Hospital San Camilo para posteriormente realizar la denuncia ante Carabineros.<\/p>\n<p>El imputado al momento de ser detenido, se\u00f1al\u00f3 a Carabineros que fue la v\u00edctima quien le pidi\u00f3 subir al segundo piso para sostener relaciones sexuales.<\/p>\n<p>La audiencia de control de detenci\u00f3n se efectu\u00f3 el d\u00eda s\u00e1bado, pero el Ministerio P\u00fablico pidi\u00f3 ampliaci\u00f3n para realizar diligencias por parte de la Brigada de Delitos Sexuales.<\/p>\n<p>Una de las diligencias importantes fue tomar declaraci\u00f3n a la v\u00edctima por parte de la Brigada de Delitos sexuales, adem\u00e1s de ser revisada por un especialista.<\/p>\n<p>Finalmente, este lunes se pudo realizar el control de detenci\u00f3n por medio de video conferencia, donde el imputado qued\u00f3 en prisi\u00f3n preventiva, siendo formalizado por el delito de <em>\u201cviolaci\u00f3n con fuerza e intimidaci\u00f3n, y con la circunstancia de aprovecharse de que la v\u00edctima se encontraba sin sentido. Se expusieron los antecedentes, los cuales acreditaban que el imputado hab\u00eda tenido participaci\u00f3n en el hecho y hab\u00eda actuado con fuerza, intimidando a la v\u00edctima y aprovech\u00e1ndose que se encontraba dormida. Tambi\u00e9n se hizo presente la investigaci\u00f3n respecto a la coartada del imputado, la cual result\u00f3 ser insatisfactoria para acreditar que las relaciones sexuales habr\u00edan sido consentidas. El hecho que el imputado haya sido pareja de la v\u00edctima no justifica, bajo ning\u00fan punto de vista, que tenga dominio sobre ella y que pueda acceder a tener relaciones cuando \u00e9l lo quiera, sin tomar en cuenta a la otra persona\u201d,<\/em> indic\u00f3 el fiscal Andr\u00e9s gallardo.<\/p>\n<p>&nbsp;<\/p>\n<figure id=\"attachment_98318\" aria-describedby=\"caption-attachment-98318\" style=\"width: 580px\" class=\"wp-caption alignnone\"><img data-recalc-dims=\"1\" loading=\"lazy\" decoding=\"async\" class=\"wp-image-98318 size-full\" src=\"https:\/\/i0.wp.com\/www.eltrabajo.cl\/portal\/wp-content\/uploads\/2020\/04\/fiscalia-1.jpg?resize=580%2C360\" alt=\"En la imagen todos los intervinientes en el control de detenci\u00f3n que se realiz\u00f3 por video conferencia.\" width=\"580\" height=\"360\" srcset=\"https:\/\/i0.wp.com\/eltrabajo.cl\/portal\/wp-content\/uploads\/2020\/04\/fiscalia-1.jpg?w=580&amp;ssl=1 580w, https:\/\/i0.wp.com\/eltrabajo.cl\/portal\/wp-content\/uploads\/2020\/04\/fiscalia-1.jpg?resize=300%2C186&amp;ssl=1 300w, https:\/\/i0.wp.com\/eltrabajo.cl\/portal\/wp-content\/uploads\/2020\/04\/fiscalia-1.jpg?resize=200%2C124&amp;ssl=1 200w, https:\/\/i0.wp.com\/eltrabajo.cl\/portal\/wp-content\/uploads\/2020\/04\/fiscalia-1.jpg?resize=242%2C150&amp;ssl=1 242w, https:\/\/i0.wp.com\/eltrabajo.cl\/portal\/wp-content\/uploads\/2020\/04\/fiscalia-1.jpg?resize=400%2C248&amp;ssl=1 400w\" sizes=\"auto, (max-width: 580px) 100vw, 580px\" \/><figcaption id=\"caption-attachment-98318\" class=\"wp-caption-text\">En la imagen todos los intervinientes en el control de detenci\u00f3n que se realiz\u00f3 por video conferencia.<\/figcaption><\/figure>\n","protected":false},"excerpt":{"rendered":"<p>En prisi\u00f3n preventiva qued\u00f3 un sujeto de 25 a\u00f1os de edad acusado de haber violado a una mujer de 22 a\u00f1os con la cual hab\u00eda sostenido una relaci\u00f3n rom\u00e1ntica hasta hace un&#8230;<\/p>\n","protected":false},"author":482,"featured_media":98318,"comment_status":"open","ping_status":"open","sticky":false,"template":"","format":"standard","meta":{"advanced_seo_description":"","jetpack_seo_html_title":"","jetpack_seo_noindex":false,"_jetpack_memberships_contains_paid_content":false,"footnotes":""},"categories":[97],"tags":[],"class_list":["post-98310","post","type-post","status-publish","format-standard","has-post-thumbnail","hentry","category-tribunales"],"jetpack_featured_media_url":"https:\/\/i0.wp.com\/eltrabajo.cl\/portal\/wp-content\/uploads\/2020\/04\/fiscalia-1.jpg?fit=580%2C360&ssl=1","jetpack_sharing_enabled":true,"jetpack_likes_enabled":true,"jetpack-related-posts":[],"_links":{"self":[{"href":"https:\/\/eltrabajo.cl\/portal\/wp-json\/wp\/v2\/posts\/98310","targetHints":{"allow":["GET"]}}],"collection":[{"href":"https:\/\/eltrabajo.cl\/portal\/wp-json\/wp\/v2\/posts"}],"about":[{"href":"https:\/\/eltrabajo.cl\/portal\/wp-json\/wp\/v2\/types\/post"}],"author":[{"embeddable":true,"href":"https:\/\/eltrabajo.cl\/portal\/wp-json\/wp\/v2\/users\/482"}],"replies":[{"embeddable":true,"href":"https:\/\/eltrabajo.cl\/portal\/wp-json\/wp\/v2\/comments?post=98310"}],"version-history":[{"count":0,"href":"https:\/\/eltrabajo.cl\/portal\/wp-json\/wp\/v2\/posts\/98310\/revisions"}],"wp:featuredmedia":[{"embeddable":true,"href":"https:\/\/eltrabajo.cl\/portal\/wp-json\/wp\/v2\/media\/98318"}],"wp:attachment":[{"href":"https:\/\/eltrabajo.cl\/portal\/wp-json\/wp\/v2\/media?parent=98310"}],"wp:term":[{"taxonomy":"category","embeddable":true,"href":"https:\/\/eltrabajo.cl\/portal\/wp-json\/wp\/v2\/categories?post=98310"},{"taxonomy":"post_tag","embeddable":true,"href":"https:\/\/eltrabajo.cl\/portal\/wp-json\/wp\/v2\/tags?post=98310"}],"curies":[{"name":"wp","href":"https:\/\/api.w.org\/{rel}","templated":true}]}}