{"id":98313,"date":"2020-04-21T19:38:35","date_gmt":"2020-04-21T23:38:35","guid":{"rendered":"http:\/\/www.eltrabajo.cl\/portal\/?p=98313"},"modified":"2020-04-21T20:25:54","modified_gmt":"2020-04-22T00:25:54","slug":"unico-paciente-covid-19-que-necesito-respirador-mecanico-nos-cuenta-su-historia","status":"publish","type":"post","link":"https:\/\/eltrabajo.cl\/portal\/unico-paciente-covid-19-que-necesito-respirador-mecanico-nos-cuenta-su-historia\/","title":{"rendered":"\u00danico paciente Covid-19 que necesit\u00f3 respirador mec\u00e1nico nos cuenta su historia"},"content":{"rendered":"<p><span style=\"color: #c81400;\"><strong>Actualmente guarda estricta cuarentena en su casa:<\/strong><\/span><\/p>\n<p>Hasta el mediod\u00eda de hoy martes en el Hospital San Camilo hab\u00eda cero pacientes internados por el Coronavirus, y seg\u00fan datos oficiales del centro hospitalario, s\u00f3lo una persona a lo que va de la pandemia ha sido hospitalizada, y esa \u00fanica persona tambi\u00e9n es la \u00fanica en necesitar de la unidad cr\u00edtica respiratoria, o sea, s\u00f3lo un paciente hasta hoy tuvo que ser conectado a una de las diez camas cr\u00edticas con respirador mec\u00e1nico, maniobra que permiti\u00f3 al equipo m\u00e9dico del hospital poder ganar tiempo y con el tratamiento adecuado salvar as\u00ed su vida.<\/p>\n<p>&nbsp;<\/p>\n<p><span style=\"color: #c81400;\"><strong>NACI\u00d3 DE NUEVO<\/strong><\/span><\/p>\n<p>Es por esta raz\u00f3n que pese a que en el Valle de Aconcagua se registran 29 personas positivas con Coronavirus, s\u00f3lo una de ellas necesit\u00f3 de cuidados de urgencia en un hospital. <strong>Diario El Trabajo<\/strong> tuvo hoy la oportunidad de hablar con este \u00fanico paciente \u2018recuperado\u2019 de Covid-19, nos referimos a <strong>Samuel Castillo<\/strong>, de 45 a\u00f1os de edad, quien es t\u00e9cnico en Comercio Exterior, casado, con tres hijos, y permanece en cuarentena obligatoria en su casa de habitaci\u00f3n en Llay Llay.<\/p>\n<p>&#8211; <strong>\u00bfCu\u00e1ndo se contagi\u00f3 usted y d\u00f3nde?<\/strong><\/p>\n<p>&#8211; El contagio fue el d\u00eda 17 de marzo en el sector de Angostura, en Santiago, mientras usaba una semana de vacaciones en mi trabajo para participar de una Conferencia Anual de la Iglesia donde participo. Como dato puedo indicar que la cantidad de personas que est\u00e1bamos reunidos, se ajustaba a lo permitido por la Autoridad Sanitaria hasta ese momento, y cuando el n\u00famero de personas que se autoriz\u00f3 a reunir baj\u00f3 a 50, nuestra actividad debi\u00f3 ser suspendida a fin de cumplir con los requerimientos de dicha autoridad.<\/p>\n<p>&#8211; <strong>\u00bfC\u00f3mo accedi\u00f3 usted a la atenci\u00f3n m\u00e9dica para verificar su estado de salud?<\/strong><\/p>\n<p>&#8211; Cuando supimos que en la reuni\u00f3n asisti\u00f3 una persona que posterior a la misma dio positivo al Covid-19, trat\u00e9 de hacerme el examen en el sector P\u00fablico, pero dado que no ten\u00eda s\u00edntomas no fue posible, por lo que deb\u00ed hacerlo en forma particular el d\u00eda s\u00e1bado 21 de marzo, teniendo el resultado el domingo 22 donde daba positivo para el Covid-19.<\/p>\n<p>&#8211; <strong>\u00bfFue hospitalizado de inmediato?<\/strong><\/p>\n<p>&#8211; No. Dado que no ten\u00eda s\u00edntomas mayores, la cuarentena la realic\u00e9 en casa. Como dato puedo indicar que cuando das positivo, existe en Aconcagua un departamento de Epidemiolog\u00eda, desde donde te controlan telef\u00f3nicamente y desde donde me enviaron dos veces a control al hospital de Llay Llay. Ah\u00ed era controlado y enviado a mi casa a continuar la cuarentena, hasta que el d\u00eda 31 de marzo, en el control diario, me notan obstruido y soy enviado al Hospital San Camilo de San Felipe, en donde en el examen de ingreso determinan que debo ser intubado por anestesia y conectado a ventilador mec\u00e1nico, condici\u00f3n en la que me mantuvieron hasta el d\u00eda 8 de abril.<\/p>\n<p>&#8211; <strong>\u00bfSinti\u00f3 usted abandono o temor de morir, sabiendo que se trata de un virus mortal?<\/strong><\/p>\n<p>&#8211; En cuanto a enfrentar una enfermedad que ha provocado tanto da\u00f1o a nivel mundial, las preocupaciones tuvieron m\u00e1s bien que ver con la aflicci\u00f3n que este tipo de enfermedad genera a nivel familiar, dado que estando internado uno tiene escaza si no nula informaci\u00f3n de su familia, y en ese aspecto exist\u00eda una preocupaci\u00f3n como hijo, esposo y padre. Pero gracias a Dios mi formaci\u00f3n y principios cristianos nunca hicieron temer por mi vida, en eso pude estar en completa tranquilidad.<\/p>\n<p>&#8211; <strong>\u00bfCu\u00e1l es su estado actual y c\u00f3mo tratan los especialistas su caso?<\/strong><\/p>\n<p>&#8211; Mi estado actual es continuar el protocolo que indica el Ministerio de Salud para las personas que estuvieron hospitalizadas que es mi caso, vale decir, para el Alta con respecto al Covid-19 deben pasar catorce d\u00edas desde el alta. Me contin\u00faan controlando telef\u00f3nicamente y por medio de v\u00eddeo llamadas, y en lo principal hoy estoy recuperando masa muscular, que se pierde durante el tiempo inmovilizado, pero ya estoy bastante recuperado gracias a Dios.<\/p>\n<p>&#8211; <strong>\u00bfQu\u00e9 clase de cuarentena es la que est\u00e1s llevando?<\/strong><\/p>\n<p>&#8211; Ahora bien, mantengo las mismas condiciones de cuarentena que cualquiera, vale decir, sin contacto con las personas (esto de forma preventiva mientras no tenga el alta, pese a que ya pas\u00f3 m\u00e1s de un mes desde la fecha de contagio), lo que implica no salir de mi hogar y tampoco no recibimos visitas.<\/p>\n<p>&#8211; <strong>\u00bfC\u00f3mo te trataron en el Hospital San Camilo?<\/strong><\/p>\n<p>&#8211; Con relaci\u00f3n a la atenci\u00f3n dada en el Hospital San Camilo, existe una profunda gratitud con todos los equipos de trabajo que compartieron alg\u00fan turno en el que estuve a su cuidado, dado que gracias a esa dedicaci\u00f3n mi recuperaci\u00f3n ha sido muy satisfactoria. Conoc\u00ed ah\u00ed a profesionales extraordinarios, lo que me anim\u00f3 a enviarles una peque\u00f1a nota de gratitud por el gran trabajo que realizaron en mi caso, teniendo en consideraci\u00f3n que era el primer caso confirmado en la zona, lo que significaba un gran desaf\u00edo que supieron sortear exitosamente. Por ello est\u00e1n y se mantendr\u00e1n en mis oraciones, porque el personal de salud realiza un trabajo muy importante en nuestra sociedad, muchas veces no valorado, pero que merecen todo nuestro reconocimiento.<\/p>\n<p><strong>Roberto Gonz\u00e1lez Short<\/strong><\/p>\n<p>&nbsp;<\/p>\n<figure id=\"attachment_98314\" aria-describedby=\"caption-attachment-98314\" style=\"width: 580px\" class=\"wp-caption alignnone\"><img data-recalc-dims=\"1\" loading=\"lazy\" decoding=\"async\" class=\"size-full wp-image-98314\" src=\"https:\/\/i0.wp.com\/www.eltrabajo.cl\/portal\/wp-content\/uploads\/2020\/04\/Sobreviviente1.jpg?resize=580%2C360\" alt=\"SOBREVIVIENTE.- Samuel Castillo, de 45 a\u00f1os de edad, sobreviviente del Coronavirus, \u00fanico paciente en el Hospital San Camilo que ha necesitado de respirador mec\u00e1nico. Por razones comprensibles, nuestro entrevistado declin\u00f3 autorizarnos publicar su fotograf\u00eda. (Referencial) (Photo by MIGUEL RIOPA \/ AFP)\" width=\"580\" height=\"360\" srcset=\"https:\/\/i0.wp.com\/eltrabajo.cl\/portal\/wp-content\/uploads\/2020\/04\/Sobreviviente1.jpg?w=580&amp;ssl=1 580w, https:\/\/i0.wp.com\/eltrabajo.cl\/portal\/wp-content\/uploads\/2020\/04\/Sobreviviente1.jpg?resize=300%2C186&amp;ssl=1 300w, https:\/\/i0.wp.com\/eltrabajo.cl\/portal\/wp-content\/uploads\/2020\/04\/Sobreviviente1.jpg?resize=200%2C124&amp;ssl=1 200w, https:\/\/i0.wp.com\/eltrabajo.cl\/portal\/wp-content\/uploads\/2020\/04\/Sobreviviente1.jpg?resize=242%2C150&amp;ssl=1 242w, https:\/\/i0.wp.com\/eltrabajo.cl\/portal\/wp-content\/uploads\/2020\/04\/Sobreviviente1.jpg?resize=400%2C248&amp;ssl=1 400w\" sizes=\"auto, (max-width: 580px) 100vw, 580px\" \/><figcaption id=\"caption-attachment-98314\" class=\"wp-caption-text\">SOBREVIVIENTE.- Samuel Castillo, de 45 a\u00f1os de edad, sobreviviente del Coronavirus, \u00fanico paciente en el Hospital San Camilo que ha necesitado de respirador mec\u00e1nico. Por razones comprensibles, nuestro entrevistado declin\u00f3 autorizarnos publicar su fotograf\u00eda. (Referencial) (Photo by MIGUEL RIOPA \/ AFP)<\/figcaption><\/figure>\n","protected":false},"excerpt":{"rendered":"<p>Actualmente guarda estricta cuarentena en su casa: Hasta el mediod\u00eda de hoy martes en el Hospital San Camilo hab\u00eda cero pacientes internados por el Coronavirus, y seg\u00fan datos oficiales del centro hospitalario,&#8230;<\/p>\n","protected":false},"author":482,"featured_media":98314,"comment_status":"open","ping_status":"open","sticky":false,"template":"","format":"standard","meta":{"advanced_seo_description":"","jetpack_seo_html_title":"","jetpack_seo_noindex":false,"_jetpack_memberships_contains_paid_content":false,"footnotes":""},"categories":[15],"tags":[],"class_list":["post-98313","post","type-post","status-publish","format-standard","has-post-thumbnail","hentry","category-comunidad"],"jetpack_featured_media_url":"https:\/\/i0.wp.com\/eltrabajo.cl\/portal\/wp-content\/uploads\/2020\/04\/Sobreviviente1.jpg?fit=580%2C360&ssl=1","jetpack_sharing_enabled":true,"jetpack_likes_enabled":true,"jetpack-related-posts":[],"_links":{"self":[{"href":"https:\/\/eltrabajo.cl\/portal\/wp-json\/wp\/v2\/posts\/98313","targetHints":{"allow":["GET"]}}],"collection":[{"href":"https:\/\/eltrabajo.cl\/portal\/wp-json\/wp\/v2\/posts"}],"about":[{"href":"https:\/\/eltrabajo.cl\/portal\/wp-json\/wp\/v2\/types\/post"}],"author":[{"embeddable":true,"href":"https:\/\/eltrabajo.cl\/portal\/wp-json\/wp\/v2\/users\/482"}],"replies":[{"embeddable":true,"href":"https:\/\/eltrabajo.cl\/portal\/wp-json\/wp\/v2\/comments?post=98313"}],"version-history":[{"count":0,"href":"https:\/\/eltrabajo.cl\/portal\/wp-json\/wp\/v2\/posts\/98313\/revisions"}],"wp:featuredmedia":[{"embeddable":true,"href":"https:\/\/eltrabajo.cl\/portal\/wp-json\/wp\/v2\/media\/98314"}],"wp:attachment":[{"href":"https:\/\/eltrabajo.cl\/portal\/wp-json\/wp\/v2\/media?parent=98313"}],"wp:term":[{"taxonomy":"category","embeddable":true,"href":"https:\/\/eltrabajo.cl\/portal\/wp-json\/wp\/v2\/categories?post=98313"},{"taxonomy":"post_tag","embeddable":true,"href":"https:\/\/eltrabajo.cl\/portal\/wp-json\/wp\/v2\/tags?post=98313"}],"curies":[{"name":"wp","href":"https:\/\/api.w.org\/{rel}","templated":true}]}}