{"id":98326,"date":"2020-04-22T18:27:04","date_gmt":"2020-04-22T22:27:04","guid":{"rendered":"http:\/\/www.eltrabajo.cl\/portal\/?p=98326"},"modified":"2020-04-22T18:27:04","modified_gmt":"2020-04-22T22:27:04","slug":"en-el-futbol-amateur-el-balon-seguira-detenido-por-un-largo-tiempo-mas","status":"publish","type":"post","link":"https:\/\/eltrabajo.cl\/portal\/en-el-futbol-amateur-el-balon-seguira-detenido-por-un-largo-tiempo-mas\/","title":{"rendered":"En el f\u00fatbol amateur el bal\u00f3n seguir\u00e1 detenido por un largo tiempo m\u00e1s"},"content":{"rendered":"<p>En el organismo que conduce el balompi\u00e9 amateur de la regi\u00f3n (ARFA Quinta) no creen en los cantos de sirena que dicen que de manera gradual se puede volver a la normalidad en el pa\u00eds, a ra\u00edz que el brote del Covid\u201319 estar\u00eda dando una tregua, al estar siendo bien controlado.<\/p>\n<p>El presidente de ARFA Quinta, <strong>Christian Ibaceta<\/strong>, descart\u00f3 de manera tajante la posibilidad que competencias tan importantes e insignias, como la Copa de Campeones tanto mujeres y hombres, puedan volver en el corto plazo. <em>\u201cEn estos momentos hay que ser responsables y por m\u00e1s que echemos de menos la actividad; por ahora no existe ninguna posibilidad de que vuelva a rodar el bal\u00f3n\u201d,<\/em> se\u00f1al\u00f3 el m\u00e1ximo directivo del balompi\u00e9 aficionado de la regi\u00f3n de Valpara\u00edso.<\/p>\n<p>Sobre la posibilidad que el f\u00fatbol aficionado regrese a la par del profesional, el presidente se\u00f1al\u00f3 con la misma claridad y fuerza. <em>\u201cEllos (ANFP) van por su propio camino, es un tema de ellos si vuelven o no. Ac\u00e1 seguimos nuestras propias directrices\u201d.<\/em><\/p>\n<p>&nbsp;<\/p>\n<figure id=\"attachment_98327\" aria-describedby=\"caption-attachment-98327\" style=\"width: 580px\" class=\"wp-caption alignnone\"><img data-recalc-dims=\"1\" loading=\"lazy\" decoding=\"async\" class=\"size-full wp-image-98327\" src=\"https:\/\/i0.wp.com\/www.eltrabajo.cl\/portal\/wp-content\/uploads\/2020\/04\/arfa.jpg?resize=580%2C360\" alt=\"En ARFA Quinta descartaron de plano que vuelva a rodar el bal\u00f3n en el corto tiempo.\" width=\"580\" height=\"360\" srcset=\"https:\/\/i0.wp.com\/eltrabajo.cl\/portal\/wp-content\/uploads\/2020\/04\/arfa.jpg?w=580&amp;ssl=1 580w, https:\/\/i0.wp.com\/eltrabajo.cl\/portal\/wp-content\/uploads\/2020\/04\/arfa.jpg?resize=300%2C186&amp;ssl=1 300w, https:\/\/i0.wp.com\/eltrabajo.cl\/portal\/wp-content\/uploads\/2020\/04\/arfa.jpg?resize=200%2C124&amp;ssl=1 200w, https:\/\/i0.wp.com\/eltrabajo.cl\/portal\/wp-content\/uploads\/2020\/04\/arfa.jpg?resize=242%2C150&amp;ssl=1 242w, https:\/\/i0.wp.com\/eltrabajo.cl\/portal\/wp-content\/uploads\/2020\/04\/arfa.jpg?resize=400%2C248&amp;ssl=1 400w\" sizes=\"auto, (max-width: 580px) 100vw, 580px\" \/><figcaption id=\"caption-attachment-98327\" class=\"wp-caption-text\">En ARFA Quinta descartaron de plano que vuelva a rodar el bal\u00f3n en el corto tiempo.<\/figcaption><\/figure>\n","protected":false},"excerpt":{"rendered":"<p>En el organismo que conduce el balompi\u00e9 amateur de la regi\u00f3n (ARFA Quinta) no creen en los cantos de sirena que dicen que de manera gradual se puede volver a la normalidad&#8230;<\/p>\n","protected":false},"author":482,"featured_media":98327,"comment_status":"open","ping_status":"open","sticky":false,"template":"","format":"standard","meta":{"advanced_seo_description":"","jetpack_seo_html_title":"","jetpack_seo_noindex":false,"_jetpack_memberships_contains_paid_content":false,"footnotes":""},"categories":[19],"tags":[],"class_list":["post-98326","post","type-post","status-publish","format-standard","has-post-thumbnail","hentry","category-deportes"],"jetpack_featured_media_url":"https:\/\/i0.wp.com\/eltrabajo.cl\/portal\/wp-content\/uploads\/2020\/04\/arfa.jpg?fit=580%2C360&ssl=1","jetpack_sharing_enabled":true,"jetpack_likes_enabled":true,"jetpack-related-posts":[],"_links":{"self":[{"href":"https:\/\/eltrabajo.cl\/portal\/wp-json\/wp\/v2\/posts\/98326","targetHints":{"allow":["GET"]}}],"collection":[{"href":"https:\/\/eltrabajo.cl\/portal\/wp-json\/wp\/v2\/posts"}],"about":[{"href":"https:\/\/eltrabajo.cl\/portal\/wp-json\/wp\/v2\/types\/post"}],"author":[{"embeddable":true,"href":"https:\/\/eltrabajo.cl\/portal\/wp-json\/wp\/v2\/users\/482"}],"replies":[{"embeddable":true,"href":"https:\/\/eltrabajo.cl\/portal\/wp-json\/wp\/v2\/comments?post=98326"}],"version-history":[{"count":0,"href":"https:\/\/eltrabajo.cl\/portal\/wp-json\/wp\/v2\/posts\/98326\/revisions"}],"wp:featuredmedia":[{"embeddable":true,"href":"https:\/\/eltrabajo.cl\/portal\/wp-json\/wp\/v2\/media\/98327"}],"wp:attachment":[{"href":"https:\/\/eltrabajo.cl\/portal\/wp-json\/wp\/v2\/media?parent=98326"}],"wp:term":[{"taxonomy":"category","embeddable":true,"href":"https:\/\/eltrabajo.cl\/portal\/wp-json\/wp\/v2\/categories?post=98326"},{"taxonomy":"post_tag","embeddable":true,"href":"https:\/\/eltrabajo.cl\/portal\/wp-json\/wp\/v2\/tags?post=98326"}],"curies":[{"name":"wp","href":"https:\/\/api.w.org\/{rel}","templated":true}]}}