{"id":98336,"date":"2020-04-22T19:37:04","date_gmt":"2020-04-22T23:37:04","guid":{"rendered":"http:\/\/www.eltrabajo.cl\/portal\/?p=98336"},"modified":"2020-04-22T19:37:04","modified_gmt":"2020-04-22T23:37:04","slug":"choque-de-alta-energia-en-villa-el-bosque-de-panquehue-deja-tres-personas-heridas","status":"publish","type":"post","link":"https:\/\/eltrabajo.cl\/portal\/choque-de-alta-energia-en-villa-el-bosque-de-panquehue-deja-tres-personas-heridas\/","title":{"rendered":"Choque de alta energ\u00eda en Villa El Bosque de Panquehue deja tres personas heridas"},"content":{"rendered":"<p><span style=\"color: #c81400;\"><strong>Uno de ellos grave, pero fuera de riesgo vital:<\/strong><\/span><\/p>\n<p><strong>PANQUEHUE<\/strong>.- Una colisi\u00f3n automovil\u00edstica de alta energ\u00eda fue la ocurrida hoy mi\u00e9rcoles a las 14:42 en la ruta Troncal en Panquehue, a la altura de Villa El Bosque. Los dos autos menores involucrados son de marca Mazda 3. Como resultado de la poderosa colisi\u00f3n resultaron heridas tres personas, la conductora de uno de los autos, y el conductor y su acompa\u00f1ante del otro Mazda.<\/p>\n<p>Minutos despu\u00e9s del accidente llegaron al lugar Bomberos de Panquehue y de San Felipe, unidades del SAMU para trasladar a los heridos, uno de gravedad con TEC cerrado y golpes en el cuerpo y cabeza los dem\u00e1s.<\/p>\n<p>&nbsp;<\/p>\n<p><span style=\"color: #c81400;\"><strong>EN INVESTIGACI\u00d3N<\/strong><\/span><\/p>\n<p>Seg\u00fan versiones de los vecinos, uno de los veh\u00edculos manejado por una educadora de p\u00e1rvulos de esa comuna, intent\u00f3 salir de la poblaci\u00f3n para incorporarse al flujo vehicular, y por razones que ahora son investigadas, no se percat\u00f3 que ven\u00eda el otro auto, chocando as\u00ed y girando varias veces en la ruta principal. Otros vecinos afirmaron tambi\u00e9n que el veh\u00edculo de la parvularia habr\u00eda presentado una falla que le impidi\u00f3 a su conductora maniobrar o controlar su autom\u00f3vil, quedando a merced del otro auto al no poder frenar el suyo.<\/p>\n<p><strong>Diario El Trabajo<\/strong> obtuvo un informe preliminar del suboficial de Carabineros <strong>Juan Fern\u00e1ndez L\u00f3pez<\/strong>, quien nos report\u00f3 que <em>\u00abesta es una colisi\u00f3n frontal de dos veh\u00edculos menores con tres personas lesionadas, una de ellas con lesiones graves, sin riesgo vital, los tres pacientes fueron trasladados por el SAMU al Hospital San Camilo de San Felipe\u00bb,<\/em> dijo Fern\u00e1ndez.<\/p>\n<p><strong>Roberto Gonz\u00e1lez Short<\/strong><\/p>\n<p>&nbsp;<\/p>\n<figure id=\"attachment_98337\" aria-describedby=\"caption-attachment-98337\" style=\"width: 580px\" class=\"wp-caption alignnone\"><img data-recalc-dims=\"1\" loading=\"lazy\" decoding=\"async\" class=\"size-full wp-image-98337\" src=\"https:\/\/i0.wp.com\/www.eltrabajo.cl\/portal\/wp-content\/uploads\/2020\/04\/Choque1.jpg?resize=580%2C360\" alt=\"ALTA ENERG\u00cdA.- As\u00ed quedaron los dos veh\u00edculos menores tras colisionar en Villa El Bosque la tarde de hoy mi\u00e9rcoles.\" width=\"580\" height=\"360\" srcset=\"https:\/\/i0.wp.com\/eltrabajo.cl\/portal\/wp-content\/uploads\/2020\/04\/Choque1.jpg?w=580&amp;ssl=1 580w, https:\/\/i0.wp.com\/eltrabajo.cl\/portal\/wp-content\/uploads\/2020\/04\/Choque1.jpg?resize=300%2C186&amp;ssl=1 300w, https:\/\/i0.wp.com\/eltrabajo.cl\/portal\/wp-content\/uploads\/2020\/04\/Choque1.jpg?resize=200%2C124&amp;ssl=1 200w, https:\/\/i0.wp.com\/eltrabajo.cl\/portal\/wp-content\/uploads\/2020\/04\/Choque1.jpg?resize=242%2C150&amp;ssl=1 242w, https:\/\/i0.wp.com\/eltrabajo.cl\/portal\/wp-content\/uploads\/2020\/04\/Choque1.jpg?resize=400%2C248&amp;ssl=1 400w\" sizes=\"auto, (max-width: 580px) 100vw, 580px\" \/><figcaption id=\"caption-attachment-98337\" class=\"wp-caption-text\">ALTA ENERG\u00cdA.- As\u00ed quedaron los dos veh\u00edculos menores tras colisionar en Villa El Bosque la tarde de hoy mi\u00e9rcoles.<\/figcaption><\/figure>\n<p>&nbsp;<\/p>\n<figure id=\"attachment_98338\" aria-describedby=\"caption-attachment-98338\" style=\"width: 580px\" class=\"wp-caption alignnone\"><img data-recalc-dims=\"1\" loading=\"lazy\" decoding=\"async\" class=\"size-full wp-image-98338\" src=\"https:\/\/i0.wp.com\/www.eltrabajo.cl\/portal\/wp-content\/uploads\/2020\/04\/Choque2.jpg?resize=580%2C360\" alt=\"MUY GOLPEADA.- Las c\u00e1maras de Diario El Trabajo registran el momento en que la educadora de p\u00e1rvulos era atendida por personal del SAMU y llevada al Hospital San Camilo.\" width=\"580\" height=\"360\" srcset=\"https:\/\/i0.wp.com\/eltrabajo.cl\/portal\/wp-content\/uploads\/2020\/04\/Choque2.jpg?w=580&amp;ssl=1 580w, https:\/\/i0.wp.com\/eltrabajo.cl\/portal\/wp-content\/uploads\/2020\/04\/Choque2.jpg?resize=300%2C186&amp;ssl=1 300w, https:\/\/i0.wp.com\/eltrabajo.cl\/portal\/wp-content\/uploads\/2020\/04\/Choque2.jpg?resize=200%2C124&amp;ssl=1 200w, https:\/\/i0.wp.com\/eltrabajo.cl\/portal\/wp-content\/uploads\/2020\/04\/Choque2.jpg?resize=242%2C150&amp;ssl=1 242w, https:\/\/i0.wp.com\/eltrabajo.cl\/portal\/wp-content\/uploads\/2020\/04\/Choque2.jpg?resize=400%2C248&amp;ssl=1 400w\" sizes=\"auto, (max-width: 580px) 100vw, 580px\" \/><figcaption id=\"caption-attachment-98338\" class=\"wp-caption-text\">MUY GOLPEADA.- Las c\u00e1maras de Diario El Trabajo registran el momento en que la educadora de p\u00e1rvulos era atendida por personal del SAMU y llevada al Hospital San Camilo.<\/figcaption><\/figure>\n<p>&nbsp;<\/p>\n<figure id=\"attachment_98339\" aria-describedby=\"caption-attachment-98339\" style=\"width: 580px\" class=\"wp-caption alignnone\"><img data-recalc-dims=\"1\" loading=\"lazy\" decoding=\"async\" class=\"size-full wp-image-98339\" src=\"https:\/\/i0.wp.com\/www.eltrabajo.cl\/portal\/wp-content\/uploads\/2020\/04\/Choque3.jpg?resize=580%2C359\" alt=\"P\u00c9RDIDAS MILLONARIAS.- As\u00ed qued\u00f3 el motor del Mazda patente WR 6016 tras la violenta colisi\u00f3n.\" width=\"580\" height=\"359\" srcset=\"https:\/\/i0.wp.com\/eltrabajo.cl\/portal\/wp-content\/uploads\/2020\/04\/Choque3.jpg?w=580&amp;ssl=1 580w, https:\/\/i0.wp.com\/eltrabajo.cl\/portal\/wp-content\/uploads\/2020\/04\/Choque3.jpg?resize=300%2C186&amp;ssl=1 300w, https:\/\/i0.wp.com\/eltrabajo.cl\/portal\/wp-content\/uploads\/2020\/04\/Choque3.jpg?resize=200%2C124&amp;ssl=1 200w, https:\/\/i0.wp.com\/eltrabajo.cl\/portal\/wp-content\/uploads\/2020\/04\/Choque3.jpg?resize=242%2C150&amp;ssl=1 242w, https:\/\/i0.wp.com\/eltrabajo.cl\/portal\/wp-content\/uploads\/2020\/04\/Choque3.jpg?resize=400%2C248&amp;ssl=1 400w\" sizes=\"auto, (max-width: 580px) 100vw, 580px\" \/><figcaption id=\"caption-attachment-98339\" class=\"wp-caption-text\">P\u00c9RDIDAS MILLONARIAS.- As\u00ed qued\u00f3 el motor del Mazda patente WR 6016 tras la violenta colisi\u00f3n.<\/figcaption><\/figure>\n","protected":false},"excerpt":{"rendered":"<p>Uno de ellos grave, pero fuera de riesgo vital: PANQUEHUE.- Una colisi\u00f3n automovil\u00edstica de alta energ\u00eda fue la ocurrida hoy mi\u00e9rcoles a las 14:42 en la ruta Troncal en Panquehue, a la&#8230;<\/p>\n","protected":false},"author":482,"featured_media":98338,"comment_status":"open","ping_status":"open","sticky":false,"template":"","format":"standard","meta":{"advanced_seo_description":"","jetpack_seo_html_title":"","jetpack_seo_noindex":false,"_jetpack_memberships_contains_paid_content":false,"footnotes":""},"categories":[21],"tags":[],"class_list":["post-98336","post","type-post","status-publish","format-standard","has-post-thumbnail","hentry","category-policial"],"jetpack_featured_media_url":"https:\/\/i0.wp.com\/eltrabajo.cl\/portal\/wp-content\/uploads\/2020\/04\/Choque2.jpg?fit=580%2C360&ssl=1","jetpack_sharing_enabled":true,"jetpack_likes_enabled":true,"jetpack-related-posts":[],"_links":{"self":[{"href":"https:\/\/eltrabajo.cl\/portal\/wp-json\/wp\/v2\/posts\/98336","targetHints":{"allow":["GET"]}}],"collection":[{"href":"https:\/\/eltrabajo.cl\/portal\/wp-json\/wp\/v2\/posts"}],"about":[{"href":"https:\/\/eltrabajo.cl\/portal\/wp-json\/wp\/v2\/types\/post"}],"author":[{"embeddable":true,"href":"https:\/\/eltrabajo.cl\/portal\/wp-json\/wp\/v2\/users\/482"}],"replies":[{"embeddable":true,"href":"https:\/\/eltrabajo.cl\/portal\/wp-json\/wp\/v2\/comments?post=98336"}],"version-history":[{"count":0,"href":"https:\/\/eltrabajo.cl\/portal\/wp-json\/wp\/v2\/posts\/98336\/revisions"}],"wp:featuredmedia":[{"embeddable":true,"href":"https:\/\/eltrabajo.cl\/portal\/wp-json\/wp\/v2\/media\/98338"}],"wp:attachment":[{"href":"https:\/\/eltrabajo.cl\/portal\/wp-json\/wp\/v2\/media?parent=98336"}],"wp:term":[{"taxonomy":"category","embeddable":true,"href":"https:\/\/eltrabajo.cl\/portal\/wp-json\/wp\/v2\/categories?post=98336"},{"taxonomy":"post_tag","embeddable":true,"href":"https:\/\/eltrabajo.cl\/portal\/wp-json\/wp\/v2\/tags?post=98336"}],"curies":[{"name":"wp","href":"https:\/\/api.w.org\/{rel}","templated":true}]}}