{"id":98341,"date":"2020-04-22T21:38:43","date_gmt":"2020-04-23T01:38:43","guid":{"rendered":"http:\/\/www.eltrabajo.cl\/portal\/?p=98341"},"modified":"2020-04-22T21:38:43","modified_gmt":"2020-04-23T01:38:43","slug":"en-prision-conductor-ebrio-tras-accidente-donde-murio-motorista-en-panquehue","status":"publish","type":"post","link":"https:\/\/eltrabajo.cl\/portal\/en-prision-conductor-ebrio-tras-accidente-donde-murio-motorista-en-panquehue\/","title":{"rendered":"En prisi\u00f3n conductor ebrio tras accidente donde muri\u00f3 motorista en Panquehue"},"content":{"rendered":"<p>En prisi\u00f3n preventiva, formalizado por conducci\u00f3n en estado de ebriedad con resultado de muerte, qued\u00f3 el conductor del autom\u00f3vil que impact\u00f3 con una motocicleta cuyo conductor perdi\u00f3 la vida.<\/p>\n<p>El accidente se registr\u00f3 el domingo 19 de abril a eso de las 13:00 horas, aproximadamente en el kil\u00f3metro 17 de la ruta Troncal, comuna de Panquehue.<\/p>\n<p>La informaci\u00f3n fue proporcionada por el fiscal a cargo de este caso, <strong>Julio Palacios Bobadilla<\/strong>, agregando que el imputado, <strong>Rafael Silva Camus<\/strong>, de 39 a\u00f1os de edad, efectuado el examen del alcohotest arroj\u00f3 2,57 gramos de alcohol por mil en la sangre. No obstante, se est\u00e1 a la espera que llegue el examen de alcoholemia definitivo desde el Servicio M\u00e9dico Legal.<\/p>\n<p>El fiscal Julio Palacios Bobadilla dijo que en este caso se aplica la \u2018Ley Emilia\u2019: <em>\u201cEn este caso se formaliz\u00f3 por el delito de conducir veh\u00edculo motorizado en estado de ebriedad con el resultado de muerte. La pena que en este caso \u00e9l arriesga va desde los tres a\u00f1os y un d\u00eda hasta los diez a\u00f1os de presidio, adem\u00e1s con multas, cancelaci\u00f3n de licencia de conducir\u201d,<\/em> se\u00f1al\u00f3.<\/p>\n<p>El fiscal explic\u00f3 que antes de sentenciar a las penas descritas, se debe revisar si tiene irreprochable conducta anterior. No obstante, de igual forma una persona que no tenga irreprochable conducta anterior debe cumplir m\u00ednimo un a\u00f1o en la c\u00e1rcel, seg\u00fan lo se\u00f1ala la ley.<\/p>\n<p>Recordar que la v\u00edctima fatal fue identificada como <strong>Manuel Espinoza Olivares<\/strong>, de 65 a\u00f1os de edad, domiciliado en el sector de Punta El Olivo.<\/p>\n<p>Se estableci\u00f3 un plazo para el cierre de la investigaci\u00f3n de 120 d\u00edas.<\/p>\n<p>La audiencia se realiz\u00f3 este martes 21 de abril a trav\u00e9s de video conferencia.<\/p>\n<p>&nbsp;<\/p>\n<figure id=\"attachment_98242\" aria-describedby=\"caption-attachment-98242\" style=\"width: 580px\" class=\"wp-caption alignnone\"><img data-recalc-dims=\"1\" loading=\"lazy\" decoding=\"async\" class=\"size-full wp-image-98242\" src=\"https:\/\/i0.wp.com\/www.eltrabajo.cl\/portal\/wp-content\/uploads\/2020\/04\/accidente-fatal-panquehue-2.jpg?resize=580%2C359\" alt=\"Personal de emergencia trabajando en el lugar del accidente que cost\u00f3 la vida a un motociclista de 65 a\u00f1os de edad aproximadamente.\" width=\"580\" height=\"359\" srcset=\"https:\/\/i0.wp.com\/eltrabajo.cl\/portal\/wp-content\/uploads\/2020\/04\/accidente-fatal-panquehue-2.jpg?w=580&amp;ssl=1 580w, https:\/\/i0.wp.com\/eltrabajo.cl\/portal\/wp-content\/uploads\/2020\/04\/accidente-fatal-panquehue-2.jpg?resize=300%2C186&amp;ssl=1 300w, https:\/\/i0.wp.com\/eltrabajo.cl\/portal\/wp-content\/uploads\/2020\/04\/accidente-fatal-panquehue-2.jpg?resize=200%2C124&amp;ssl=1 200w, https:\/\/i0.wp.com\/eltrabajo.cl\/portal\/wp-content\/uploads\/2020\/04\/accidente-fatal-panquehue-2.jpg?resize=242%2C150&amp;ssl=1 242w, https:\/\/i0.wp.com\/eltrabajo.cl\/portal\/wp-content\/uploads\/2020\/04\/accidente-fatal-panquehue-2.jpg?resize=400%2C248&amp;ssl=1 400w\" sizes=\"auto, (max-width: 580px) 100vw, 580px\" \/><figcaption id=\"caption-attachment-98242\" class=\"wp-caption-text\">Personal de emergencia trabajando en el lugar del accidente que cost\u00f3 la vida a un motociclista de 65 a\u00f1os de edad aproximadamente.<\/figcaption><\/figure>\n<p>&nbsp;<\/p>\n<figure id=\"attachment_98241\" aria-describedby=\"caption-attachment-98241\" style=\"width: 580px\" class=\"wp-caption alignnone\"><img data-recalc-dims=\"1\" loading=\"lazy\" decoding=\"async\" class=\"size-full wp-image-98241\" src=\"https:\/\/i0.wp.com\/www.eltrabajo.cl\/portal\/wp-content\/uploads\/2020\/04\/accidente-fatal-panquehue-1.jpg?resize=580%2C360\" alt=\"Este fue el autom\u00f3vil involucrado en el mortal accidente de tr\u00e1nsito registrado hoy alrededor de las 13 horas en la ruta Troncal de Panquehue.\" width=\"580\" height=\"360\" srcset=\"https:\/\/i0.wp.com\/eltrabajo.cl\/portal\/wp-content\/uploads\/2020\/04\/accidente-fatal-panquehue-1.jpg?w=580&amp;ssl=1 580w, https:\/\/i0.wp.com\/eltrabajo.cl\/portal\/wp-content\/uploads\/2020\/04\/accidente-fatal-panquehue-1.jpg?resize=300%2C186&amp;ssl=1 300w, https:\/\/i0.wp.com\/eltrabajo.cl\/portal\/wp-content\/uploads\/2020\/04\/accidente-fatal-panquehue-1.jpg?resize=200%2C124&amp;ssl=1 200w, https:\/\/i0.wp.com\/eltrabajo.cl\/portal\/wp-content\/uploads\/2020\/04\/accidente-fatal-panquehue-1.jpg?resize=242%2C150&amp;ssl=1 242w, https:\/\/i0.wp.com\/eltrabajo.cl\/portal\/wp-content\/uploads\/2020\/04\/accidente-fatal-panquehue-1.jpg?resize=400%2C248&amp;ssl=1 400w\" sizes=\"auto, (max-width: 580px) 100vw, 580px\" \/><figcaption id=\"caption-attachment-98241\" class=\"wp-caption-text\">Este fue el autom\u00f3vil involucrado en el mortal accidente de tr\u00e1nsito registrado alrededor de las 13 horas del domingo 19 de abril en la ruta Troncal de Panquehue.<\/figcaption><\/figure>\n","protected":false},"excerpt":{"rendered":"<p>En prisi\u00f3n preventiva, formalizado por conducci\u00f3n en estado de ebriedad con resultado de muerte, qued\u00f3 el conductor del autom\u00f3vil que impact\u00f3 con una motocicleta cuyo conductor perdi\u00f3 la vida. El accidente se&#8230;<\/p>\n","protected":false},"author":482,"featured_media":98242,"comment_status":"open","ping_status":"open","sticky":false,"template":"","format":"standard","meta":{"advanced_seo_description":"","jetpack_seo_html_title":"","jetpack_seo_noindex":false,"_jetpack_memberships_contains_paid_content":false,"footnotes":""},"categories":[97],"tags":[],"class_list":["post-98341","post","type-post","status-publish","format-standard","has-post-thumbnail","hentry","category-tribunales"],"jetpack_featured_media_url":"https:\/\/i0.wp.com\/eltrabajo.cl\/portal\/wp-content\/uploads\/2020\/04\/accidente-fatal-panquehue-2.jpg?fit=580%2C359&ssl=1","jetpack_sharing_enabled":true,"jetpack_likes_enabled":true,"jetpack-related-posts":[],"_links":{"self":[{"href":"https:\/\/eltrabajo.cl\/portal\/wp-json\/wp\/v2\/posts\/98341","targetHints":{"allow":["GET"]}}],"collection":[{"href":"https:\/\/eltrabajo.cl\/portal\/wp-json\/wp\/v2\/posts"}],"about":[{"href":"https:\/\/eltrabajo.cl\/portal\/wp-json\/wp\/v2\/types\/post"}],"author":[{"embeddable":true,"href":"https:\/\/eltrabajo.cl\/portal\/wp-json\/wp\/v2\/users\/482"}],"replies":[{"embeddable":true,"href":"https:\/\/eltrabajo.cl\/portal\/wp-json\/wp\/v2\/comments?post=98341"}],"version-history":[{"count":0,"href":"https:\/\/eltrabajo.cl\/portal\/wp-json\/wp\/v2\/posts\/98341\/revisions"}],"wp:featuredmedia":[{"embeddable":true,"href":"https:\/\/eltrabajo.cl\/portal\/wp-json\/wp\/v2\/media\/98242"}],"wp:attachment":[{"href":"https:\/\/eltrabajo.cl\/portal\/wp-json\/wp\/v2\/media?parent=98341"}],"wp:term":[{"taxonomy":"category","embeddable":true,"href":"https:\/\/eltrabajo.cl\/portal\/wp-json\/wp\/v2\/categories?post=98341"},{"taxonomy":"post_tag","embeddable":true,"href":"https:\/\/eltrabajo.cl\/portal\/wp-json\/wp\/v2\/tags?post=98341"}],"curies":[{"name":"wp","href":"https:\/\/api.w.org\/{rel}","templated":true}]}}