{"id":98350,"date":"2020-04-24T00:56:15","date_gmt":"2020-04-24T04:56:15","guid":{"rendered":"http:\/\/www.eltrabajo.cl\/portal\/?p=98350"},"modified":"2020-04-24T00:56:15","modified_gmt":"2020-04-24T04:56:15","slug":"advierten-del-peligro-en-el-aire-contaminado-que-respiramos-en-aconcagua","status":"publish","type":"post","link":"https:\/\/eltrabajo.cl\/portal\/advierten-del-peligro-en-el-aire-contaminado-que-respiramos-en-aconcagua\/","title":{"rendered":"Advierten del peligro en el aire contaminado que respiramos en Aconcagua"},"content":{"rendered":"<p><span style=\"color: #c81400;\"><strong>Empresa especializada tras realizar estrictas mediciones:<\/strong><\/span><\/p>\n<p>Una importante labor cient\u00edfica es la que vienen desarrollando en el Valle de Aconcagua, tres j\u00f3venes investigadores en el campo medioambiental, en beneficio de todos quienes vivimos en sus diez comunas. Se trata de una iniciativa del ingeniero el\u00e9ctrico <strong>Enzo Villarroel Malbr\u00e1n<\/strong>, quien fund\u00f3 la empresa <strong>M\u00e9tricas Inteligentes SpA<\/strong>, y la ha desarrollado al lado de <strong>Ren\u00e9 V\u00edlchez<\/strong>, arquitecto de software, y <strong>Pablo Aranda<\/strong>, ingeniero en medioambiente y recursos naturales.<\/p>\n<p>&nbsp;<\/p>\n<p><span style=\"color: #c81400;\"><strong>LO QUE RESPIRAMOS<\/strong><\/span><\/p>\n<p>Este proyecto apunta a brindar mediciones del aire particulado y otros campos relacionados a la informaci\u00f3n verificada de manera cient\u00edfica con gran exactitud, por lo que <strong>Diario El Trabajo<\/strong> logr\u00f3 conversar con su fundador, Enzo Villarroel, ya que hace algunos meses \u00e9l con su equipo humano y tecnol\u00f3gico realizaron una serie de estudios t\u00e9cnicos y cient\u00edficos en el Valle de Aconcagua, apuntando no solamente a conocer las condiciones atmosf\u00e9ricas del aire que respiramos, sino tambi\u00e9n de validar su trabajo de manera exponencial con el peligroso repunte de este ox\u00edgeno contaminado y el escenario actual relacionado con el Coronavirus.<\/p>\n<p>&#8211; <strong>\u00bfQu\u00e9 es lo que buscan desarrollar con este tipo de empresa y mediciones?<\/strong><\/p>\n<p>&#8211; Nosotros como j\u00f3venes, queremos ser un aporte a la comunidad del Valle de Aconcagua, quienes se merecen un ambiente limpio, es por esto que con los instrumentos que nosotros fabricamos les permite a quienes corresponda, tomar las medidas necesarias y as\u00ed ser un aporte al medioambiente y a la comunidad que se merece un valle limpio para el presente y futuras generaciones.<\/p>\n<p>&#8211; <strong>\u00bfQu\u00e9 miden ustedes con esos instrumentos y qu\u00e9 relaci\u00f3n tienen sus mediciones con el Covid19?<\/strong><\/p>\n<p>&#8211; Con estos instrumentos se puede medir la calidad del aire, que en la actualidad se encuentra peligrosamente contaminado, y que se agrava en el invierno, lo que con la pandemia que estamos viviendo el pa\u00eds se transformar\u00e1n en mortales y peligrosas para todos, sin diferenciar edades ni condiciones, ya que con el aumento de la mala calidad del aire el Coronavirus se vuelve m\u00e1s dif\u00edcil de eliminar.<\/p>\n<p>&#8211; <strong>\u00bfQu\u00e9 buscan con esta iniciativa y resultados de las pruebas?<\/strong><\/p>\n<p>&#8211; Con esto queremos hacer un llamado a las autoridades que corresponda, para que sepan que nosotros contamos con los instrumentos ya probados y avalados para medir y poder generar los informes correspondientes que les permitan la toma de medidas y tener las alertas para decretar alerta Zona latente o Zona saturada, en el Valle de Aconcagua.<\/p>\n<p>&#8211;<strong> \u00bfSe conocen otros estudios relacionados o similares en el mundo?<\/strong><\/p>\n<p>&#8211; S\u00ed. Los cient\u00edficos del gobierno de Estados Unidos estimaron hace semanas que la Covid-19 puede causar la muerte entre 100.000 y 240.000 personas en ese pa\u00eds. La mayor\u00eda de las condiciones preexistentes que aumentan el riesgo de muerte por Covid-19 son las mismas enfermedades que se ven afectadas por la exposici\u00f3n a largo plazo a la contaminaci\u00f3n del aire. Pues si la exposici\u00f3n promedio a largo plazo a part\u00edculas finas (PM 2.5) aumenta el riesgo de muerte por Covid-19 en Estados Unidos, encontramos entonces que un aumento de s\u00f3lo 1 \u00ec g \/ m 3 (microgramo por metro c\u00fabico) en PM 2.5 se asocia con un aumento del 15% en la tasa de mortalidad de Covid-19, intervalo de confianza (IC) del 95% (5%, 25%). Los resultados son estad\u00edsticamente significativos y s\u00f3lidos para los an\u00e1lisis secundarios y de sensibilidad. Un peque\u00f1o aumento en la exposici\u00f3n a largo plazo a PM 2.5 conduce a un gran aumento en la tasa de mortalidad de Covid-19, con una magnitud de aumento 20 veces mayor que la observada para PM 2.5 y mortalidad por todas las causas.<\/p>\n<p>&#8211; <strong>\u00bfQu\u00e9 resultados se obtuvieron con estos estudios?<\/strong><\/p>\n<p>&#8211; Los resultados del estudio subrayan la importancia de seguir haciendo cumplir las regulaciones existentes de contaminaci\u00f3n del aire para proteger la salud humana durante y despu\u00e9s de la crisis Covid-19.<\/p>\n<p>&#8211; <strong>\u00bfQu\u00e9 es el Material Particulado?<\/strong><\/p>\n<p>&#8211; El material particulado (MP) es un contaminante atmosf\u00e9rico que corresponde a aquellas part\u00edculas l\u00edquidas o s\u00f3lidas que se encuentran en suspensi\u00f3n, siendo posible clasificarlo seg\u00fan su di\u00e1metro en MP10 (grueso) y MP2.5 (fino). El primero es aquel en que las part\u00edculas tienen un di\u00e1metro menor a 10 micrones (o micr\u00f3metros), y el segundo, en que las part\u00edculas tienen un di\u00e1metro menor a 2.5 micrones. Por lo mismo, el MP2.5 se encuentra contenido en el MP10. Tambi\u00e9n existe el denominado MP ultrafino, de alrededor de 0,1 \u00ecm de di\u00e1metro.<\/p>\n<p>&#8211; <strong>\u00bfY c\u00f3mo estamos en Aconcagua con estas mediciones, qu\u00e9 tan t\u00f3xico es lo que respiramos?<\/strong><\/p>\n<p>&#8211; En el Valle de Aconcagua las comunas de Catemu y Llay Llay, han sido declaradas Zona saturadas por el Ministerio de Medioambiente, con respecto a su calidad del aire (esto significa que sobrepasan la normativa permitida). Mientras que en el resto del valle, las autoridades locales tienen que solicitar ser monitoreadas por la Seremi del Medioambiente, por un periodo de tiempo determinado y as\u00ed poder tomar las medidas necesarias y decretos alcaldicios que ayuden a la mejora de la calidad del aire.<\/p>\n<p>&#8211; <strong>\u00bfCu\u00e1l es el panorama en este sentido a nivel de toda la Regi\u00f3n Valpara\u00edso?<\/strong><\/p>\n<p>&#8211; En la V Regi\u00f3n Valpara\u00edso existen normativas como la ley N\u00b019.300, creada para la comuna de Con Con, Quintero y Puchuncav\u00ed. El Articulo 39 y 40 de esta ley, que hablan de la Prohibici\u00f3n de la quema de le\u00f1a, hojas, residuos forestales, residuos agroindustriales y domiciliarios cuyo fiscalizador de cumplir esta normativa es el SAG y Carabineros de Chile. Como tambi\u00e9n la ley 18.695 Org\u00e1nica Constitucional de Municipalidades y la ley 19.300, que obligan a los vendedores y consumidores de le\u00f1a a que \u00e9sta no posea un porcentaje mayor al 25% de humedad en ella.<\/p>\n<p>&#8211; <strong>\u00bfNos puede hablar de los resultados de las mediciones hechas en Aconcagua?<\/strong><\/p>\n<p>&#8211; En San Felipe el d\u00eda 24 de julio de 2019, a las 22:00 horas aproximadamente, realizamos una medici\u00f3n en el sector la cancha de tenis San Felipe, considerando que era fecha de bajas temperaturas y encendido de sistemas de calefacci\u00f3n por le\u00f1a, d\u00e1ndonos como resultado que los \u00edndices de calidad del aire estaban sobrepasando la norma chilena, donde el MP 2.5 estaba en 78 \u00ec g\/m3 medici\u00f3n en <strong>Alerta<\/strong>, y el MP 10 estaba en 39 \u00ec g\/m3 medici\u00f3n en <strong>Alerta<\/strong>. En Los Andes tambi\u00e9n el d\u00eda 9 de agosto de 2019 a las 22:00 horas aproximadamente, realizamos una medici\u00f3n sector Vista Cordillera (sector Cormec\u00e1nica), en fecha de bajas temperaturas y encendido de sistemas de calefacci\u00f3n por le\u00f1a, indic\u00e1ndonos que los \u00edndices de calidad del aire estaban sobrepasando la norma chilena en el cual el MP 2.5 est\u00e1 en 109 \u00ec g\/m3 medici\u00f3n en <strong>Pre-emergencia<\/strong> y el MP 10 est\u00e1 en 198 \u00ec g\/m3 medici\u00f3n en <strong>Alerta<\/strong>.<\/p>\n<p>&#8211; <strong>\u00bfA qu\u00e9 conclusiones y cu\u00e1les recomendaciones dar\u00eda usted a las autoridades para atender este problema?<\/strong><\/p>\n<p>&#8211; De partida para poder tener una conclusi\u00f3n necesitamos monitorear en un a\u00f1o las condiciones de la calidad del aire, en cuanto a las autoridades locales, lo recomendable ser\u00eda que ellas den aviso a Medioambiente, que tenemos mala calidad del aire y se atienda el problema. Tambi\u00e9n un llamado a las autoridades de educaci\u00f3n, pues los ni\u00f1os corren el riesgo de enfermar en actividades deportivas. Es muy importante monitorear la calidad del aire para saber cu\u00e1les son los meses del a\u00f1o m\u00e1s cr\u00edticos, es necesario medir la calidad y estudiar los niveles de contaminaci\u00f3n que llegan las comunas, para elaborar estudios de calidad del aire de las comunas; para saber si es necesario declarar como Zonas Saturadas o Latentes por Material Particulado Fino 3. Tomar medidas de protecci\u00f3n para la salud de la poblaci\u00f3n, a trav\u00e9s de Ordenanzas Ambientales Municipales.<\/p>\n<p><strong>Roberto Gonz\u00e1lez Short<\/strong><\/p>\n<p>&nbsp;<\/p>\n<figure id=\"attachment_98354\" aria-describedby=\"caption-attachment-98354\" style=\"width: 580px\" class=\"wp-caption alignnone\"><img data-recalc-dims=\"1\" loading=\"lazy\" decoding=\"async\" class=\"size-full wp-image-98354\" src=\"https:\/\/i0.wp.com\/www.eltrabajo.cl\/portal\/wp-content\/uploads\/2020\/04\/Particulado2.jpg?resize=580%2C359\" alt=\"PROBLEMA SIN RESOLVER.- La sobrecarga particulada en el aire que respiramos es un problema que nos afecta a todos, especialmente en este invierno y con la pandemia.\" width=\"580\" height=\"359\" srcset=\"https:\/\/i0.wp.com\/eltrabajo.cl\/portal\/wp-content\/uploads\/2020\/04\/Particulado2.jpg?w=580&amp;ssl=1 580w, https:\/\/i0.wp.com\/eltrabajo.cl\/portal\/wp-content\/uploads\/2020\/04\/Particulado2.jpg?resize=300%2C186&amp;ssl=1 300w, https:\/\/i0.wp.com\/eltrabajo.cl\/portal\/wp-content\/uploads\/2020\/04\/Particulado2.jpg?resize=200%2C124&amp;ssl=1 200w, https:\/\/i0.wp.com\/eltrabajo.cl\/portal\/wp-content\/uploads\/2020\/04\/Particulado2.jpg?resize=242%2C150&amp;ssl=1 242w, https:\/\/i0.wp.com\/eltrabajo.cl\/portal\/wp-content\/uploads\/2020\/04\/Particulado2.jpg?resize=400%2C248&amp;ssl=1 400w\" sizes=\"auto, (max-width: 580px) 100vw, 580px\" \/><figcaption id=\"caption-attachment-98354\" class=\"wp-caption-text\">PROBLEMA SIN RESOLVER.- La sobrecarga particulada en el aire que respiramos es un problema que nos afecta a todos, especialmente en este invierno y con la pandemia.<\/figcaption><\/figure>\n<p>&nbsp;<\/p>\n<figure id=\"attachment_98351\" aria-describedby=\"caption-attachment-98351\" style=\"width: 580px\" class=\"wp-caption alignnone\"><img data-recalc-dims=\"1\" loading=\"lazy\" decoding=\"async\" class=\"size-full wp-image-98351\" src=\"https:\/\/i0.wp.com\/www.eltrabajo.cl\/portal\/wp-content\/uploads\/2020\/04\/Particulado3.jpg?resize=580%2C360\" alt=\"EN TERRENO.- Aqu\u00ed vemos los resultados de una de las mediciones realizadas al aire sanfelipe\u00f1o el a\u00f1o pasado.\" width=\"580\" height=\"360\" srcset=\"https:\/\/i0.wp.com\/eltrabajo.cl\/portal\/wp-content\/uploads\/2020\/04\/Particulado3.jpg?w=580&amp;ssl=1 580w, https:\/\/i0.wp.com\/eltrabajo.cl\/portal\/wp-content\/uploads\/2020\/04\/Particulado3.jpg?resize=300%2C186&amp;ssl=1 300w, https:\/\/i0.wp.com\/eltrabajo.cl\/portal\/wp-content\/uploads\/2020\/04\/Particulado3.jpg?resize=200%2C124&amp;ssl=1 200w, https:\/\/i0.wp.com\/eltrabajo.cl\/portal\/wp-content\/uploads\/2020\/04\/Particulado3.jpg?resize=242%2C150&amp;ssl=1 242w, https:\/\/i0.wp.com\/eltrabajo.cl\/portal\/wp-content\/uploads\/2020\/04\/Particulado3.jpg?resize=400%2C248&amp;ssl=1 400w\" sizes=\"auto, (max-width: 580px) 100vw, 580px\" \/><figcaption id=\"caption-attachment-98351\" class=\"wp-caption-text\">EN TERRENO.- Aqu\u00ed vemos los resultados de una de las mediciones realizadas al aire sanfelipe\u00f1o el a\u00f1o pasado.<\/figcaption><\/figure>\n<p>&nbsp;<\/p>\n<figure id=\"attachment_98353\" aria-describedby=\"caption-attachment-98353\" style=\"width: 577px\" class=\"wp-caption alignnone\"><img data-recalc-dims=\"1\" loading=\"lazy\" decoding=\"async\" class=\"size-full wp-image-98353\" src=\"https:\/\/i0.wp.com\/www.eltrabajo.cl\/portal\/wp-content\/uploads\/2020\/04\/Particulado1.jpg?resize=577%2C360\" alt=\"ELLOS AL FRENTE.- Ellos son el ingeniero el\u00e9ctrico Enzo Villarroel Malbr\u00e1n, quien fund\u00f3 la empresa M\u00e9tricas Inteligentes SpA, Ren\u00e9 V\u00edlchez, arquitecto de software, y Pablo Aranda, ingeniero en medioambiente y recursos naturales.\" width=\"577\" height=\"360\" srcset=\"https:\/\/i0.wp.com\/eltrabajo.cl\/portal\/wp-content\/uploads\/2020\/04\/Particulado1.jpg?w=577&amp;ssl=1 577w, https:\/\/i0.wp.com\/eltrabajo.cl\/portal\/wp-content\/uploads\/2020\/04\/Particulado1.jpg?resize=300%2C187&amp;ssl=1 300w, https:\/\/i0.wp.com\/eltrabajo.cl\/portal\/wp-content\/uploads\/2020\/04\/Particulado1.jpg?resize=200%2C125&amp;ssl=1 200w, https:\/\/i0.wp.com\/eltrabajo.cl\/portal\/wp-content\/uploads\/2020\/04\/Particulado1.jpg?resize=240%2C150&amp;ssl=1 240w, https:\/\/i0.wp.com\/eltrabajo.cl\/portal\/wp-content\/uploads\/2020\/04\/Particulado1.jpg?resize=400%2C250&amp;ssl=1 400w\" sizes=\"auto, (max-width: 577px) 100vw, 577px\" \/><figcaption id=\"caption-attachment-98353\" class=\"wp-caption-text\">ELLOS AL FRENTE.- Ellos son el ingeniero el\u00e9ctrico Enzo Villarroel Malbr\u00e1n, quien fund\u00f3 la empresa M\u00e9tricas Inteligentes SpA, Ren\u00e9 V\u00edlchez, arquitecto de software, y Pablo Aranda, ingeniero en medioambiente y recursos naturales.<\/figcaption><\/figure>\n<p>&nbsp;<\/p>\n<figure id=\"attachment_98352\" aria-describedby=\"caption-attachment-98352\" style=\"width: 579px\" class=\"wp-caption alignnone\"><img data-recalc-dims=\"1\" loading=\"lazy\" decoding=\"async\" class=\"size-full wp-image-98352\" src=\"https:\/\/i0.wp.com\/www.eltrabajo.cl\/portal\/wp-content\/uploads\/2020\/04\/Particulado_Enzo-Villarroel.jpg?resize=579%2C600\" alt=\"Ingeniero el\u00e9ctrico Enzo Villarroel Malbr\u00e1n, fund\u00f3 la empresa M\u00e9tricas Inteligentes SpA.\" width=\"579\" height=\"600\" srcset=\"https:\/\/i0.wp.com\/eltrabajo.cl\/portal\/wp-content\/uploads\/2020\/04\/Particulado_Enzo-Villarroel.jpg?w=579&amp;ssl=1 579w, https:\/\/i0.wp.com\/eltrabajo.cl\/portal\/wp-content\/uploads\/2020\/04\/Particulado_Enzo-Villarroel.jpg?resize=290%2C300&amp;ssl=1 290w, https:\/\/i0.wp.com\/eltrabajo.cl\/portal\/wp-content\/uploads\/2020\/04\/Particulado_Enzo-Villarroel.jpg?resize=145%2C150&amp;ssl=1 145w, https:\/\/i0.wp.com\/eltrabajo.cl\/portal\/wp-content\/uploads\/2020\/04\/Particulado_Enzo-Villarroel.jpg?resize=400%2C415&amp;ssl=1 400w\" sizes=\"auto, (max-width: 579px) 100vw, 579px\" \/><figcaption id=\"caption-attachment-98352\" class=\"wp-caption-text\">Ingeniero el\u00e9ctrico Enzo Villarroel Malbr\u00e1n, fund\u00f3 la empresa M\u00e9tricas Inteligentes SpA.<\/figcaption><\/figure>\n","protected":false},"excerpt":{"rendered":"<p>Empresa especializada tras realizar estrictas mediciones: Una importante labor cient\u00edfica es la que vienen desarrollando en el Valle de Aconcagua, tres j\u00f3venes investigadores en el campo medioambiental, en beneficio de todos quienes&#8230;<\/p>\n","protected":false},"author":482,"featured_media":98354,"comment_status":"open","ping_status":"open","sticky":false,"template":"","format":"standard","meta":{"advanced_seo_description":"","jetpack_seo_html_title":"","jetpack_seo_noindex":false,"_jetpack_memberships_contains_paid_content":false,"footnotes":""},"categories":[15],"tags":[],"class_list":["post-98350","post","type-post","status-publish","format-standard","has-post-thumbnail","hentry","category-comunidad"],"jetpack_featured_media_url":"https:\/\/i0.wp.com\/eltrabajo.cl\/portal\/wp-content\/uploads\/2020\/04\/Particulado2.jpg?fit=580%2C359&ssl=1","jetpack_sharing_enabled":true,"jetpack_likes_enabled":true,"jetpack-related-posts":[],"_links":{"self":[{"href":"https:\/\/eltrabajo.cl\/portal\/wp-json\/wp\/v2\/posts\/98350","targetHints":{"allow":["GET"]}}],"collection":[{"href":"https:\/\/eltrabajo.cl\/portal\/wp-json\/wp\/v2\/posts"}],"about":[{"href":"https:\/\/eltrabajo.cl\/portal\/wp-json\/wp\/v2\/types\/post"}],"author":[{"embeddable":true,"href":"https:\/\/eltrabajo.cl\/portal\/wp-json\/wp\/v2\/users\/482"}],"replies":[{"embeddable":true,"href":"https:\/\/eltrabajo.cl\/portal\/wp-json\/wp\/v2\/comments?post=98350"}],"version-history":[{"count":0,"href":"https:\/\/eltrabajo.cl\/portal\/wp-json\/wp\/v2\/posts\/98350\/revisions"}],"wp:featuredmedia":[{"embeddable":true,"href":"https:\/\/eltrabajo.cl\/portal\/wp-json\/wp\/v2\/media\/98354"}],"wp:attachment":[{"href":"https:\/\/eltrabajo.cl\/portal\/wp-json\/wp\/v2\/media?parent=98350"}],"wp:term":[{"taxonomy":"category","embeddable":true,"href":"https:\/\/eltrabajo.cl\/portal\/wp-json\/wp\/v2\/categories?post=98350"},{"taxonomy":"post_tag","embeddable":true,"href":"https:\/\/eltrabajo.cl\/portal\/wp-json\/wp\/v2\/tags?post=98350"}],"curies":[{"name":"wp","href":"https:\/\/api.w.org\/{rel}","templated":true}]}}