{"id":98356,"date":"2020-04-24T00:59:16","date_gmt":"2020-04-24T04:59:16","guid":{"rendered":"http:\/\/www.eltrabajo.cl\/portal\/?p=98356"},"modified":"2020-04-24T00:59:16","modified_gmt":"2020-04-24T04:59:16","slug":"internos-del-ccp-san-felipe-sin-visita-conyugal-y-familiar-por-el-covid-19","status":"publish","type":"post","link":"https:\/\/eltrabajo.cl\/portal\/internos-del-ccp-san-felipe-sin-visita-conyugal-y-familiar-por-el-covid-19\/","title":{"rendered":"Internos del CCP San Felipe sin visita conyugal y familiar por el Covid-19"},"content":{"rendered":"<p><span style=\"color: #c81400;\"><strong>Usan su tiempo trabajando, en deportes y sanitizando el penal:<\/strong><\/span><\/p>\n<p>Hoy en <strong>Diario El Trabajo<\/strong> ofrecemos a nuestros lectores la entrevista realizada al alcaide del CCP San Felipe, mayor <strong>Brallan Silva Vergara<\/strong>, quien nos explic\u00f3 detalladamente c\u00f3mo est\u00e1n viviendo los 246 privados de libertad que ah\u00ed permanecen. El diario vivir de la poblaci\u00f3n penal transcurre entre actividades de limpieza, campeonatos deportivos y tiempo laboral de aquellos que cuentan con el bendito privilegio de tener trabajo.<\/p>\n<p>&#8211; <strong>\u00bfC\u00f3mo est\u00e1 Gendarmer\u00eda manejando el escenario general relacionado con el Coronavirus y la poblaci\u00f3n penal sanfelipe\u00f1a?<\/strong><\/p>\n<p>&#8211; Nosotros a la fecha tenemos 246 internos entre imputados y condenados. Con respecto al Coronavirus estamos cumpliendo con todas las medidas de seguridad impuestas por el alto mando institucional y la Direcci\u00f3n Regional del Departamento de Salud, esto quiere decir que estamos sanitizando constantemente los controles al ingreso tanto para funcionarios como personas de afuera como visitas, familiares de internos y proveedores; todos tienen que pasar por un control sanitario, entre ellos la toma de temperatura, lavado de manos, correspondiente limpieza del calzado, tambi\u00e9n se realiza tanto en la puerta principal como en la segunda reja que da hacia el interior del penal.<\/p>\n<p>&#8211; <strong>\u00bfC\u00f3mo se interact\u00faa con los presos en tiempos de la pandemia?<\/strong><\/p>\n<p>&#8211; En lo que respecta a la poblaci\u00f3n penal propiamente tal, tambi\u00e9n nosotros tenemos medidas de seguridad, se les autoriz\u00f3 que sus familiares les trajeran alcoholgel mascarillas y guantes. Por otra parte nosotros semanalmente les estamos suministrando jab\u00f3n y cloro para las dependencias, tanto para los patios donde est\u00e1n en el d\u00eda al igual que los dormitorios.<\/p>\n<p>&#8211; <strong>\u00bfHay buena comunicaci\u00f3n entre Gendarmer\u00eda y los privados de libertad sobre las medidas que tienen que cumplir?<\/strong><\/p>\n<p>&#8211; Bueno desde el primer momento, de acuerdo a los lineamientos institucionales, nosotros y yo personalmente mantengo contacto directo con ellos, concurro diariamente a los patios tanto de imputados como de condenados, y el Patio 5 en donde tenemos a internos acusados por delitos sexuales y otras personas, y toda informaci\u00f3n se las entrego a ellos directamente, porque aunque ellos se enteren de todo por la prensa, yo de todas maneras les informo de lo que est\u00e1 pasando aqu\u00ed, porque por ejemplo si hay un interno que llevamos al hospital, el resto piensa quiz\u00e1s que es que este interno tiene Coronavirus, entonces tengo que estar inform\u00e1ndoles constantemente de cada situaci\u00f3n de estas.<\/p>\n<p>&#8211; <strong>\u00bfAlguna situaci\u00f3n de violencia a ra\u00edz de las restricciones que ahora tienen los internos?<\/strong><\/p>\n<p>&#8211; No, en esta unidad penal no hemos tenido violencia por el tema del Coronavirus, porque nosotros al mantener constante comunicaci\u00f3n con ellos y tambi\u00e9n estamos incentivando el trabajo y m\u00e1s actividades deportivas, adem\u00e1s que ellos mismos sanitizan toda la unidad y en eso ellos van pasando el d\u00eda.<\/p>\n<p>&#8211; <strong>\u00bfC\u00f3mo est\u00e1n manejando el tema de los indultos en este centro penitenciario?<\/strong><\/p>\n<p>&#8211; Bien, nosotros ya comenzamos el d\u00eda viernes con los indultos conmutativos, lo que no significa que el penado termine su condena, lo que pasa es que la va a cumplir en otra modalidad, hay algunas personas que la van a cumplir con Reclusi\u00f3n Nocturna, Reclusi\u00f3n Domiciliaria Total, en esta unidad penal para ser espec\u00edfico nosotros gestionamos la postulaci\u00f3n de once personas que hasta la fecha nueve de ellas ya han salido con el Indulto, tenemos dos pendientes que el d\u00eda de hoy se debe resolver.<\/p>\n<p>&#8211; <strong>\u00bfCu\u00e1l es el perfil que debe tener un recluso para postular a este indulto?<\/strong><\/p>\n<p>&#8211; Hay ciertas condenas tienen que cumplir una buena conducta, no todas las condenas pueden postular, los delitos sexuales no pueden ser indultados ni los hechos violentos de sangre; son s\u00f3lo ciertos delitos que la ley establece, y est\u00e1 por etapas, o sea si les queda menos de seis meses de condena cumplen un Arresto Domiciliario, y si tienen entre seis y 36 meses de condena, ellos pueden salir durante seis meses, estar en su domicilio y posteriormente tienen que retornar al penal a seguir cumpliendo su condena como estaban al inicio de este indulto.<\/p>\n<p>&#8211; <strong>\u00bfY las visitas conyugales de los internos?<\/strong><\/p>\n<p>&#8211; Esa visita se suspendi\u00f3, tambi\u00e9n est\u00e1n suspendidas, tanto la visita familiar normal como la conyugal est\u00e1n suspendidas.<\/p>\n<p>&#8211; <strong>\u00bfQu\u00e9 actividades laborales desarrollan estos internos?<\/strong><\/p>\n<p>&#8211; Nosotros tenemos dos talleres de confecci\u00f3n de mascarillas, uno de esos grupos confeccionan mascarillas tanto para el personal de Gendarmer\u00eda como para ellos mismos en calidad de internos. Esos internos son contratados por el CET de Valpara\u00edso, ellos reciben un sueldo por el tema de las mascarillas, son unas seis personas en este grupo.<\/p>\n<p>&nbsp;<\/p>\n<p><span style=\"color: #c81400;\"><strong>SE SIENTEN PROTEGIDOS<\/strong><\/span><\/p>\n<p><strong>Diario El Trabajo<\/strong> tambi\u00e9n habl\u00f3 con uno de los privados de libertad, quien habl\u00f3 en nombre de la mayor\u00eda de compa\u00f1eros, nos referimos a <strong>Pablo Zamora<\/strong>: <em>\u00abAqu\u00ed estamos bien todos, con el tema del Coronavirus est\u00e1 aqu\u00ed la situaci\u00f3n bien controlada, todos hacemos caso pues todos amamos a nuestras familias, Gendarmer\u00eda nos atiende bien, mi Mayor igual nos trae cosas para nuestra higiene. Estamos todos unidos y manteniendo el penal sanitizado, nadie se quiere enfermar ac\u00e1<\/em>\u00bb, dijo Zamora.<\/p>\n<p><strong>Roberto Gonz\u00e1lez Short<\/strong><\/p>\n<p>&nbsp;<\/p>\n<figure id=\"attachment_98357\" aria-describedby=\"caption-attachment-98357\" style=\"width: 580px\" class=\"wp-caption alignnone\"><img data-recalc-dims=\"1\" loading=\"lazy\" decoding=\"async\" class=\"size-full wp-image-98357\" src=\"https:\/\/i0.wp.com\/www.eltrabajo.cl\/portal\/wp-content\/uploads\/2020\/04\/Presos3.jpg?resize=580%2C359\" alt=\"RECURSOS DE PROTECCI\u00d3N.- Las c\u00e1maras de Diario El Trabajo captaron a los privados de libertad fabricando mascarillas.\" width=\"580\" height=\"359\" srcset=\"https:\/\/i0.wp.com\/eltrabajo.cl\/portal\/wp-content\/uploads\/2020\/04\/Presos3.jpg?w=580&amp;ssl=1 580w, https:\/\/i0.wp.com\/eltrabajo.cl\/portal\/wp-content\/uploads\/2020\/04\/Presos3.jpg?resize=300%2C186&amp;ssl=1 300w, https:\/\/i0.wp.com\/eltrabajo.cl\/portal\/wp-content\/uploads\/2020\/04\/Presos3.jpg?resize=200%2C124&amp;ssl=1 200w, https:\/\/i0.wp.com\/eltrabajo.cl\/portal\/wp-content\/uploads\/2020\/04\/Presos3.jpg?resize=242%2C150&amp;ssl=1 242w, https:\/\/i0.wp.com\/eltrabajo.cl\/portal\/wp-content\/uploads\/2020\/04\/Presos3.jpg?resize=400%2C248&amp;ssl=1 400w\" sizes=\"auto, (max-width: 580px) 100vw, 580px\" \/><figcaption id=\"caption-attachment-98357\" class=\"wp-caption-text\">RECURSOS DE PROTECCI\u00d3N.- Las c\u00e1maras de Diario El Trabajo captaron a los privados de libertad fabricando mascarillas.<\/figcaption><\/figure>\n<p>&nbsp;<\/p>\n<figure id=\"attachment_98360\" aria-describedby=\"caption-attachment-98360\" style=\"width: 578px\" class=\"wp-caption alignnone\"><img data-recalc-dims=\"1\" loading=\"lazy\" decoding=\"async\" class=\"size-full wp-image-98360\" src=\"https:\/\/i0.wp.com\/www.eltrabajo.cl\/portal\/wp-content\/uploads\/2020\/04\/Presos1.jpg?resize=578%2C331\" alt=\"TIENEN TRABAJO.- Ellos son los encargados de confeccionar mascarillas para el uso tanto de oficiales de Gendarmer\u00eda, como para ellos mismos.\" width=\"578\" height=\"331\" srcset=\"https:\/\/i0.wp.com\/eltrabajo.cl\/portal\/wp-content\/uploads\/2020\/04\/Presos1.jpg?w=578&amp;ssl=1 578w, https:\/\/i0.wp.com\/eltrabajo.cl\/portal\/wp-content\/uploads\/2020\/04\/Presos1.jpg?resize=300%2C172&amp;ssl=1 300w, https:\/\/i0.wp.com\/eltrabajo.cl\/portal\/wp-content\/uploads\/2020\/04\/Presos1.jpg?resize=200%2C115&amp;ssl=1 200w, https:\/\/i0.wp.com\/eltrabajo.cl\/portal\/wp-content\/uploads\/2020\/04\/Presos1.jpg?resize=262%2C150&amp;ssl=1 262w, https:\/\/i0.wp.com\/eltrabajo.cl\/portal\/wp-content\/uploads\/2020\/04\/Presos1.jpg?resize=400%2C229&amp;ssl=1 400w\" sizes=\"auto, (max-width: 578px) 100vw, 578px\" \/><figcaption id=\"caption-attachment-98360\" class=\"wp-caption-text\">TIENEN TRABAJO.- Ellos son los encargados de confeccionar mascarillas para el uso tanto de oficiales de Gendarmer\u00eda, como para ellos mismos.<\/figcaption><\/figure>\n<p>&nbsp;<\/p>\n<figure id=\"attachment_98361\" aria-describedby=\"caption-attachment-98361\" style=\"width: 580px\" class=\"wp-caption alignnone\"><img data-recalc-dims=\"1\" loading=\"lazy\" decoding=\"async\" class=\"size-full wp-image-98361\" src=\"https:\/\/i0.wp.com\/www.eltrabajo.cl\/portal\/wp-content\/uploads\/2020\/04\/Presos2.jpg?resize=580%2C360\" alt=\"ASEO EXTREMO.- Al fondo vemos al alcaide mayor Brallan Silva, mostr\u00e1ndonos un cub\u00edculo para sanitizar a quienes ingresan al reducto carcelario.\" width=\"580\" height=\"360\" srcset=\"https:\/\/i0.wp.com\/eltrabajo.cl\/portal\/wp-content\/uploads\/2020\/04\/Presos2.jpg?w=580&amp;ssl=1 580w, https:\/\/i0.wp.com\/eltrabajo.cl\/portal\/wp-content\/uploads\/2020\/04\/Presos2.jpg?resize=300%2C186&amp;ssl=1 300w, https:\/\/i0.wp.com\/eltrabajo.cl\/portal\/wp-content\/uploads\/2020\/04\/Presos2.jpg?resize=200%2C124&amp;ssl=1 200w, https:\/\/i0.wp.com\/eltrabajo.cl\/portal\/wp-content\/uploads\/2020\/04\/Presos2.jpg?resize=242%2C150&amp;ssl=1 242w, https:\/\/i0.wp.com\/eltrabajo.cl\/portal\/wp-content\/uploads\/2020\/04\/Presos2.jpg?resize=400%2C248&amp;ssl=1 400w\" sizes=\"auto, (max-width: 580px) 100vw, 580px\" \/><figcaption id=\"caption-attachment-98361\" class=\"wp-caption-text\">ASEO EXTREMO.- Al fondo vemos al alcaide mayor Brallan Silva, mostr\u00e1ndonos un cub\u00edculo para sanitizar a quienes ingresan al reducto carcelario.<\/figcaption><\/figure>\n<p>&nbsp;<\/p>\n<figure id=\"attachment_98359\" aria-describedby=\"caption-attachment-98359\" style=\"width: 580px\" class=\"wp-caption alignnone\"><img data-recalc-dims=\"1\" loading=\"lazy\" decoding=\"async\" class=\"size-full wp-image-98359\" src=\"https:\/\/i0.wp.com\/www.eltrabajo.cl\/portal\/wp-content\/uploads\/2020\/04\/Presos_Pablo-Zamora.jpg?resize=580%2C600\" alt=\"Pablo Zamora, interno del CCP San Felipe.\" width=\"580\" height=\"600\" srcset=\"https:\/\/i0.wp.com\/eltrabajo.cl\/portal\/wp-content\/uploads\/2020\/04\/Presos_Pablo-Zamora.jpg?w=580&amp;ssl=1 580w, https:\/\/i0.wp.com\/eltrabajo.cl\/portal\/wp-content\/uploads\/2020\/04\/Presos_Pablo-Zamora.jpg?resize=290%2C300&amp;ssl=1 290w, https:\/\/i0.wp.com\/eltrabajo.cl\/portal\/wp-content\/uploads\/2020\/04\/Presos_Pablo-Zamora.jpg?resize=145%2C150&amp;ssl=1 145w, https:\/\/i0.wp.com\/eltrabajo.cl\/portal\/wp-content\/uploads\/2020\/04\/Presos_Pablo-Zamora.jpg?resize=400%2C414&amp;ssl=1 400w\" sizes=\"auto, (max-width: 580px) 100vw, 580px\" \/><figcaption id=\"caption-attachment-98359\" class=\"wp-caption-text\">Pablo Zamora, interno del CCP San Felipe.<\/figcaption><\/figure>\n<p>&nbsp;<\/p>\n<figure id=\"attachment_98358\" aria-describedby=\"caption-attachment-98358\" style=\"width: 580px\" class=\"wp-caption alignnone\"><img data-recalc-dims=\"1\" loading=\"lazy\" decoding=\"async\" class=\"size-full wp-image-98358\" src=\"https:\/\/i0.wp.com\/www.eltrabajo.cl\/portal\/wp-content\/uploads\/2020\/04\/Presos_Brallan-Silva-Vergara.jpg?resize=580%2C598\" alt=\"Alcaide del CCP San Felipe, mayor Brallan Silva Vergara.\" width=\"580\" height=\"598\" srcset=\"https:\/\/i0.wp.com\/eltrabajo.cl\/portal\/wp-content\/uploads\/2020\/04\/Presos_Brallan-Silva-Vergara.jpg?w=580&amp;ssl=1 580w, https:\/\/i0.wp.com\/eltrabajo.cl\/portal\/wp-content\/uploads\/2020\/04\/Presos_Brallan-Silva-Vergara.jpg?resize=291%2C300&amp;ssl=1 291w, https:\/\/i0.wp.com\/eltrabajo.cl\/portal\/wp-content\/uploads\/2020\/04\/Presos_Brallan-Silva-Vergara.jpg?resize=145%2C150&amp;ssl=1 145w, https:\/\/i0.wp.com\/eltrabajo.cl\/portal\/wp-content\/uploads\/2020\/04\/Presos_Brallan-Silva-Vergara.jpg?resize=400%2C412&amp;ssl=1 400w\" sizes=\"auto, (max-width: 580px) 100vw, 580px\" \/><figcaption id=\"caption-attachment-98358\" class=\"wp-caption-text\">Alcaide del CCP San Felipe, mayor Brallan Silva Vergara.<\/figcaption><\/figure>\n","protected":false},"excerpt":{"rendered":"<p>Usan su tiempo trabajando, en deportes y sanitizando el penal: Hoy en Diario El Trabajo ofrecemos a nuestros lectores la entrevista realizada al alcaide del CCP San Felipe, mayor Brallan Silva Vergara,&#8230;<\/p>\n","protected":false},"author":482,"featured_media":98357,"comment_status":"open","ping_status":"open","sticky":false,"template":"","format":"standard","meta":{"advanced_seo_description":"","jetpack_seo_html_title":"","jetpack_seo_noindex":false,"_jetpack_memberships_contains_paid_content":false,"footnotes":""},"categories":[15],"tags":[],"class_list":["post-98356","post","type-post","status-publish","format-standard","has-post-thumbnail","hentry","category-comunidad"],"jetpack_featured_media_url":"https:\/\/i0.wp.com\/eltrabajo.cl\/portal\/wp-content\/uploads\/2020\/04\/Presos3.jpg?fit=580%2C359&ssl=1","jetpack_sharing_enabled":true,"jetpack_likes_enabled":true,"jetpack-related-posts":[],"_links":{"self":[{"href":"https:\/\/eltrabajo.cl\/portal\/wp-json\/wp\/v2\/posts\/98356","targetHints":{"allow":["GET"]}}],"collection":[{"href":"https:\/\/eltrabajo.cl\/portal\/wp-json\/wp\/v2\/posts"}],"about":[{"href":"https:\/\/eltrabajo.cl\/portal\/wp-json\/wp\/v2\/types\/post"}],"author":[{"embeddable":true,"href":"https:\/\/eltrabajo.cl\/portal\/wp-json\/wp\/v2\/users\/482"}],"replies":[{"embeddable":true,"href":"https:\/\/eltrabajo.cl\/portal\/wp-json\/wp\/v2\/comments?post=98356"}],"version-history":[{"count":0,"href":"https:\/\/eltrabajo.cl\/portal\/wp-json\/wp\/v2\/posts\/98356\/revisions"}],"wp:featuredmedia":[{"embeddable":true,"href":"https:\/\/eltrabajo.cl\/portal\/wp-json\/wp\/v2\/media\/98357"}],"wp:attachment":[{"href":"https:\/\/eltrabajo.cl\/portal\/wp-json\/wp\/v2\/media?parent=98356"}],"wp:term":[{"taxonomy":"category","embeddable":true,"href":"https:\/\/eltrabajo.cl\/portal\/wp-json\/wp\/v2\/categories?post=98356"},{"taxonomy":"post_tag","embeddable":true,"href":"https:\/\/eltrabajo.cl\/portal\/wp-json\/wp\/v2\/tags?post=98356"}],"curies":[{"name":"wp","href":"https:\/\/api.w.org\/{rel}","templated":true}]}}