{"id":98366,"date":"2020-04-24T01:02:47","date_gmt":"2020-04-24T05:02:47","guid":{"rendered":"http:\/\/www.eltrabajo.cl\/portal\/?p=98366"},"modified":"2020-04-24T01:02:47","modified_gmt":"2020-04-24T05:02:47","slug":"madre-con-el-corazon-destrozado-pide-justicia-para-su-hijo-asesinado","status":"publish","type":"post","link":"https:\/\/eltrabajo.cl\/portal\/madre-con-el-corazon-destrozado-pide-justicia-para-su-hijo-asesinado\/","title":{"rendered":"Madre con el coraz\u00f3n destrozado pide justicia para su hijo asesinado"},"content":{"rendered":"<p><span style=\"color: #c81400;\"><strong>Piensa que por ser pobre no la ayudan:<\/strong><\/span><\/p>\n<p>Sigue el desesperado llamado de una madre para que la \u00abjusticia haga justicia\u00bb por el asesinato de su hijo \u00c1lvaro, crimen ocurrido el d\u00eda 7 de diciembre del a\u00f1o pasado. Se trata de Fresia Soto.<br \/>\nEn su misiva cuenta que era feliz hasta el d\u00eda del homicidio de su hijo. Actualmente se siente con el coraz\u00f3n destrozado, porque hasta el momento no ha tenido justicia. Pide ayuda a la PDI y a la Fiscal\u00eda Local de San Felipe.<br \/>\nNosotros como medio de comunicaci\u00f3n ya hab\u00edamos hecho p\u00fablico la desesperada situaci\u00f3n que vive.<br \/>\nEn ese momento entre l\u00e1grimas nos relat\u00f3 la angustia que como madre estaba viviendo, algo que lamentablemente hasta el d\u00eda de hoy sigue padeciendo porque no ha encontrado apoyo entre las instituciones que por mandato constitucional deben ayudarla. Piensa que por ser pobre no la ayudan.<br \/>\nSe siente decepcionada, porque mientras ella est\u00e1 sumida en la desesperaci\u00f3n, el responsable de la muerte de su hijo debe andar en la calle, libre y sin que todav\u00eda la mano de la justicia llegue hasta \u00e9l.<br \/>\nA continuaci\u00f3n le dejamos la carta \u00edntegra que nos hizo llegar, rogando que tenga una buena acogida entre las instituciones:<br \/>\n\u00abMe presento ante ustedes, soy una madre con el coraz\u00f3n destrozado. Hasta el d\u00eda 07-12-2019 yo era feliz, ten\u00eda 6 hijos, ahora estoy sumida en una profunda pena, tristeza y dolor, uno de mis hijos fue arrebatado de mi vida. Les cuento parte de como era su vida conmigo. \u00c1lvaro era alegre, chistoso, solidario, muy de piel conmigo y sus hermanos; ten\u00eda la mala costumbre de ser amigo de quien \u00e9l cre\u00eda que eran sus amigos (no lo eran). Tuvo la mala suerte de encontrarse con una lacra, una hiena que a lo mejor por unos cochinos pesos acab\u00f3 con la vida de mi \u00c1lvaro, sin importarle nada. \u00c9l camina muy tranquilo por la calle, mientras yo cada d\u00eda que pasa siento que voy muriendo poco a poco, ya no soporto esta angustia y el dolor tan grande que dej\u00f3 su ausencia; no hay remedio ni palabras para expresar lo que siento, solo pido justicia para mi hijo.<br \/>\n\u00abTambi\u00e9n quiero dirigirme a ti, escoria de la sociedad, porque s\u00e9 que esto lo leer\u00e1s t\u00fa o alguno de tus amigotes, tienes las manos manchadas con la sangre de mi hijo y esa mancha nunca te la quitar\u00e1s, cada vez que te mires al espejo ver\u00e1s al asesino que eres. Recuerda que hay un Dios y ante sus ojos nada se puede esconder, creo mucho en la justicia divina. Yo como madre de \u00c1lvaro necesito pedir a los fiscales, a PDI que me ayuden para no sentir que por ser pobre he sido ignorada, y no me temblar\u00e1 la mano como a ti no te tembl\u00f3 la tuya, al disparar tu arma asesina. Me gustar\u00eda saber qu\u00e9 pas\u00f3, ya que con la puerta giratoria que tantas veces anunci\u00f3 el presidente, que cada d\u00eda hay m\u00e1s delincuencia.<br \/>\n\u00abBueno tambi\u00e9n quiero hacer un llamado a sus amigos, si es que realmente lo fueron, si saben algo, por favor lo digan, si es que de verdad quisieron a mi hijo \u00c1lvaro, aunque sea uno de ese mill\u00f3n de amigos que tenga la valent\u00eda y el coraje de ayudarme, solo quiero encontrar justicia. Quiero ser escuchada. Que la justicia, si es que la hay, se ponga la mano en el coraz\u00f3n y al fin me ayude a esclarecer nuestro sufrimiento como familia. Quiero que mi hijo descanse en paz y poder dormir por las noches, solo conf\u00edo en Dios que as\u00ed ser\u00e1. De todo lo dicho ac\u00e1 yo me hago responsable. Se despide una mam\u00e1 con el alma destrozada\u00bb.<br \/>\nCabe recordar que este asesinato ocurri\u00f3 en Avenida Hermanos Carrera con Enc\u00f3n.<\/p>\n<p>&nbsp;<\/p>\n<figure id=\"attachment_98367\" aria-describedby=\"caption-attachment-98367\" style=\"width: 580px\" class=\"wp-caption alignnone\"><img data-recalc-dims=\"1\" loading=\"lazy\" decoding=\"async\" class=\"size-full wp-image-98367\" src=\"https:\/\/i0.wp.com\/www.eltrabajo.cl\/portal\/wp-content\/uploads\/2020\/04\/Fresia-Soto-copia.jpg?resize=580%2C600\" alt=\"Fresia Soto con la foto de su hijo.\" width=\"580\" height=\"600\" srcset=\"https:\/\/i0.wp.com\/eltrabajo.cl\/portal\/wp-content\/uploads\/2020\/04\/Fresia-Soto-copia.jpg?w=580&amp;ssl=1 580w, https:\/\/i0.wp.com\/eltrabajo.cl\/portal\/wp-content\/uploads\/2020\/04\/Fresia-Soto-copia.jpg?resize=290%2C300&amp;ssl=1 290w, https:\/\/i0.wp.com\/eltrabajo.cl\/portal\/wp-content\/uploads\/2020\/04\/Fresia-Soto-copia.jpg?resize=145%2C150&amp;ssl=1 145w, https:\/\/i0.wp.com\/eltrabajo.cl\/portal\/wp-content\/uploads\/2020\/04\/Fresia-Soto-copia.jpg?resize=400%2C414&amp;ssl=1 400w\" sizes=\"auto, (max-width: 580px) 100vw, 580px\" \/><figcaption id=\"caption-attachment-98367\" class=\"wp-caption-text\">Fresia Soto con la foto de su hijo.<\/figcaption><\/figure>\n","protected":false},"excerpt":{"rendered":"<p>Piensa que por ser pobre no la ayudan: Sigue el desesperado llamado de una madre para que la \u00abjusticia haga justicia\u00bb por el asesinato de su hijo \u00c1lvaro, crimen ocurrido el d\u00eda&#8230;<\/p>\n","protected":false},"author":482,"featured_media":98368,"comment_status":"open","ping_status":"open","sticky":false,"template":"","format":"standard","meta":{"advanced_seo_description":"","jetpack_seo_html_title":"","jetpack_seo_noindex":false,"_jetpack_memberships_contains_paid_content":false,"footnotes":""},"categories":[15],"tags":[],"class_list":["post-98366","post","type-post","status-publish","format-standard","has-post-thumbnail","hentry","category-comunidad"],"jetpack_featured_media_url":"https:\/\/i0.wp.com\/eltrabajo.cl\/portal\/wp-content\/uploads\/2020\/04\/Fresia-Soto-.jpg?fit=580%2C358&ssl=1","jetpack_sharing_enabled":true,"jetpack_likes_enabled":true,"jetpack-related-posts":[],"_links":{"self":[{"href":"https:\/\/eltrabajo.cl\/portal\/wp-json\/wp\/v2\/posts\/98366","targetHints":{"allow":["GET"]}}],"collection":[{"href":"https:\/\/eltrabajo.cl\/portal\/wp-json\/wp\/v2\/posts"}],"about":[{"href":"https:\/\/eltrabajo.cl\/portal\/wp-json\/wp\/v2\/types\/post"}],"author":[{"embeddable":true,"href":"https:\/\/eltrabajo.cl\/portal\/wp-json\/wp\/v2\/users\/482"}],"replies":[{"embeddable":true,"href":"https:\/\/eltrabajo.cl\/portal\/wp-json\/wp\/v2\/comments?post=98366"}],"version-history":[{"count":0,"href":"https:\/\/eltrabajo.cl\/portal\/wp-json\/wp\/v2\/posts\/98366\/revisions"}],"wp:featuredmedia":[{"embeddable":true,"href":"https:\/\/eltrabajo.cl\/portal\/wp-json\/wp\/v2\/media\/98368"}],"wp:attachment":[{"href":"https:\/\/eltrabajo.cl\/portal\/wp-json\/wp\/v2\/media?parent=98366"}],"wp:term":[{"taxonomy":"category","embeddable":true,"href":"https:\/\/eltrabajo.cl\/portal\/wp-json\/wp\/v2\/categories?post=98366"},{"taxonomy":"post_tag","embeddable":true,"href":"https:\/\/eltrabajo.cl\/portal\/wp-json\/wp\/v2\/tags?post=98366"}],"curies":[{"name":"wp","href":"https:\/\/api.w.org\/{rel}","templated":true}]}}