{"id":98370,"date":"2020-04-24T01:05:25","date_gmt":"2020-04-24T05:05:25","guid":{"rendered":"http:\/\/www.eltrabajo.cl\/portal\/?p=98370"},"modified":"2020-04-24T01:05:25","modified_gmt":"2020-04-24T05:05:25","slug":"incendio-arraso-con-modesta-vivienda-y-arrebato-la-vida-a-mujer-de-63-anos","status":"publish","type":"post","link":"https:\/\/eltrabajo.cl\/portal\/incendio-arraso-con-modesta-vivienda-y-arrebato-la-vida-a-mujer-de-63-anos\/","title":{"rendered":"Incendio arras\u00f3 con modesta vivienda y arrebat\u00f3 la vida a mujer de 63 a\u00f1os"},"content":{"rendered":"<p><strong>CALLE LARGA.-<\/strong> Un incendio estructural la ma\u00f1ana de ayer jueves (9:30 horas) destruy\u00f3 por completo la casa ubicada en calle Castro 123 en el sector El Guindal de Calle Larga, lo que result\u00f3 en la muerte de la vecina <strong>Margarita C\u00e1ceres C\u00e1ceres<\/strong>, de 63 a\u00f1os de edad, quien al momento de declararse el siniestro se encontraba sola en el inmueble.<\/p>\n<p>La ahora fallecida viv\u00eda desde hace muchos a\u00f1os con su hermano <strong>Pedro Enrique<\/strong>, quien en ese momento se encontraba en labores de jardiner\u00eda en las poblaciones aleda\u00f1as, seg\u00fan reportaron varios vecinos del lugar.<\/p>\n<p>Las c\u00e1maras de <strong>Diario El Trabajo<\/strong> tomaron registro del triste escenario, autoridades de Bomberos, Carabineros y la PDI manejaron la escena para establecer las posibles causas del incendio. Seg\u00fan nos comentaron algunos vecinos, do\u00f1a Margarita C\u00e1ceres tendr\u00eda algunos impedimentos para caminar, y al parecer sufrir\u00eda de enfermedad mental, lo que pudo haberle dificultado escapar de las llamas.<\/p>\n<p>Ella y su hermano eran personas de escasos recursos econ\u00f3micos y eran bastante apreciados en el vecindario.<\/p>\n<p>&nbsp;<\/p>\n<p><span style=\"color: #c81400;\"><strong>CONFIRMAN DECESO<\/strong><\/span><\/p>\n<p>Nuestro medio habl\u00f3 con <strong>H\u00e9ctor Bustos Ojeda<\/strong>, segundo comandante del Cuerpo de Bomberos de Los Andes y Calle Larga, quien confirm\u00f3 el hallazgo de una mujer sin vida al interior de la propiedad afectada por las llamas. <em>\u00abNosotros fuimos despachados a un incendio estructural. Al llegar nuestra primera unidad de la Bomba Calle Larga informa incendio estructural en fase de libre combusti\u00f3n y se da la primera Alarma de Incendio, llegando cinco Compa\u00f1\u00edas del Cuerpo de Bomberos de Los Andes y se hizo la b\u00fasqueda de rescate, encontrando una persona fallecida en el lugar, en este caso una mujer. Las causas de este incendio est\u00e1n siendo investigadas en este momento, el fuego destruy\u00f3 el inmueble en su totalidad<\/em>\u00bb, dijo Bustos a <strong>Diario El Trabajo<\/strong>.<\/p>\n<p><strong>Roberto Gonz\u00e1lez Short<br \/>\n<\/strong><strong>ENVIADO ESPECIAL<\/strong><\/p>\n<p>&nbsp;<\/p>\n<figure id=\"attachment_98371\" aria-describedby=\"caption-attachment-98371\" style=\"width: 580px\" class=\"wp-caption alignnone\"><img data-recalc-dims=\"1\" loading=\"lazy\" decoding=\"async\" class=\"size-full wp-image-98371\" src=\"https:\/\/i0.wp.com\/www.eltrabajo.cl\/portal\/wp-content\/uploads\/2020\/04\/Fallecida1.jpg?resize=580%2C360\" alt=\"INVESTIGAN TRAGEDIA.- Las c\u00e1maras de Diario El Trabajo tomaron registro del accionar de la PDI y Bomberos al interior del inmueble siniestrado.\" width=\"580\" height=\"360\" srcset=\"https:\/\/i0.wp.com\/eltrabajo.cl\/portal\/wp-content\/uploads\/2020\/04\/Fallecida1.jpg?w=580&amp;ssl=1 580w, https:\/\/i0.wp.com\/eltrabajo.cl\/portal\/wp-content\/uploads\/2020\/04\/Fallecida1.jpg?resize=300%2C186&amp;ssl=1 300w, https:\/\/i0.wp.com\/eltrabajo.cl\/portal\/wp-content\/uploads\/2020\/04\/Fallecida1.jpg?resize=200%2C124&amp;ssl=1 200w, https:\/\/i0.wp.com\/eltrabajo.cl\/portal\/wp-content\/uploads\/2020\/04\/Fallecida1.jpg?resize=242%2C150&amp;ssl=1 242w, https:\/\/i0.wp.com\/eltrabajo.cl\/portal\/wp-content\/uploads\/2020\/04\/Fallecida1.jpg?resize=400%2C248&amp;ssl=1 400w\" sizes=\"auto, (max-width: 580px) 100vw, 580px\" \/><figcaption id=\"caption-attachment-98371\" class=\"wp-caption-text\">INVESTIGAN TRAGEDIA.- Las c\u00e1maras de Diario El Trabajo tomaron registro del accionar de la PDI y Bomberos al interior del inmueble siniestrado.<\/figcaption><\/figure>\n<p>&nbsp;<\/p>\n<figure id=\"attachment_98372\" aria-describedby=\"caption-attachment-98372\" style=\"width: 580px\" class=\"wp-caption alignnone\"><img data-recalc-dims=\"1\" loading=\"lazy\" decoding=\"async\" class=\"size-full wp-image-98372\" src=\"https:\/\/i0.wp.com\/www.eltrabajo.cl\/portal\/wp-content\/uploads\/2020\/04\/Fallecida2.jpg?resize=580%2C359\" alt=\"NADA SE PUDO HACER.- Esta es la triste escena en la que el cuerpo de do\u00f1a Margarita C\u00e1ceres fue hallado.\" width=\"580\" height=\"359\" srcset=\"https:\/\/i0.wp.com\/eltrabajo.cl\/portal\/wp-content\/uploads\/2020\/04\/Fallecida2.jpg?w=580&amp;ssl=1 580w, https:\/\/i0.wp.com\/eltrabajo.cl\/portal\/wp-content\/uploads\/2020\/04\/Fallecida2.jpg?resize=300%2C186&amp;ssl=1 300w, https:\/\/i0.wp.com\/eltrabajo.cl\/portal\/wp-content\/uploads\/2020\/04\/Fallecida2.jpg?resize=200%2C124&amp;ssl=1 200w, https:\/\/i0.wp.com\/eltrabajo.cl\/portal\/wp-content\/uploads\/2020\/04\/Fallecida2.jpg?resize=242%2C150&amp;ssl=1 242w, https:\/\/i0.wp.com\/eltrabajo.cl\/portal\/wp-content\/uploads\/2020\/04\/Fallecida2.jpg?resize=400%2C248&amp;ssl=1 400w\" sizes=\"auto, (max-width: 580px) 100vw, 580px\" \/><figcaption id=\"caption-attachment-98372\" class=\"wp-caption-text\">NADA SE PUDO HACER.- Esta es la triste escena en la que el cuerpo de do\u00f1a Margarita C\u00e1ceres fue hallado.<\/figcaption><\/figure>\n<p>&nbsp;<\/p>\n<figure id=\"attachment_98373\" aria-describedby=\"caption-attachment-98373\" style=\"width: 580px\" class=\"wp-caption alignnone\"><img data-recalc-dims=\"1\" loading=\"lazy\" decoding=\"async\" class=\"size-full wp-image-98373\" src=\"https:\/\/i0.wp.com\/www.eltrabajo.cl\/portal\/wp-content\/uploads\/2020\/04\/Fallecida3.jpg?resize=580%2C359\" alt=\"El Servicio M\u00e9dico Legal qued\u00f3 a cargo del cuerpo encontrado, y certificar\u00e1 las causas exactas de la muerte de la mujer.\" width=\"580\" height=\"359\" srcset=\"https:\/\/i0.wp.com\/eltrabajo.cl\/portal\/wp-content\/uploads\/2020\/04\/Fallecida3.jpg?w=580&amp;ssl=1 580w, https:\/\/i0.wp.com\/eltrabajo.cl\/portal\/wp-content\/uploads\/2020\/04\/Fallecida3.jpg?resize=300%2C186&amp;ssl=1 300w, https:\/\/i0.wp.com\/eltrabajo.cl\/portal\/wp-content\/uploads\/2020\/04\/Fallecida3.jpg?resize=200%2C124&amp;ssl=1 200w, https:\/\/i0.wp.com\/eltrabajo.cl\/portal\/wp-content\/uploads\/2020\/04\/Fallecida3.jpg?resize=242%2C150&amp;ssl=1 242w, https:\/\/i0.wp.com\/eltrabajo.cl\/portal\/wp-content\/uploads\/2020\/04\/Fallecida3.jpg?resize=400%2C248&amp;ssl=1 400w\" sizes=\"auto, (max-width: 580px) 100vw, 580px\" \/><figcaption id=\"caption-attachment-98373\" class=\"wp-caption-text\">El Servicio M\u00e9dico Legal qued\u00f3 a cargo del cuerpo encontrado, y certificar\u00e1 las causas exactas de la muerte de la mujer.<\/figcaption><\/figure>\n<p>&nbsp;<\/p>\n<figure id=\"attachment_98374\" aria-describedby=\"caption-attachment-98374\" style=\"width: 580px\" class=\"wp-caption alignnone\"><img data-recalc-dims=\"1\" loading=\"lazy\" decoding=\"async\" class=\"size-full wp-image-98374\" src=\"https:\/\/i0.wp.com\/www.eltrabajo.cl\/portal\/wp-content\/uploads\/2020\/04\/Fallecida_Hector-Bustos.jpg?resize=580%2C600\" alt=\"H\u00e9ctor Bustos Ojeda, segundo comandante del Cuerpo de Bomberos de Los Andes y Calle Larga.\" width=\"580\" height=\"600\" srcset=\"https:\/\/i0.wp.com\/eltrabajo.cl\/portal\/wp-content\/uploads\/2020\/04\/Fallecida_Hector-Bustos.jpg?w=580&amp;ssl=1 580w, https:\/\/i0.wp.com\/eltrabajo.cl\/portal\/wp-content\/uploads\/2020\/04\/Fallecida_Hector-Bustos.jpg?resize=290%2C300&amp;ssl=1 290w, https:\/\/i0.wp.com\/eltrabajo.cl\/portal\/wp-content\/uploads\/2020\/04\/Fallecida_Hector-Bustos.jpg?resize=145%2C150&amp;ssl=1 145w, https:\/\/i0.wp.com\/eltrabajo.cl\/portal\/wp-content\/uploads\/2020\/04\/Fallecida_Hector-Bustos.jpg?resize=400%2C414&amp;ssl=1 400w\" sizes=\"auto, (max-width: 580px) 100vw, 580px\" \/><figcaption id=\"caption-attachment-98374\" class=\"wp-caption-text\">H\u00e9ctor Bustos Ojeda, segundo comandante del Cuerpo de Bomberos de Los Andes y Calle Larga.<\/figcaption><\/figure>\n","protected":false},"excerpt":{"rendered":"<p>CALLE LARGA.- Un incendio estructural la ma\u00f1ana de ayer jueves (9:30 horas) destruy\u00f3 por completo la casa ubicada en calle Castro 123 en el sector El Guindal de Calle Larga, lo que&#8230;<\/p>\n","protected":false},"author":482,"featured_media":98372,"comment_status":"open","ping_status":"open","sticky":false,"template":"","format":"standard","meta":{"advanced_seo_description":"","jetpack_seo_html_title":"","jetpack_seo_noindex":false,"_jetpack_memberships_contains_paid_content":false,"footnotes":""},"categories":[21],"tags":[],"class_list":["post-98370","post","type-post","status-publish","format-standard","has-post-thumbnail","hentry","category-policial"],"jetpack_featured_media_url":"https:\/\/i0.wp.com\/eltrabajo.cl\/portal\/wp-content\/uploads\/2020\/04\/Fallecida2.jpg?fit=580%2C359&ssl=1","jetpack_sharing_enabled":true,"jetpack_likes_enabled":true,"jetpack-related-posts":[],"_links":{"self":[{"href":"https:\/\/eltrabajo.cl\/portal\/wp-json\/wp\/v2\/posts\/98370","targetHints":{"allow":["GET"]}}],"collection":[{"href":"https:\/\/eltrabajo.cl\/portal\/wp-json\/wp\/v2\/posts"}],"about":[{"href":"https:\/\/eltrabajo.cl\/portal\/wp-json\/wp\/v2\/types\/post"}],"author":[{"embeddable":true,"href":"https:\/\/eltrabajo.cl\/portal\/wp-json\/wp\/v2\/users\/482"}],"replies":[{"embeddable":true,"href":"https:\/\/eltrabajo.cl\/portal\/wp-json\/wp\/v2\/comments?post=98370"}],"version-history":[{"count":0,"href":"https:\/\/eltrabajo.cl\/portal\/wp-json\/wp\/v2\/posts\/98370\/revisions"}],"wp:featuredmedia":[{"embeddable":true,"href":"https:\/\/eltrabajo.cl\/portal\/wp-json\/wp\/v2\/media\/98372"}],"wp:attachment":[{"href":"https:\/\/eltrabajo.cl\/portal\/wp-json\/wp\/v2\/media?parent=98370"}],"wp:term":[{"taxonomy":"category","embeddable":true,"href":"https:\/\/eltrabajo.cl\/portal\/wp-json\/wp\/v2\/categories?post=98370"},{"taxonomy":"post_tag","embeddable":true,"href":"https:\/\/eltrabajo.cl\/portal\/wp-json\/wp\/v2\/tags?post=98370"}],"curies":[{"name":"wp","href":"https:\/\/api.w.org\/{rel}","templated":true}]}}