{"id":98381,"date":"2020-04-26T20:05:37","date_gmt":"2020-04-27T00:05:37","guid":{"rendered":"http:\/\/www.eltrabajo.cl\/portal\/?p=98381"},"modified":"2020-04-26T20:43:22","modified_gmt":"2020-04-27T00:43:22","slug":"desesperados-comerciantes-retoman-sus-ventas-en-feria-diego-de-almagro","status":"publish","type":"post","link":"https:\/\/eltrabajo.cl\/portal\/desesperados-comerciantes-retoman-sus-ventas-en-feria-diego-de-almagro\/","title":{"rendered":"Desesperados comerciantes retoman sus ventas en feria Diego de Almagro"},"content":{"rendered":"<p><span style=\"color: #c81400;\"><strong>Esperan que este martes Municipio les otorgue permiso definitivo:<\/strong><\/span><\/p>\n<ul>\n<li><strong>Necesitan trabajar y llevar alimentos a sus familias. Este domingo se instalaron cientos de ellos para vender sus productos como siempre lo hab\u00edan hecho.<\/strong><\/li>\n<\/ul>\n<p>Luego de varias semanas de conversaciones entre los comerciantes de bazares y antig\u00fcedades que funcionaban en la Feria Diego de Almagro y la Mesa T\u00e9cnica de Trabajo del Municipio, y despu\u00e9s tambi\u00e9n de seguir sin llegar ambas partes a puerto seguro, los feriantes se instalaron ayer domingo en el sector con sus productos a manera de marcha blanca.<\/p>\n<p>&nbsp;<\/p>\n<p><span style=\"color: #c81400;\"><strong>EN MARCHA BLANCA<\/strong><\/span><\/p>\n<p>Las c\u00e1maras de <strong>Diario El Trabajo<\/strong> hicieron un recorrido por las inmediaciones de Enc\u00f3n y Poblaci\u00f3n San Felipe. Efectivamente eran cientos de puestos los que funcionaron durante la ma\u00f1ana y tarde del d\u00eda. A la venta hab\u00eda mucha verdura y frutas, as\u00ed como ropa usada, productos de limpieza y otros art\u00edculos de bazar.<\/p>\n<p>El presidente de la Feria N\u00b01 de Antig\u00fcedades, <strong>Miguel Torres<\/strong>, coment\u00f3 a nuestro medio que <em>\u00abhoy de momento estamos trabajando la verdura y art\u00edculos para el aseo, nada m\u00e1s eso, ya que el martes 28 vamos a sostener una reuni\u00f3n para que las ferias n\u00fameros 1, 2 y 3 podamos trabajar los d\u00edas s\u00e1bado, eso es lo que estamos los comerciantes pidiendo, pues hay muchos que ya est\u00e1n con los bolsillos pelados y necesitamos todos trabajar. Un tema es que no se puede hacer la Feria de Antig\u00fcedades con la de verdura porque est\u00e1n con el virus aqu\u00ed y all\u00e1; el se\u00f1or alcalde y las dem\u00e1s autoridades de la municipalidad nos est\u00e1n apoyando mucho para que este martes<\/em> (ma\u00f1ana) <em>nos puedan dar permiso para trabajar los s\u00e1bados en la feria<\/em>\u00bb, dijo Torres.<\/p>\n<p>&#8211; <strong>\u00bfDe cu\u00e1ntos feriantes estamos hablando instalados hoy domingo?<\/strong><\/p>\n<p>&#8211; Aqu\u00ed estamos hablando que de los feriantes de Antig\u00fcedades son 400 puestos, entre la feria 1, 2 y 3.<\/p>\n<p>&#8211; <strong>\u00bfQu\u00e9 opinas del Municipio, hay voluntad de apoyar a los feriantes?<\/strong><\/p>\n<p>&#8211; El se\u00f1or alcalde y los concejales nos est\u00e1n dando la facilidad para que los feriantes podamos trabajar porque la necesidad se ha notado mucho, y hay gente que no tiene qu\u00e9 hacer y tienen que pagar luz, arriendo y muchas cosas, por eso est\u00e1n desesperados.<\/p>\n<p>&nbsp;<\/p>\n<p><span style=\"color: #c81400;\"><strong>NECESITAN TRABAJAR<\/strong><\/span><\/p>\n<p>Seg\u00fan versiones municipales, ma\u00f1ana martes la Municipalidad de San Felipe estar\u00eda determinando finalmente el destino laboral de estos comerciantes sanfelipe\u00f1os, quienes obligados por la cuarentena hoy se ven casi forzados a romperla para poder trabajar y llevar sustento a sus hogares. \u00bfQu\u00e9 decidir\u00e1 finalmente la Mesa T\u00e9cnica de Trabajo?<\/p>\n<p><strong>Roberto Gonz\u00e1lez Short<\/strong><\/p>\n<p>&nbsp;<\/p>\n<figure id=\"attachment_98386\" aria-describedby=\"caption-attachment-98386\" style=\"width: 580px\" class=\"wp-caption alignnone\"><img data-recalc-dims=\"1\" loading=\"lazy\" decoding=\"async\" class=\"size-full wp-image-98386\" src=\"https:\/\/i0.wp.com\/www.eltrabajo.cl\/portal\/wp-content\/uploads\/2020\/04\/Feria3.jpg?resize=580%2C360\" alt=\"EN ESPERA.- Estos comerciantes esperan a que ma\u00f1ana el Municipio les d\u00e9 el anhelado permiso para continuar con sus vidas en la parte laboral.\" width=\"580\" height=\"360\" srcset=\"https:\/\/i0.wp.com\/eltrabajo.cl\/portal\/wp-content\/uploads\/2020\/04\/Feria3.jpg?w=580&amp;ssl=1 580w, https:\/\/i0.wp.com\/eltrabajo.cl\/portal\/wp-content\/uploads\/2020\/04\/Feria3.jpg?resize=300%2C186&amp;ssl=1 300w, https:\/\/i0.wp.com\/eltrabajo.cl\/portal\/wp-content\/uploads\/2020\/04\/Feria3.jpg?resize=200%2C124&amp;ssl=1 200w, https:\/\/i0.wp.com\/eltrabajo.cl\/portal\/wp-content\/uploads\/2020\/04\/Feria3.jpg?resize=150%2C93&amp;ssl=1 150w\" sizes=\"auto, (max-width: 580px) 100vw, 580px\" \/><figcaption id=\"caption-attachment-98386\" class=\"wp-caption-text\">EN ESPERA.- Estos comerciantes esperan a que ma\u00f1ana el Municipio les d\u00e9 el anhelado permiso para continuar con sus vidas en la parte laboral.<\/figcaption><\/figure>\n<p>&nbsp;<\/p>\n<figure id=\"attachment_98385\" aria-describedby=\"caption-attachment-98385\" style=\"width: 580px\" class=\"wp-caption alignnone\"><img data-recalc-dims=\"1\" loading=\"lazy\" decoding=\"async\" class=\"size-full wp-image-98385\" src=\"https:\/\/i0.wp.com\/www.eltrabajo.cl\/portal\/wp-content\/uploads\/2020\/04\/Feria2-1.jpg?resize=580%2C360\" alt=\"CLIENTES CONTENTOS.- Tambi\u00e9n los clientes ven aliviados la oportunidad para comprar a mejores precios art\u00edculos de primera necesidad.\" width=\"580\" height=\"360\" srcset=\"https:\/\/i0.wp.com\/eltrabajo.cl\/portal\/wp-content\/uploads\/2020\/04\/Feria2-1.jpg?w=580&amp;ssl=1 580w, https:\/\/i0.wp.com\/eltrabajo.cl\/portal\/wp-content\/uploads\/2020\/04\/Feria2-1.jpg?resize=300%2C186&amp;ssl=1 300w, https:\/\/i0.wp.com\/eltrabajo.cl\/portal\/wp-content\/uploads\/2020\/04\/Feria2-1.jpg?resize=200%2C124&amp;ssl=1 200w, https:\/\/i0.wp.com\/eltrabajo.cl\/portal\/wp-content\/uploads\/2020\/04\/Feria2-1.jpg?resize=150%2C93&amp;ssl=1 150w\" sizes=\"auto, (max-width: 580px) 100vw, 580px\" \/><figcaption id=\"caption-attachment-98385\" class=\"wp-caption-text\">CLIENTES CONTENTOS.- Tambi\u00e9n los clientes ven aliviados la oportunidad para comprar a mejores precios art\u00edculos de primera necesidad.<\/figcaption><\/figure>\n<p>&nbsp;<\/p>\n<figure id=\"attachment_98384\" aria-describedby=\"caption-attachment-98384\" style=\"width: 580px\" class=\"wp-caption alignnone\"><img data-recalc-dims=\"1\" loading=\"lazy\" decoding=\"async\" class=\"size-full wp-image-98384\" src=\"https:\/\/i0.wp.com\/www.eltrabajo.cl\/portal\/wp-content\/uploads\/2020\/04\/Feria1-1.jpg?resize=580%2C360\" alt=\"DESESPERADOS.- Este era el panorama ayer domingo en las inmediaciones de Enc\u00f3n y Poblaci\u00f3n San Felipe.\" width=\"580\" height=\"360\" srcset=\"https:\/\/i0.wp.com\/eltrabajo.cl\/portal\/wp-content\/uploads\/2020\/04\/Feria1-1.jpg?w=580&amp;ssl=1 580w, https:\/\/i0.wp.com\/eltrabajo.cl\/portal\/wp-content\/uploads\/2020\/04\/Feria1-1.jpg?resize=300%2C186&amp;ssl=1 300w, https:\/\/i0.wp.com\/eltrabajo.cl\/portal\/wp-content\/uploads\/2020\/04\/Feria1-1.jpg?resize=200%2C124&amp;ssl=1 200w, https:\/\/i0.wp.com\/eltrabajo.cl\/portal\/wp-content\/uploads\/2020\/04\/Feria1-1.jpg?resize=150%2C93&amp;ssl=1 150w\" sizes=\"auto, (max-width: 580px) 100vw, 580px\" \/><figcaption id=\"caption-attachment-98384\" class=\"wp-caption-text\">DESESPERADOS.- Este era el panorama ayer domingo en las inmediaciones de Enc\u00f3n y Poblaci\u00f3n San Felipe.<\/figcaption><\/figure>\n<p>&nbsp;<\/p>\n<figure id=\"attachment_98382\" aria-describedby=\"caption-attachment-98382\" style=\"width: 580px\" class=\"wp-caption alignnone\"><img data-recalc-dims=\"1\" loading=\"lazy\" decoding=\"async\" class=\"size-full wp-image-98382\" src=\"https:\/\/i0.wp.com\/www.eltrabajo.cl\/portal\/wp-content\/uploads\/2020\/04\/Feria4.jpg?resize=580%2C360\" alt=\"Familias enteras salieron este domingo a realizar las compras de verduras, frutas y productos de aseo en la Feria de Verduras.\" width=\"580\" height=\"360\" srcset=\"https:\/\/i0.wp.com\/eltrabajo.cl\/portal\/wp-content\/uploads\/2020\/04\/Feria4.jpg?w=580&amp;ssl=1 580w, https:\/\/i0.wp.com\/eltrabajo.cl\/portal\/wp-content\/uploads\/2020\/04\/Feria4.jpg?resize=300%2C186&amp;ssl=1 300w, https:\/\/i0.wp.com\/eltrabajo.cl\/portal\/wp-content\/uploads\/2020\/04\/Feria4.jpg?resize=200%2C124&amp;ssl=1 200w, https:\/\/i0.wp.com\/eltrabajo.cl\/portal\/wp-content\/uploads\/2020\/04\/Feria4.jpg?resize=150%2C93&amp;ssl=1 150w\" sizes=\"auto, (max-width: 580px) 100vw, 580px\" \/><figcaption id=\"caption-attachment-98382\" class=\"wp-caption-text\">Familias enteras salieron este domingo a realizar las compras de verduras, frutas y productos de aseo en la Feria de Verduras.<\/figcaption><\/figure>\n<p>&nbsp;<\/p>\n<figure id=\"attachment_98383\" aria-describedby=\"caption-attachment-98383\" style=\"width: 580px\" class=\"wp-caption alignnone\"><img data-recalc-dims=\"1\" loading=\"lazy\" decoding=\"async\" class=\"size-full wp-image-98383\" src=\"https:\/\/i0.wp.com\/www.eltrabajo.cl\/portal\/wp-content\/uploads\/2020\/04\/Feria_Miguel-Torres.jpg?resize=580%2C600\" alt=\"Miguel Torres, presidente de la Feria N\u00b01 de Antig\u00fcedades.\" width=\"580\" height=\"600\" srcset=\"https:\/\/i0.wp.com\/eltrabajo.cl\/portal\/wp-content\/uploads\/2020\/04\/Feria_Miguel-Torres.jpg?w=580&amp;ssl=1 580w, https:\/\/i0.wp.com\/eltrabajo.cl\/portal\/wp-content\/uploads\/2020\/04\/Feria_Miguel-Torres.jpg?resize=290%2C300&amp;ssl=1 290w, https:\/\/i0.wp.com\/eltrabajo.cl\/portal\/wp-content\/uploads\/2020\/04\/Feria_Miguel-Torres.jpg?resize=145%2C150&amp;ssl=1 145w\" sizes=\"auto, (max-width: 580px) 100vw, 580px\" \/><figcaption id=\"caption-attachment-98383\" class=\"wp-caption-text\">Miguel Torres, presidente de la Feria N\u00b01 de Antig\u00fcedades.<\/figcaption><\/figure>\n","protected":false},"excerpt":{"rendered":"<p>Esperan que este martes Municipio les otorgue permiso definitivo: Necesitan trabajar y llevar alimentos a sus familias. Este domingo se instalaron cientos de ellos para vender sus productos como siempre lo hab\u00edan&#8230;<\/p>\n","protected":false},"author":482,"featured_media":98385,"comment_status":"open","ping_status":"open","sticky":false,"template":"","format":"standard","meta":{"advanced_seo_description":"","jetpack_seo_html_title":"","jetpack_seo_noindex":false,"_jetpack_memberships_contains_paid_content":false,"footnotes":""},"categories":[103],"tags":[],"class_list":["post-98381","post","type-post","status-publish","format-standard","has-post-thumbnail","hentry","category-cronica-2"],"jetpack_featured_media_url":"https:\/\/i0.wp.com\/eltrabajo.cl\/portal\/wp-content\/uploads\/2020\/04\/Feria2-1.jpg?fit=580%2C360&ssl=1","jetpack_sharing_enabled":true,"jetpack_likes_enabled":true,"jetpack-related-posts":[],"_links":{"self":[{"href":"https:\/\/eltrabajo.cl\/portal\/wp-json\/wp\/v2\/posts\/98381","targetHints":{"allow":["GET"]}}],"collection":[{"href":"https:\/\/eltrabajo.cl\/portal\/wp-json\/wp\/v2\/posts"}],"about":[{"href":"https:\/\/eltrabajo.cl\/portal\/wp-json\/wp\/v2\/types\/post"}],"author":[{"embeddable":true,"href":"https:\/\/eltrabajo.cl\/portal\/wp-json\/wp\/v2\/users\/482"}],"replies":[{"embeddable":true,"href":"https:\/\/eltrabajo.cl\/portal\/wp-json\/wp\/v2\/comments?post=98381"}],"version-history":[{"count":0,"href":"https:\/\/eltrabajo.cl\/portal\/wp-json\/wp\/v2\/posts\/98381\/revisions"}],"wp:featuredmedia":[{"embeddable":true,"href":"https:\/\/eltrabajo.cl\/portal\/wp-json\/wp\/v2\/media\/98385"}],"wp:attachment":[{"href":"https:\/\/eltrabajo.cl\/portal\/wp-json\/wp\/v2\/media?parent=98381"}],"wp:term":[{"taxonomy":"category","embeddable":true,"href":"https:\/\/eltrabajo.cl\/portal\/wp-json\/wp\/v2\/categories?post=98381"},{"taxonomy":"post_tag","embeddable":true,"href":"https:\/\/eltrabajo.cl\/portal\/wp-json\/wp\/v2\/tags?post=98381"}],"curies":[{"name":"wp","href":"https:\/\/api.w.org\/{rel}","templated":true}]}}