{"id":98388,"date":"2020-04-26T20:38:03","date_gmt":"2020-04-27T00:38:03","guid":{"rendered":"http:\/\/www.eltrabajo.cl\/portal\/?p=98388"},"modified":"2020-04-26T20:48:24","modified_gmt":"2020-04-27T00:48:24","slug":"remodelacion-de-la-plaza-de-armas-y-nuevo-terminal-de-buses-para-san-felipe","status":"publish","type":"post","link":"https:\/\/eltrabajo.cl\/portal\/remodelacion-de-la-plaza-de-armas-y-nuevo-terminal-de-buses-para-san-felipe\/","title":{"rendered":"Remodelaci\u00f3n de la Plaza de Armas y nuevo Terminal Buses para San Felipe"},"content":{"rendered":"<p><span style=\"color: #c81400;\"><strong>Alcalde Freire adelant\u00f3 nuevos proyectos:<\/strong><\/span><\/p>\n<p>As\u00ed lo destac\u00f3 en su Cuenta P\u00fablica 2019, en la que entreg\u00f3 un resumen de las inversiones hist\u00f3ricas que se materializaron en estos siete a\u00f1os.<\/p>\n<p>El alcalde <strong>Patricio Freire Canto<\/strong> destac\u00f3, durante la rendici\u00f3n de la Cuenta P\u00fablica 2019, los importantes avances y obras materializadas en el \u00faltimo per\u00edodo, pese a la complejidad registrada a causa del estallido social en el pa\u00eds.<\/p>\n<p>Adelant\u00f3 que los desaf\u00edos est\u00e1n centrados, por ejemplo, en la adquisici\u00f3n de un terreno para la construcci\u00f3n de un Parque Urbano, la modernizaci\u00f3n del Estadio Municipal, la construcci\u00f3n del eje Michimalongo y Diego de Almagro, la reposici\u00f3n del Cesfam de Curim\u00f3n y la construcci\u00f3n de un Servicio de Alta Resoluci\u00f3n (SAR).<\/p>\n<p>Junto con ello, se impulsar\u00e1 un Plan de Mejoramiento de Recintos Deportivos, lo que significar\u00e1 la construcci\u00f3n de nuevas multicanchas barriales en diversos sectores y que incluir\u00e1 la remodelaci\u00f3n del Consejo Local de Deportes.<\/p>\n<p>En proyectos de ciudad, se iniciar\u00e1 el proceso para construir un nuevo Terminal Rodoviario, la remodelaci\u00f3n de la Plaza de Armas y la construcci\u00f3n de una moderna Biblioteca.<\/p>\n<p>Tambi\u00e9n entreg\u00f3 un resumen de lo ejecutado en siete a\u00f1os, donde destaca -por ejemplo- el recambio a tecnolog\u00eda Led de 7.850 luminarias; el mejoramiento de la calle Belisario Montenegro; la apertura de la calle San Mart\u00edn (Mar\u00eda Eufrasia) &#8211; Hermanos Carrera Oriente; la construcci\u00f3n de la avenida Costanera; la construcci\u00f3n de 10 multicanchas y de 14 sedes vecinales, entre otras obras que han marcado su gesti\u00f3n.<\/p>\n<p>Cabe mencionar que producto de la pandemia que afecta al pa\u00eds, el alcalde Freire entreg\u00f3 la Cuenta P\u00fablica 2019 a trav\u00e9s de las redes sociales de la municipalidad y de un enlace habilitado en la p\u00e1gina oficial www.munisanfelipe.cl, el que permiti\u00f3 que la comunidad siguiera desde su hogar este acto administrativo.<\/p>\n<p>Adem\u00e1s, la transmisi\u00f3n fue seguida por los integrantes del Concejo Municipal, Consejo de la Sociedad Civil y el Consejo de Seguridad P\u00fablica.<\/p>\n<p>Lo anterior, acogi\u00e9ndose a lo indicado por la Contralor\u00eda General de la Rep\u00fablica de Chile, en oficio N\u00b06.693, donde manifiesta que <em>\u00ablos alcaldes podr\u00e1n efectuar la Cuenta P\u00fablica a trav\u00e9s de medios electr\u00f3nicos\u00bb.<\/em><\/p>\n<p>Durante su discurso, la autoridad comunal destac\u00f3 la modernizaci\u00f3n de la municipalidad, con la incorporaci\u00f3n de nuevas unidades, entre ellas, el Programa Tenencia Responsable de Mascotas, el cual en los \u00faltimos cuatro a\u00f1os se ha preocupado de esterilizar, desparasitar y atender de manera gratuita a 9.414 mascotas.<\/p>\n<p>Tambi\u00e9n indic\u00f3 que se reform\u00f3 la Oficina de Fomento Productivo, se incorpor\u00f3 el Programa 4 a 7, \u2018Mujer trabaja Tranquila\u2019 y se cre\u00f3 la plataforma \u2018Vecinos Conectados\u2019, la que posteriormente fue reemplazada por \u2018Atento Muni\u2019, permitiendo mantener la interacci\u00f3n con la comunidad.<\/p>\n<p>Freire sostuvo que se impuls\u00f3 el Programa de Reciclaje con cinco puntos limpios en diversos sectores de la comuna y con un centro de acopio en el Estadio Municipal.<\/p>\n<p>Asimismo, expres\u00f3 que un eje important\u00edsimo es la salud, lo que se ve reflejado con la implementaci\u00f3n de un modelo integral con enfoque familiar y comunitario, lo que ha permitido atender a 44.114 habitantes, registrando un aumento de la cobertura en un 14%.<\/p>\n<p>El edil puntualiz\u00f3 que se consigui\u00f3, gracias al apoyo de todos los funcionarios, que el Centro de Salud Familiar Doctor Segismundo Iturra obtuviese la Acreditaci\u00f3n de Calidad y Est\u00e1ndar para la Atenci\u00f3n Abierta, transform\u00e1ndose en el primer Cesfam de la regi\u00f3n en recibirlo.<\/p>\n<p>Record\u00f3 que esto se sum\u00f3 a la creaci\u00f3n de la Unidad de Atenci\u00f3n Primaria Oftalmol\u00f3gica, con equipamiento de primera l\u00ednea entregando anualmente 2.295 lentes gratis y realizando 6.627 prestaciones.<\/p>\n<p>El alcalde Patricio Freire sostuvo que, en obras, se ejecutaron y gestionaron proyectos que estaban por m\u00e1s de 20 a\u00f1os postergados: Belisario Montenegro, Julio Montero, apertura calle San Mart\u00edn, calle Los Molles, avenida Costanera Norte y Abraham Ahumada, Benigno Caldera, Maip\u00fa, Chorrillos, entre otras.<\/p>\n<p>\u00ab<em>Nosotros luchamos para que San Felipe se desarrolle y salga adelante. Me siento plenamente realizado con la responsabilidad que los vecinos me entregaron, he estado a la altura de estos desaf\u00edos y hoy debemos seguir consolidando nuevos proyectos para la comuna\u00bb,<\/em> sentenci\u00f3.<\/p>\n<p>&nbsp;<\/p>\n<figure id=\"attachment_98389\" aria-describedby=\"caption-attachment-98389\" style=\"width: 580px\" class=\"wp-caption alignnone\"><img data-recalc-dims=\"1\" loading=\"lazy\" decoding=\"async\" class=\"size-full wp-image-98389\" src=\"https:\/\/i0.wp.com\/www.eltrabajo.cl\/portal\/wp-content\/uploads\/2020\/04\/cuenta-publica-video.jpg?resize=580%2C358\" alt=\"Debido a la pandemia que afecta al pa\u00eds, el alcalde Patricio Freire entreg\u00f3 la Cuenta P\u00fablica 2019 a trav\u00e9s de las redes sociales de la municipalidad.\" width=\"580\" height=\"358\" srcset=\"https:\/\/i0.wp.com\/eltrabajo.cl\/portal\/wp-content\/uploads\/2020\/04\/cuenta-publica-video.jpg?w=580&amp;ssl=1 580w, https:\/\/i0.wp.com\/eltrabajo.cl\/portal\/wp-content\/uploads\/2020\/04\/cuenta-publica-video.jpg?resize=300%2C185&amp;ssl=1 300w, https:\/\/i0.wp.com\/eltrabajo.cl\/portal\/wp-content\/uploads\/2020\/04\/cuenta-publica-video.jpg?resize=200%2C123&amp;ssl=1 200w, https:\/\/i0.wp.com\/eltrabajo.cl\/portal\/wp-content\/uploads\/2020\/04\/cuenta-publica-video.jpg?resize=150%2C93&amp;ssl=1 150w\" sizes=\"auto, (max-width: 580px) 100vw, 580px\" \/><figcaption id=\"caption-attachment-98389\" class=\"wp-caption-text\">Debido a la pandemia que afecta al pa\u00eds, el alcalde Patricio Freire entreg\u00f3 la Cuenta P\u00fablica 2019 a trav\u00e9s de las redes sociales de la municipalidad.<\/figcaption><\/figure>\n","protected":false},"excerpt":{"rendered":"<p>Alcalde Freire adelant\u00f3 nuevos proyectos: As\u00ed lo destac\u00f3 en su Cuenta P\u00fablica 2019, en la que entreg\u00f3 un resumen de las inversiones hist\u00f3ricas que se materializaron en estos siete a\u00f1os. El alcalde&#8230;<\/p>\n","protected":false},"author":482,"featured_media":98389,"comment_status":"open","ping_status":"open","sticky":false,"template":"","format":"standard","meta":{"advanced_seo_description":"","jetpack_seo_html_title":"","jetpack_seo_noindex":false,"_jetpack_memberships_contains_paid_content":false,"footnotes":""},"categories":[103],"tags":[],"class_list":["post-98388","post","type-post","status-publish","format-standard","has-post-thumbnail","hentry","category-cronica-2"],"jetpack_featured_media_url":"https:\/\/i0.wp.com\/eltrabajo.cl\/portal\/wp-content\/uploads\/2020\/04\/cuenta-publica-video.jpg?fit=580%2C358&ssl=1","jetpack_sharing_enabled":true,"jetpack_likes_enabled":true,"jetpack-related-posts":[],"_links":{"self":[{"href":"https:\/\/eltrabajo.cl\/portal\/wp-json\/wp\/v2\/posts\/98388","targetHints":{"allow":["GET"]}}],"collection":[{"href":"https:\/\/eltrabajo.cl\/portal\/wp-json\/wp\/v2\/posts"}],"about":[{"href":"https:\/\/eltrabajo.cl\/portal\/wp-json\/wp\/v2\/types\/post"}],"author":[{"embeddable":true,"href":"https:\/\/eltrabajo.cl\/portal\/wp-json\/wp\/v2\/users\/482"}],"replies":[{"embeddable":true,"href":"https:\/\/eltrabajo.cl\/portal\/wp-json\/wp\/v2\/comments?post=98388"}],"version-history":[{"count":0,"href":"https:\/\/eltrabajo.cl\/portal\/wp-json\/wp\/v2\/posts\/98388\/revisions"}],"wp:featuredmedia":[{"embeddable":true,"href":"https:\/\/eltrabajo.cl\/portal\/wp-json\/wp\/v2\/media\/98389"}],"wp:attachment":[{"href":"https:\/\/eltrabajo.cl\/portal\/wp-json\/wp\/v2\/media?parent=98388"}],"wp:term":[{"taxonomy":"category","embeddable":true,"href":"https:\/\/eltrabajo.cl\/portal\/wp-json\/wp\/v2\/categories?post=98388"},{"taxonomy":"post_tag","embeddable":true,"href":"https:\/\/eltrabajo.cl\/portal\/wp-json\/wp\/v2\/tags?post=98388"}],"curies":[{"name":"wp","href":"https:\/\/api.w.org\/{rel}","templated":true}]}}