{"id":98391,"date":"2020-04-26T20:46:52","date_gmt":"2020-04-27T00:46:52","guid":{"rendered":"http:\/\/www.eltrabajo.cl\/portal\/?p=98391"},"modified":"2020-04-26T20:47:20","modified_gmt":"2020-04-27T00:47:20","slug":"ivan-zamorano-sostuvo-intensa-charla-con-parte-de-las-series-menores-del-uni-uni","status":"publish","type":"post","link":"https:\/\/eltrabajo.cl\/portal\/ivan-zamorano-sostuvo-intensa-charla-con-parte-de-las-series-menores-del-uni-uni\/","title":{"rendered":"Iv\u00e1n Zamorano sostuvo intensa charla con parte de series menores del Un\u00ed"},"content":{"rendered":"<p>El viernes pasado la totalidad del cuerpo t\u00e9cnico de los equipos juveniles albirrojos, y una gran cantidad de jugadores que integran esos equipos, tuvieron la oportunidad de dialogar v\u00eda \u2018Zoom\u2019 con el hist\u00f3rico goleador chileno <strong>Iv\u00e1n Luis Zamorano Zamora<\/strong>.<\/p>\n<p>El jugador que fue \u2018Pichichi\u2019 con el Real Madrid en la d\u00e9cada de los 90\u2019, habl\u00f3 desde su hogar en Miami (EEUU), ciudad donde reside ya hace un par de a\u00f1os. El ex ariete y referente hist\u00f3rico de la selecci\u00f3n chilena mostr\u00f3 su felicidad por la oportunidad de compartir y traspasar su experiencia a los futuros jugadores de Uni\u00f3n San Felipe; adem\u00e1s de dejar en claro que para \u00e9l, el\u00a0 valle de Aconcagua es una zona muy querida debido a su paso por Cobreandino (actual Trasandino) cuando su carrera reci\u00e9n despuntaba. <em>\u00abPas\u00e9 momentos muy lindos en Los Andes y ese club; siempre recuerdo con cari\u00f1o mi paso por ah\u00ed\u00bb,<\/em> dijo el ex Sevilla e Inter de Mil\u00e1n.<\/p>\n<p>En el encuentro virtual, Zamorano Zamora dijo a los ni\u00f1os que el f\u00fatbol es un deporte que siempre da oportunidades, y esas se producen precisamente cuando las cosas se ven nubladas o definitivamente oscuras. <em>\u00abSiempre hay que tener claro que todo es un desaf\u00edo, y solo est\u00e1 en uno torcerle la mano a algunas decisiones; hay que trabajar mucho, ser responsables siempre y muy fuertes de mente\u00bb,<\/em> les dijo el ex capit\u00e1n de la \u2018Roja de Todos\u2019.<\/p>\n<p>Durante la conversaci\u00f3n el ex Colo Colo y Am\u00e9rica de M\u00e9xico, pudo interactuar con casi la totalidad de los entrenadores de las canteras unionistas y algunos jugadores que no pudieron ocultar su emoci\u00f3n por el poder hablar con uno de los futbolistas y deportistas m\u00e1s grandes e influyentes del pa\u00eds.<\/p>\n<p>&nbsp;<\/p>\n<figure id=\"attachment_98392\" aria-describedby=\"caption-attachment-98392\" style=\"width: 580px\" class=\"wp-caption alignnone\"><img data-recalc-dims=\"1\" loading=\"lazy\" decoding=\"async\" class=\"size-full wp-image-98392\" src=\"https:\/\/i0.wp.com\/www.eltrabajo.cl\/portal\/wp-content\/uploads\/2020\/04\/charla-foto.jpg?resize=580%2C358\" alt=\"El hist\u00f3rico Iv\u00e1n Zamorano convers\u00f3 v\u00eda \u2018Zoom\u2019 con una gran cantidad de miembros de las series menores de Uni\u00f3n San Felipe.\" width=\"580\" height=\"358\" srcset=\"https:\/\/i0.wp.com\/eltrabajo.cl\/portal\/wp-content\/uploads\/2020\/04\/charla-foto.jpg?w=580&amp;ssl=1 580w, https:\/\/i0.wp.com\/eltrabajo.cl\/portal\/wp-content\/uploads\/2020\/04\/charla-foto.jpg?resize=300%2C185&amp;ssl=1 300w, https:\/\/i0.wp.com\/eltrabajo.cl\/portal\/wp-content\/uploads\/2020\/04\/charla-foto.jpg?resize=200%2C123&amp;ssl=1 200w, https:\/\/i0.wp.com\/eltrabajo.cl\/portal\/wp-content\/uploads\/2020\/04\/charla-foto.jpg?resize=150%2C93&amp;ssl=1 150w\" sizes=\"auto, (max-width: 580px) 100vw, 580px\" \/><figcaption id=\"caption-attachment-98392\" class=\"wp-caption-text\">El hist\u00f3rico Iv\u00e1n Zamorano convers\u00f3 v\u00eda \u2018Zoom\u2019 con una gran cantidad de miembros de las series menores de Uni\u00f3n San Felipe.<\/figcaption><\/figure>\n<p>&nbsp;<\/p>\n<figure id=\"attachment_98393\" aria-describedby=\"caption-attachment-98393\" style=\"width: 580px\" class=\"wp-caption alignnone\"><img data-recalc-dims=\"1\" loading=\"lazy\" decoding=\"async\" class=\"size-full wp-image-98393\" src=\"https:\/\/i0.wp.com\/www.eltrabajo.cl\/portal\/wp-content\/uploads\/2020\/04\/ivan-zamorano.jpg?resize=580%2C360\" alt=\"Iv\u00e1n Zamorano es uno de los jugadores m\u00e1s importantes de toda la historia del f\u00fatbol chileno.\" width=\"580\" height=\"360\" srcset=\"https:\/\/i0.wp.com\/eltrabajo.cl\/portal\/wp-content\/uploads\/2020\/04\/ivan-zamorano.jpg?w=580&amp;ssl=1 580w, https:\/\/i0.wp.com\/eltrabajo.cl\/portal\/wp-content\/uploads\/2020\/04\/ivan-zamorano.jpg?resize=300%2C186&amp;ssl=1 300w, https:\/\/i0.wp.com\/eltrabajo.cl\/portal\/wp-content\/uploads\/2020\/04\/ivan-zamorano.jpg?resize=200%2C124&amp;ssl=1 200w, https:\/\/i0.wp.com\/eltrabajo.cl\/portal\/wp-content\/uploads\/2020\/04\/ivan-zamorano.jpg?resize=150%2C93&amp;ssl=1 150w\" sizes=\"auto, (max-width: 580px) 100vw, 580px\" \/><figcaption id=\"caption-attachment-98393\" class=\"wp-caption-text\">Iv\u00e1n Zamorano es uno de los jugadores m\u00e1s importantes de toda la historia del f\u00fatbol chileno.<\/figcaption><\/figure>\n","protected":false},"excerpt":{"rendered":"<p>El viernes pasado la totalidad del cuerpo t\u00e9cnico de los equipos juveniles albirrojos, y una gran cantidad de jugadores que integran esos equipos, tuvieron la oportunidad de dialogar v\u00eda \u2018Zoom\u2019 con el&#8230;<\/p>\n","protected":false},"author":482,"featured_media":98393,"comment_status":"open","ping_status":"open","sticky":false,"template":"","format":"standard","meta":{"advanced_seo_description":"","jetpack_seo_html_title":"","jetpack_seo_noindex":false,"_jetpack_memberships_contains_paid_content":false,"footnotes":""},"categories":[19],"tags":[],"class_list":["post-98391","post","type-post","status-publish","format-standard","has-post-thumbnail","hentry","category-deportes"],"jetpack_featured_media_url":"https:\/\/i0.wp.com\/eltrabajo.cl\/portal\/wp-content\/uploads\/2020\/04\/ivan-zamorano.jpg?fit=580%2C360&ssl=1","jetpack_sharing_enabled":true,"jetpack_likes_enabled":true,"jetpack-related-posts":[],"_links":{"self":[{"href":"https:\/\/eltrabajo.cl\/portal\/wp-json\/wp\/v2\/posts\/98391","targetHints":{"allow":["GET"]}}],"collection":[{"href":"https:\/\/eltrabajo.cl\/portal\/wp-json\/wp\/v2\/posts"}],"about":[{"href":"https:\/\/eltrabajo.cl\/portal\/wp-json\/wp\/v2\/types\/post"}],"author":[{"embeddable":true,"href":"https:\/\/eltrabajo.cl\/portal\/wp-json\/wp\/v2\/users\/482"}],"replies":[{"embeddable":true,"href":"https:\/\/eltrabajo.cl\/portal\/wp-json\/wp\/v2\/comments?post=98391"}],"version-history":[{"count":0,"href":"https:\/\/eltrabajo.cl\/portal\/wp-json\/wp\/v2\/posts\/98391\/revisions"}],"wp:featuredmedia":[{"embeddable":true,"href":"https:\/\/eltrabajo.cl\/portal\/wp-json\/wp\/v2\/media\/98393"}],"wp:attachment":[{"href":"https:\/\/eltrabajo.cl\/portal\/wp-json\/wp\/v2\/media?parent=98391"}],"wp:term":[{"taxonomy":"category","embeddable":true,"href":"https:\/\/eltrabajo.cl\/portal\/wp-json\/wp\/v2\/categories?post=98391"},{"taxonomy":"post_tag","embeddable":true,"href":"https:\/\/eltrabajo.cl\/portal\/wp-json\/wp\/v2\/tags?post=98391"}],"curies":[{"name":"wp","href":"https:\/\/api.w.org\/{rel}","templated":true}]}}