{"id":98400,"date":"2020-04-26T20:55:27","date_gmt":"2020-04-27T00:55:27","guid":{"rendered":"http:\/\/www.eltrabajo.cl\/portal\/?p=98400"},"modified":"2020-04-26T20:55:27","modified_gmt":"2020-04-27T00:55:27","slug":"gran-cantidad-de-armas-y-marihuana-incautan-de-automovil-durante-control-sanitario","status":"publish","type":"post","link":"https:\/\/eltrabajo.cl\/portal\/gran-cantidad-de-armas-y-marihuana-incautan-de-automovil-durante-control-sanitario\/","title":{"rendered":"Gran cantidad de armas y marihuana incautan de autom\u00f3vil durante control sanitario"},"content":{"rendered":"<p><span style=\"color: #c81400;\"><strong>Carabineros de Llay Llay detuvo a tres sujetos:<\/strong><\/span><\/p>\n<ul>\n<li><strong>Intenso olor a la droga delat\u00f3 a los imputados, permitiendo sacar de circulaci\u00f3n la droga y las armas ilegales desde el veh\u00edculo.<\/strong><\/li>\n<\/ul>\n<p>Un verdadero arsenal compuesto por municiones, pistolas, una escopeta, armas blancas y marihuana, sac\u00f3 de circulaci\u00f3n Carabineros de la comuna de Llay Llay, luego de incautarlas desde un veh\u00edculo al que se le realiz\u00f3 un control sanitario.<\/p>\n<p>El procedimiento policial, que incluy\u00f3 pruebas de campo de la secci\u00f3n especializada de drogas OS7 de la prefectura Aconcagua,\u00a0 se desarroll\u00f3 pasada las 18:40 horas del jueves en el kil\u00f3metro 84 de la Ruta 5 Norte, permitiendo la detenci\u00f3n de los ocupantes del m\u00f3vil, los que pasaron a control de detenci\u00f3n este viernes.<\/p>\n<p>Al respecto el subprefecto de los Servicios, teniente coronel <strong>Claudio Saavedra<\/strong>, destac\u00f3 la labor cumplida por Carabineros en este procedimiento: <em>\u00abAl interactuar con los tres ocupantes, los Carabineros se percatan que desde el interior del m\u00f3vil sal\u00eda un fuerte olor a marihuana. Obviamente esta situaci\u00f3n alert\u00f3 a los funcionarios, quienes de inmediato procedieron a la fiscalizaci\u00f3n de los tres y tambi\u00e9n al registro de este veh\u00edculo, encontrando al interior de uno de los asientos traseros de este auto, una bolsa de nylon contenedora de una sustancia de origen vegetal que posteriormente y luego de las pericias result\u00f3 ser marihuana, con un peso de 201 gramos\u00bb,<\/em>\u00a0 indic\u00f3.<\/p>\n<p>Posteriormente y siguiendo con la revisi\u00f3n del autom\u00f3vil, encontraron en un compartimento tres armas de fuego: una pistola calibre 9 mil\u00edmetros, un rev\u00f3lver calibre 38 y una escopeta.<\/p>\n<p>\u00ab<em>Lo preocupante de esto es que dos armas hab\u00edan sido robadas, ten\u00edan encargo por robo, una de la comuna de Santiago y la otra de La Florida\u2026 ambas de la Regi\u00f3n Metropolitana. Aparte de esto nos encontramos con elementos para efectuar el pesaje, elementos para comunicaci\u00f3n como \u2018walkie talkie\u2019, tel\u00e9fonos celulares, armas blancas como cuchillos. Se pueden presumir varias cosas, una de las hip\u00f3tesis que nosotros mantenemos es que estas personas se deben dedicar al tr\u00e1fico y al cultivo de drogas, se dirig\u00edan a la Cuarta Regi\u00f3n, quiz\u00e1s estaban iniciando un proceso de cosecha que podr\u00edan mantener en ese sector\u00bb,<\/em> se\u00f1al\u00f3 el teniente coronel Claudio Saavedra.<\/p>\n<p>Los tres imputados registran domicilio en la Regi\u00f3n Metropolitana y pasaron a control de detenci\u00f3n para ser formalizados por drogas y tenencia de armas de fuego.<\/p>\n<p>Importante se\u00f1alar que por parte del personal del OS-7 Aconcagua, se han decomisado m\u00e1s de 400 kilos de marihuana.<\/p>\n<p>&nbsp;<\/p>\n<figure id=\"attachment_98401\" aria-describedby=\"caption-attachment-98401\" style=\"width: 580px\" class=\"wp-caption alignnone\"><img data-recalc-dims=\"1\" loading=\"lazy\" decoding=\"async\" class=\"size-full wp-image-98401\" src=\"https:\/\/i0.wp.com\/www.eltrabajo.cl\/portal\/wp-content\/uploads\/2020\/04\/arsenal.jpg?resize=580%2C360\" alt=\"Gran cantidad de armas de fuego, municiones, armas blancas y marihuana fueron incautadas durante un control sanitario.\" width=\"580\" height=\"360\" srcset=\"https:\/\/i0.wp.com\/eltrabajo.cl\/portal\/wp-content\/uploads\/2020\/04\/arsenal.jpg?w=580&amp;ssl=1 580w, https:\/\/i0.wp.com\/eltrabajo.cl\/portal\/wp-content\/uploads\/2020\/04\/arsenal.jpg?resize=300%2C186&amp;ssl=1 300w, https:\/\/i0.wp.com\/eltrabajo.cl\/portal\/wp-content\/uploads\/2020\/04\/arsenal.jpg?resize=200%2C124&amp;ssl=1 200w, https:\/\/i0.wp.com\/eltrabajo.cl\/portal\/wp-content\/uploads\/2020\/04\/arsenal.jpg?resize=150%2C93&amp;ssl=1 150w\" sizes=\"auto, (max-width: 580px) 100vw, 580px\" \/><figcaption id=\"caption-attachment-98401\" class=\"wp-caption-text\">Gran cantidad de armas de fuego, municiones, armas blancas y marihuana fueron incautadas durante un control sanitario.<\/figcaption><\/figure>\n<p>&nbsp;<\/p>\n<figure id=\"attachment_98402\" aria-describedby=\"caption-attachment-98402\" style=\"width: 580px\" class=\"wp-caption alignnone\"><img data-recalc-dims=\"1\" loading=\"lazy\" decoding=\"async\" class=\"size-full wp-image-98402\" src=\"https:\/\/i0.wp.com\/www.eltrabajo.cl\/portal\/wp-content\/uploads\/2020\/04\/detenidos.jpg?resize=580%2C360\" alt=\"Los imputados fueron saliendo uno a uno del cuartel de Carabineros para ser derivados al Tribunal de Garant\u00eda.\" width=\"580\" height=\"360\" srcset=\"https:\/\/i0.wp.com\/eltrabajo.cl\/portal\/wp-content\/uploads\/2020\/04\/detenidos.jpg?w=580&amp;ssl=1 580w, https:\/\/i0.wp.com\/eltrabajo.cl\/portal\/wp-content\/uploads\/2020\/04\/detenidos.jpg?resize=300%2C186&amp;ssl=1 300w, https:\/\/i0.wp.com\/eltrabajo.cl\/portal\/wp-content\/uploads\/2020\/04\/detenidos.jpg?resize=200%2C124&amp;ssl=1 200w, https:\/\/i0.wp.com\/eltrabajo.cl\/portal\/wp-content\/uploads\/2020\/04\/detenidos.jpg?resize=150%2C93&amp;ssl=1 150w\" sizes=\"auto, (max-width: 580px) 100vw, 580px\" \/><figcaption id=\"caption-attachment-98402\" class=\"wp-caption-text\">Los imputados fueron saliendo uno a uno del cuartel de Carabineros para ser derivados al Tribunal de Garant\u00eda.<\/figcaption><\/figure>\n","protected":false},"excerpt":{"rendered":"<p>Carabineros de Llay Llay detuvo a tres sujetos: Intenso olor a la droga delat\u00f3 a los imputados, permitiendo sacar de circulaci\u00f3n la droga y las armas ilegales desde el veh\u00edculo. Un verdadero&#8230;<\/p>\n","protected":false},"author":482,"featured_media":98401,"comment_status":"open","ping_status":"open","sticky":false,"template":"","format":"standard","meta":{"advanced_seo_description":"","jetpack_seo_html_title":"","jetpack_seo_noindex":false,"_jetpack_memberships_contains_paid_content":false,"footnotes":""},"categories":[21],"tags":[],"class_list":["post-98400","post","type-post","status-publish","format-standard","has-post-thumbnail","hentry","category-policial"],"jetpack_featured_media_url":"https:\/\/i0.wp.com\/eltrabajo.cl\/portal\/wp-content\/uploads\/2020\/04\/arsenal.jpg?fit=580%2C360&ssl=1","jetpack_sharing_enabled":true,"jetpack_likes_enabled":true,"jetpack-related-posts":[],"_links":{"self":[{"href":"https:\/\/eltrabajo.cl\/portal\/wp-json\/wp\/v2\/posts\/98400","targetHints":{"allow":["GET"]}}],"collection":[{"href":"https:\/\/eltrabajo.cl\/portal\/wp-json\/wp\/v2\/posts"}],"about":[{"href":"https:\/\/eltrabajo.cl\/portal\/wp-json\/wp\/v2\/types\/post"}],"author":[{"embeddable":true,"href":"https:\/\/eltrabajo.cl\/portal\/wp-json\/wp\/v2\/users\/482"}],"replies":[{"embeddable":true,"href":"https:\/\/eltrabajo.cl\/portal\/wp-json\/wp\/v2\/comments?post=98400"}],"version-history":[{"count":0,"href":"https:\/\/eltrabajo.cl\/portal\/wp-json\/wp\/v2\/posts\/98400\/revisions"}],"wp:featuredmedia":[{"embeddable":true,"href":"https:\/\/eltrabajo.cl\/portal\/wp-json\/wp\/v2\/media\/98401"}],"wp:attachment":[{"href":"https:\/\/eltrabajo.cl\/portal\/wp-json\/wp\/v2\/media?parent=98400"}],"wp:term":[{"taxonomy":"category","embeddable":true,"href":"https:\/\/eltrabajo.cl\/portal\/wp-json\/wp\/v2\/categories?post=98400"},{"taxonomy":"post_tag","embeddable":true,"href":"https:\/\/eltrabajo.cl\/portal\/wp-json\/wp\/v2\/tags?post=98400"}],"curies":[{"name":"wp","href":"https:\/\/api.w.org\/{rel}","templated":true}]}}