{"id":98404,"date":"2020-04-26T20:58:29","date_gmt":"2020-04-27T00:58:29","guid":{"rendered":"http:\/\/www.eltrabajo.cl\/portal\/?p=98404"},"modified":"2020-04-26T20:58:29","modified_gmt":"2020-04-27T00:58:29","slug":"rescatan-a-hombre-que-cayo-a-zanja-de-cuatro-metros-y-se-fracturo-pierna","status":"publish","type":"post","link":"https:\/\/eltrabajo.cl\/portal\/rescatan-a-hombre-que-cayo-a-zanja-de-cuatro-metros-y-se-fracturo-pierna\/","title":{"rendered":"Rescatan a hombre que cay\u00f3 a zanja de cuatro metros y se fractur\u00f3 pierna"},"content":{"rendered":"<p>Un hombre de aproximadamente 50 a\u00f1os de edad, de contextura gruesa, cay\u00f3 a una zanja de unos\u00a0 cuatro metros en el sector de Hacienda de Quilpu\u00e9 en el sector La Troya en San Felipe.<\/p>\n<p>Al respecto fue el comandante del Cuerpo de Bomberos de San Felipe, <strong>Juan Carlos Herrera Lillo<\/strong>, quien confirm\u00f3 esta emergencia a la cual tuvieron que concurrir este jueves poco despu\u00e9s de las ocho de la noche.<\/p>\n<p>\u00ab<em>Pasadas las 20:00 horas se recibi\u00f3 un llamado por parte del SAMU, indicando que una persona hab\u00eda ca\u00eddo al interior de un zanj\u00f3n, concurriendo al lugar r\u00e1pidamente. La persona quiso cruzar de un lado al otro para poder tener un mejor caminar o cortar camino. En ese momento cay\u00f3 a la zanja que tiene una profundidad de cuatro metros, provoc\u00e1ndose fractura en una de sus piernas. La gente se dio cuenta del hecho porque esta persona comenz\u00f3 a gritar, se pudo de esa manera alertar de lo que estaba sucediendo\u00bb,<\/em> indic\u00f3 el comandante Herrera Lillo.<\/p>\n<p>En el lugar trabaj\u00f3 personal del SAMU; dos Unidades de Rescate de San Felipe; Primera y Tercera compa\u00f1\u00eda.<\/p>\n<p>Para llevar a cabo el rescate se tuvo que instalar un tr\u00edpode con una camilla para poder levantar al herido: <em>\u00abLas maniobras duraron aproximadamente 40 minutos para poderlo sacar y no provocarle otro tipo de lesiones, as\u00ed es que afortunadamente se pudo trabajar con mucha calma y el objetivo fue cumplido como era sacarlo sin ninguna lesi\u00f3n m\u00e1s\u00bb,<\/em> indic\u00f3 Herrera Lillo.<\/p>\n<p>El Comandante Juan Carlos Herrera destac\u00f3 el trabajo en general, porque a medida que se iba realizando el rescate, las paredes de tierra se iban desmoronando.<\/p>\n<p>Al lugar tambi\u00e9n llegaron familiares de la persona lesionada.<\/p>\n<p>La zanja corresponde a trabajos de alcantarillado en el sector.<\/p>\n<p>Finalmente esta persona fue rescatada y por lo que tenemos entendido, debido a su lesi\u00f3n fue trasladado al Hospital San Juan de Dios de Los Andes.<\/p>\n<p>&nbsp;<\/p>\n<figure id=\"attachment_98407\" aria-describedby=\"caption-attachment-98407\" style=\"width: 580px\" class=\"wp-caption alignnone\"><img data-recalc-dims=\"1\" loading=\"lazy\" decoding=\"async\" class=\"size-full wp-image-98407\" src=\"https:\/\/i0.wp.com\/www.eltrabajo.cl\/portal\/wp-content\/uploads\/2020\/04\/rescate.jpg?resize=580%2C700\" alt=\"Personal de emergencia debi\u00f3 descender a la zanja para proceder a rescatar a la v\u00edctima.\" width=\"580\" height=\"700\" srcset=\"https:\/\/i0.wp.com\/eltrabajo.cl\/portal\/wp-content\/uploads\/2020\/04\/rescate.jpg?w=580&amp;ssl=1 580w, https:\/\/i0.wp.com\/eltrabajo.cl\/portal\/wp-content\/uploads\/2020\/04\/rescate.jpg?resize=249%2C300&amp;ssl=1 249w, https:\/\/i0.wp.com\/eltrabajo.cl\/portal\/wp-content\/uploads\/2020\/04\/rescate.jpg?resize=124%2C150&amp;ssl=1 124w\" sizes=\"auto, (max-width: 580px) 100vw, 580px\" \/><figcaption id=\"caption-attachment-98407\" class=\"wp-caption-text\">Personal de emergencia debi\u00f3 descender a la zanja para proceder a rescatar a la v\u00edctima.<\/figcaption><\/figure>\n<p>&nbsp;<\/p>\n<figure id=\"attachment_98405\" aria-describedby=\"caption-attachment-98405\" style=\"width: 579px\" class=\"wp-caption alignnone\"><img data-recalc-dims=\"1\" loading=\"lazy\" decoding=\"async\" class=\"size-full wp-image-98405\" src=\"https:\/\/i0.wp.com\/www.eltrabajo.cl\/portal\/wp-content\/uploads\/2020\/04\/rescate-2.jpg?resize=579%2C814\" alt=\"En el lugar trabaj\u00f3 personal del SAMU, dos Unidades de Rescate de San Felipe, adem\u00e1s de las compa\u00f1\u00edas Primera y Tercera.\" width=\"579\" height=\"814\" srcset=\"https:\/\/i0.wp.com\/eltrabajo.cl\/portal\/wp-content\/uploads\/2020\/04\/rescate-2.jpg?w=579&amp;ssl=1 579w, https:\/\/i0.wp.com\/eltrabajo.cl\/portal\/wp-content\/uploads\/2020\/04\/rescate-2.jpg?resize=213%2C300&amp;ssl=1 213w, https:\/\/i0.wp.com\/eltrabajo.cl\/portal\/wp-content\/uploads\/2020\/04\/rescate-2.jpg?resize=107%2C150&amp;ssl=1 107w\" sizes=\"auto, (max-width: 579px) 100vw, 579px\" \/><figcaption id=\"caption-attachment-98405\" class=\"wp-caption-text\">En el lugar trabaj\u00f3 personal del SAMU, dos Unidades de Rescate de San Felipe, adem\u00e1s de las compa\u00f1\u00edas Primera y Tercera.<\/figcaption><\/figure>\n","protected":false},"excerpt":{"rendered":"<p>Un hombre de aproximadamente 50 a\u00f1os de edad, de contextura gruesa, cay\u00f3 a una zanja de unos\u00a0 cuatro metros en el sector de Hacienda de Quilpu\u00e9 en el sector La Troya en&#8230;<\/p>\n","protected":false},"author":482,"featured_media":98406,"comment_status":"open","ping_status":"open","sticky":false,"template":"","format":"standard","meta":{"advanced_seo_description":"","jetpack_seo_html_title":"","jetpack_seo_noindex":false,"_jetpack_memberships_contains_paid_content":false,"footnotes":""},"categories":[21],"tags":[],"class_list":["post-98404","post","type-post","status-publish","format-standard","has-post-thumbnail","hentry","category-policial"],"jetpack_featured_media_url":"https:\/\/i0.wp.com\/eltrabajo.cl\/portal\/wp-content\/uploads\/2020\/04\/rescate-copia.jpg?fit=580%2C359&ssl=1","jetpack_sharing_enabled":true,"jetpack_likes_enabled":true,"jetpack-related-posts":[],"_links":{"self":[{"href":"https:\/\/eltrabajo.cl\/portal\/wp-json\/wp\/v2\/posts\/98404","targetHints":{"allow":["GET"]}}],"collection":[{"href":"https:\/\/eltrabajo.cl\/portal\/wp-json\/wp\/v2\/posts"}],"about":[{"href":"https:\/\/eltrabajo.cl\/portal\/wp-json\/wp\/v2\/types\/post"}],"author":[{"embeddable":true,"href":"https:\/\/eltrabajo.cl\/portal\/wp-json\/wp\/v2\/users\/482"}],"replies":[{"embeddable":true,"href":"https:\/\/eltrabajo.cl\/portal\/wp-json\/wp\/v2\/comments?post=98404"}],"version-history":[{"count":0,"href":"https:\/\/eltrabajo.cl\/portal\/wp-json\/wp\/v2\/posts\/98404\/revisions"}],"wp:featuredmedia":[{"embeddable":true,"href":"https:\/\/eltrabajo.cl\/portal\/wp-json\/wp\/v2\/media\/98406"}],"wp:attachment":[{"href":"https:\/\/eltrabajo.cl\/portal\/wp-json\/wp\/v2\/media?parent=98404"}],"wp:term":[{"taxonomy":"category","embeddable":true,"href":"https:\/\/eltrabajo.cl\/portal\/wp-json\/wp\/v2\/categories?post=98404"},{"taxonomy":"post_tag","embeddable":true,"href":"https:\/\/eltrabajo.cl\/portal\/wp-json\/wp\/v2\/tags?post=98404"}],"curies":[{"name":"wp","href":"https:\/\/api.w.org\/{rel}","templated":true}]}}