{"id":98409,"date":"2020-04-26T21:10:27","date_gmt":"2020-04-27T01:10:27","guid":{"rendered":"http:\/\/www.eltrabajo.cl\/portal\/?p=98409"},"modified":"2020-04-26T21:16:29","modified_gmt":"2020-04-27T01:16:29","slug":"solo-un-caso-de-covid-19-se-confirma-este-fin-de-semana-en-aconcagua","status":"publish","type":"post","link":"https:\/\/eltrabajo.cl\/portal\/solo-un-caso-de-covid-19-se-confirma-este-fin-de-semana-en-aconcagua\/","title":{"rendered":"S\u00f3lo un caso de Covid-19 se confirma este fin de semana en Aconcagua"},"content":{"rendered":"<p><span style=\"color: #c81400;\"><strong>Se trata de funcionaria del Hospital San Juan de Dios:<\/strong><\/span><\/p>\n<p>Sigue avanzando de manera sostenida en toda la V Regi\u00f3n la pandemia Covid-19, lo que implica que en este fin de semana el Seremi de Salud <strong>Francisco \u00c1lvarez<\/strong> ha suministrado nuevas cifras sobre el Coronavirus y sus v\u00edctimas. Seg\u00fan \u00c1lvarez al cierre de nuestra edici\u00f3n el balance Covid-19 de ayer 26 de abril es de 7.859 personas descartadas y se han confirmado 460 casos positivos.<\/p>\n<p>\u00ab<em>Respecto al d\u00eda s\u00e1bado, tenemos seis nuevos casos. Lamentablemente han fallecido nueve personas y se han recuperado un total de 75. De los nuevos casos, una es mujer y cinco son hombres. Todos son de nacionalidad chilena, todos se encuentran en sus domicilios en buenas condiciones, bajo aislamiento restringido y son de las siguientes comunas: Valpara\u00edso 1, Vi\u00f1a del Mar 1, Villa Alemana 1, San Antonio 1, Algarrobo 1 y San Esteban 1. Actualmente en la regi\u00f3n se encuentran 16 persona en Unidades de Cuidados Intensivos, las cuales est\u00e1n estables dentro de su gravedad<\/em>\u00bb, inform\u00f3 el Seremi, lo que significar\u00eda que del Valle de Aconcagua, en este caso se trata del caso N\u00b016 de Los Andes, una funcionaria del Hospital San Juan de Dios.<\/p>\n<p>&nbsp;<\/p>\n<figure id=\"attachment_98410\" aria-describedby=\"caption-attachment-98410\" style=\"width: 579px\" class=\"wp-caption alignnone\"><a href=\"https:\/\/i0.wp.com\/www.eltrabajo.cl\/portal\/wp-content\/uploads\/2020\/04\/Covid1-1.jpg\"><img data-recalc-dims=\"1\" loading=\"lazy\" decoding=\"async\" class=\"wp-image-98410 size-full\" src=\"https:\/\/i0.wp.com\/www.eltrabajo.cl\/portal\/wp-content\/uploads\/2020\/04\/Covid1-copia.jpg?resize=579%2C324\" alt=\"PANDEMIA EN DESARROLLO.- Estas son las cifras oficiales brindadas por el Seremi de Salud de la V Regi\u00f3n.\" width=\"579\" height=\"324\" srcset=\"https:\/\/i0.wp.com\/eltrabajo.cl\/portal\/wp-content\/uploads\/2020\/04\/Covid1-copia.jpg?w=579&amp;ssl=1 579w, https:\/\/i0.wp.com\/eltrabajo.cl\/portal\/wp-content\/uploads\/2020\/04\/Covid1-copia.jpg?resize=300%2C168&amp;ssl=1 300w, https:\/\/i0.wp.com\/eltrabajo.cl\/portal\/wp-content\/uploads\/2020\/04\/Covid1-copia.jpg?resize=200%2C112&amp;ssl=1 200w, https:\/\/i0.wp.com\/eltrabajo.cl\/portal\/wp-content\/uploads\/2020\/04\/Covid1-copia.jpg?resize=150%2C84&amp;ssl=1 150w\" sizes=\"auto, (max-width: 579px) 100vw, 579px\" \/><\/a><figcaption id=\"caption-attachment-98410\" class=\"wp-caption-text\">PANDEMIA EN DESARROLLO.- Estas son las cifras oficiales brindadas por el Seremi de Salud de la V Regi\u00f3n.<\/figcaption><\/figure>\n","protected":false},"excerpt":{"rendered":"<p>Se trata de funcionaria del Hospital San Juan de Dios: Sigue avanzando de manera sostenida en toda la V Regi\u00f3n la pandemia Covid-19, lo que implica que en este fin de semana&#8230;<\/p>\n","protected":false},"author":482,"featured_media":98411,"comment_status":"open","ping_status":"open","sticky":false,"template":"","format":"standard","meta":{"advanced_seo_description":"","jetpack_seo_html_title":"","jetpack_seo_noindex":false,"_jetpack_memberships_contains_paid_content":false,"footnotes":""},"categories":[103],"tags":[],"class_list":["post-98409","post","type-post","status-publish","format-standard","has-post-thumbnail","hentry","category-cronica-2"],"jetpack_featured_media_url":"https:\/\/i0.wp.com\/eltrabajo.cl\/portal\/wp-content\/uploads\/2020\/04\/Covid1.jpg?fit=580%2C360&ssl=1","jetpack_sharing_enabled":true,"jetpack_likes_enabled":true,"jetpack-related-posts":[],"_links":{"self":[{"href":"https:\/\/eltrabajo.cl\/portal\/wp-json\/wp\/v2\/posts\/98409","targetHints":{"allow":["GET"]}}],"collection":[{"href":"https:\/\/eltrabajo.cl\/portal\/wp-json\/wp\/v2\/posts"}],"about":[{"href":"https:\/\/eltrabajo.cl\/portal\/wp-json\/wp\/v2\/types\/post"}],"author":[{"embeddable":true,"href":"https:\/\/eltrabajo.cl\/portal\/wp-json\/wp\/v2\/users\/482"}],"replies":[{"embeddable":true,"href":"https:\/\/eltrabajo.cl\/portal\/wp-json\/wp\/v2\/comments?post=98409"}],"version-history":[{"count":0,"href":"https:\/\/eltrabajo.cl\/portal\/wp-json\/wp\/v2\/posts\/98409\/revisions"}],"wp:featuredmedia":[{"embeddable":true,"href":"https:\/\/eltrabajo.cl\/portal\/wp-json\/wp\/v2\/media\/98411"}],"wp:attachment":[{"href":"https:\/\/eltrabajo.cl\/portal\/wp-json\/wp\/v2\/media?parent=98409"}],"wp:term":[{"taxonomy":"category","embeddable":true,"href":"https:\/\/eltrabajo.cl\/portal\/wp-json\/wp\/v2\/categories?post=98409"},{"taxonomy":"post_tag","embeddable":true,"href":"https:\/\/eltrabajo.cl\/portal\/wp-json\/wp\/v2\/tags?post=98409"}],"curies":[{"name":"wp","href":"https:\/\/api.w.org\/{rel}","templated":true}]}}