{"id":98416,"date":"2020-04-26T21:09:58","date_gmt":"2020-04-27T01:09:58","guid":{"rendered":"http:\/\/www.eltrabajo.cl\/portal\/?p=98416"},"modified":"2020-04-26T21:25:29","modified_gmt":"2020-04-27T01:25:29","slug":"clases-se-retomaran-solo-despues-del-peak-de-contagios-por-covid-19-en-el-valle","status":"publish","type":"post","link":"https:\/\/eltrabajo.cl\/portal\/clases-se-retomaran-solo-despues-del-peak-de-contagios-por-covid-19-en-el-valle\/","title":{"rendered":"Clases se retomar\u00e1n s\u00f3lo despu\u00e9s del peak de contagios por Covid-19 en el valle"},"content":{"rendered":"<p><span style=\"color: #c81400;\"><strong>Asociaci\u00f3n de Municipalidades Regi\u00f3n de Aconcagua :<\/strong><\/span><\/p>\n<p>Ediles adem\u00e1s decidieron no abrir los establecimientos en el caso de que no se cumplan condiciones de infraestructura y sanitarias necesarias para que los estudiantes est\u00e9n en buenas condiciones<\/p>\n<p>El pasado jueves los alcaldes que componen la Asociaci\u00f3n de Municipalidades Regi\u00f3n de Aconcagua, se reunieron en dependencias del Centro Cultural y Museo Presidente Pedro Aguirre Cerda de Calle Larga para acordar en conjunto planes de acci\u00f3n que les permitan enfrentar importantes tem\u00e1ticas tales como educaci\u00f3n, salud, acceso al agua, entre otras, que se han visto afectadas por la sequ\u00eda y la pandemia del Covid-19.<\/p>\n<p>Uno de los acuerdos m\u00e1s importantes que surgieron en esta reuni\u00f3n fue definir las condiciones que deben existir para que los estudiantes del Valle de Aconcagua vuelvan a clases presenciales.<\/p>\n<p>\u00ab<em>Existe el consenso amplio y un\u00e1nime que lo m\u00e1s importante para nosotros es la salud e integridad f\u00edsica y s\u00edquica de nuestros ni\u00f1os y ni\u00f1as, por lo tanto nos negamos a abrir los establecimientos educacionales mientras no haya pasado el peak de la pandemia en el pa\u00eds y en nuestra zona\u00bb,<\/em> sostuvo el presidente de la Asociaci\u00f3n de Municipalidades Regi\u00f3n de Aconcagua, <strong>Nelson Venegas<\/strong>, quien adem\u00e1s agreg\u00f3 que tras el peak de contagios, de no cumplirse condiciones de infraestructura y sanitarias para que los estudiantes vuelvan a clases, los establecimientos no ser\u00e1n abiertos.<\/p>\n<p>Adem\u00e1s de acordar enviar un mensaje de apoyo y solidaridad a los trabajadores de la salud, quienes por estos d\u00edas se encuentran realizando una esforzada labor en los diversos centros de salud del pa\u00eds y en especial del Valle de Aconcagua, los alcaldes manifestaron el apoyo a la comuna de Putaendo, debido a la reciente aprobaci\u00f3n de la Declaraci\u00f3n de Impacto Ambiental que permite la realizaci\u00f3n de sondajes de una empresa minera (ver nota aparte).<\/p>\n<p>&nbsp;<\/p>\n<p><span style=\"color: #c81400;\"><strong>PROYECTOS DE INVERSI\u00d3N<\/strong><\/span><\/p>\n<p>Durante esta reuni\u00f3n se gener\u00f3 un plan de proyectos que ser\u00e1 entregado a las autoridades regionales para generar recursos que permitan una reactivaci\u00f3n econ\u00f3mica que posibilite enfrentar de mejor forma las complejas situaciones que tendr\u00e1n que enfrentar en los pr\u00f3ximos meses muchas familias aconcag\u00fcinas.<\/p>\n<p>\u00ab<em>Hacemos un llamado concreto para que nuestros parlamentarios tengan un rol m\u00e1s activo respecto de la soluci\u00f3n y exista una mayor conexi\u00f3n con los alcaldes para que en conjunto veamos como solucionamos en concreto los problemas que nos est\u00e1n afectando\u00bb,<\/em> agreg\u00f3 Nelson Venegas.<\/p>\n<p>&nbsp;<\/p>\n<figure id=\"attachment_98417\" aria-describedby=\"caption-attachment-98417\" style=\"width: 580px\" class=\"wp-caption alignnone\"><img data-recalc-dims=\"1\" loading=\"lazy\" decoding=\"async\" class=\"size-full wp-image-98417\" src=\"https:\/\/i0.wp.com\/www.eltrabajo.cl\/portal\/wp-content\/uploads\/2020\/04\/Clases1-1.jpg?resize=580%2C360\" alt=\"IM\u00c1GENES DE AYER.- Solo una vez que se supere el peak de la pandemia, y se cuente con condiciones de infraestructura y sanitarias m\u00ednimas en los establecimientos educacionales, se retomar\u00edan las clases en el Valle de Aconcagua. (Foto archivo)\" width=\"580\" height=\"360\" srcset=\"https:\/\/i0.wp.com\/eltrabajo.cl\/portal\/wp-content\/uploads\/2020\/04\/Clases1-1.jpg?w=580&amp;ssl=1 580w, https:\/\/i0.wp.com\/eltrabajo.cl\/portal\/wp-content\/uploads\/2020\/04\/Clases1-1.jpg?resize=300%2C186&amp;ssl=1 300w, https:\/\/i0.wp.com\/eltrabajo.cl\/portal\/wp-content\/uploads\/2020\/04\/Clases1-1.jpg?resize=200%2C124&amp;ssl=1 200w, https:\/\/i0.wp.com\/eltrabajo.cl\/portal\/wp-content\/uploads\/2020\/04\/Clases1-1.jpg?resize=150%2C93&amp;ssl=1 150w\" sizes=\"auto, (max-width: 580px) 100vw, 580px\" \/><figcaption id=\"caption-attachment-98417\" class=\"wp-caption-text\">IM\u00c1GENES DE AYER.- Solo una vez que se supere el peak de la pandemia, y se cuente con condiciones de infraestructura y sanitarias m\u00ednimas en los establecimientos educacionales, se retomar\u00edan las clases en el Valle de Aconcagua. (Foto archivo)<\/figcaption><\/figure>\n","protected":false},"excerpt":{"rendered":"<p>Asociaci\u00f3n de Municipalidades Regi\u00f3n de Aconcagua : Ediles adem\u00e1s decidieron no abrir los establecimientos en el caso de que no se cumplan condiciones de infraestructura y sanitarias necesarias para que los estudiantes&#8230;<\/p>\n","protected":false},"author":482,"featured_media":98417,"comment_status":"open","ping_status":"open","sticky":false,"template":"","format":"standard","meta":{"advanced_seo_description":"","jetpack_seo_html_title":"","jetpack_seo_noindex":false,"_jetpack_memberships_contains_paid_content":false,"footnotes":""},"categories":[103],"tags":[],"class_list":["post-98416","post","type-post","status-publish","format-standard","has-post-thumbnail","hentry","category-cronica-2"],"jetpack_featured_media_url":"https:\/\/i0.wp.com\/eltrabajo.cl\/portal\/wp-content\/uploads\/2020\/04\/Clases1-1.jpg?fit=580%2C360&ssl=1","jetpack_sharing_enabled":true,"jetpack_likes_enabled":true,"jetpack-related-posts":[],"_links":{"self":[{"href":"https:\/\/eltrabajo.cl\/portal\/wp-json\/wp\/v2\/posts\/98416","targetHints":{"allow":["GET"]}}],"collection":[{"href":"https:\/\/eltrabajo.cl\/portal\/wp-json\/wp\/v2\/posts"}],"about":[{"href":"https:\/\/eltrabajo.cl\/portal\/wp-json\/wp\/v2\/types\/post"}],"author":[{"embeddable":true,"href":"https:\/\/eltrabajo.cl\/portal\/wp-json\/wp\/v2\/users\/482"}],"replies":[{"embeddable":true,"href":"https:\/\/eltrabajo.cl\/portal\/wp-json\/wp\/v2\/comments?post=98416"}],"version-history":[{"count":0,"href":"https:\/\/eltrabajo.cl\/portal\/wp-json\/wp\/v2\/posts\/98416\/revisions"}],"wp:featuredmedia":[{"embeddable":true,"href":"https:\/\/eltrabajo.cl\/portal\/wp-json\/wp\/v2\/media\/98417"}],"wp:attachment":[{"href":"https:\/\/eltrabajo.cl\/portal\/wp-json\/wp\/v2\/media?parent=98416"}],"wp:term":[{"taxonomy":"category","embeddable":true,"href":"https:\/\/eltrabajo.cl\/portal\/wp-json\/wp\/v2\/categories?post=98416"},{"taxonomy":"post_tag","embeddable":true,"href":"https:\/\/eltrabajo.cl\/portal\/wp-json\/wp\/v2\/tags?post=98416"}],"curies":[{"name":"wp","href":"https:\/\/api.w.org\/{rel}","templated":true}]}}