{"id":98431,"date":"2020-04-27T20:45:45","date_gmt":"2020-04-28T00:45:45","guid":{"rendered":"http:\/\/www.eltrabajo.cl\/portal\/?p=98431"},"modified":"2020-04-27T20:56:11","modified_gmt":"2020-04-28T00:56:11","slug":"los-arbitros-la-pasan-mal-por-el-covid-19","status":"publish","type":"post","link":"https:\/\/eltrabajo.cl\/portal\/los-arbitros-la-pasan-mal-por-el-covid-19\/","title":{"rendered":"\u00c1rbitros la pasan mal por el Covid\u201319"},"content":{"rendered":"<p>Una delicada y dram\u00e1tica situaci\u00f3n, que por lo dem\u00e1s no tiene visos de cambiar en el corto plazo, est\u00e1 pasando un grupo de \u00e1rbitros del balompi\u00e9 aficionado de San Felipe y aconcag\u00fcino.\u00a0 La suspensi\u00f3n obligada de toda actividad competitiva dej\u00f3 a los ex \u2018hombres de negro\u2019 en una feble posici\u00f3n, debido a que dejaron de recibir ingresos que muchos de ellos ten\u00edan ligados a su remuneraci\u00f3n mensual. <em>\u00abLa gran mayor\u00eda de los \u00e1rbitros se hac\u00eda casi un sueldo extra cada fin de semana. Algunos incluso depend\u00edan econ\u00f3micamente casi en un 100% ya que dirig\u00edan en los distintos torneos que se juegan en el valle; ahora no pueden hacerlo y la est\u00e1n pasando mal en el tema monetario, adem\u00e1s que su problema es casi invisible para todos al carecer de una organizaci\u00f3n\u00bb,<\/em> declar\u00f3 a <strong>El Trabajo Deportivo<\/strong> una fuente muy confiable que conoce perfectamente el mundo de los \u00e1rbitros.<\/p>\n<p>Consultado por esta situaci\u00f3n, el actual timonel de la Asociaci\u00f3n de F\u00fatbol Amateur de San Felipe, <strong>Ra\u00fal Reinoso<\/strong>, se\u00f1al\u00f3: <em>\u00abSabemos perfectamente por lo que est\u00e1n pasando los \u00e1rbitros, pero lamentablemente no podemos hacer absolutamente nada. Es penoso porque hasta mi casa han llegado algunos a contarme lo que est\u00e1n viviendo. Nos gustar\u00eda colaborar, pero no podemos hacer nada, y creo que las dem\u00e1s asociaciones est\u00e1n en la misma condici\u00f3n que nosotros\u00bb.<\/em><\/p>\n<p>Respecto a c\u00f3mo est\u00e1n las arcas de la organizaci\u00f3n sanfelipe\u00f1a, Reinoso mostr\u00f3 su preocupaci\u00f3n extrema debido a que <em>\u00abes muy sensible (el momento) ya que no tenemos ingresos, adem\u00e1s que tampoco podemos reunirnos, lo que hace a\u00fan m\u00e1s dram\u00e1tica la situaci\u00f3n. Ahora mismo hay problemas para poder pagar a nuestra secretaria; algo como esto yo no la hab\u00eda visto nunca\u00bb,<\/em> dijo el directivo que dej\u00f3 ver lo dram\u00e1tico que est\u00e1n las cosas en el f\u00fatbol amateur local, donde todos est\u00e1n sufriendo los efectos colaterales del Covid\u201319.<\/p>\n<p>&nbsp;<\/p>\n<figure id=\"attachment_98432\" aria-describedby=\"caption-attachment-98432\" style=\"width: 580px\" class=\"wp-caption alignnone\"><img data-recalc-dims=\"1\" loading=\"lazy\" decoding=\"async\" class=\"size-full wp-image-98432\" src=\"https:\/\/i0.wp.com\/www.eltrabajo.cl\/portal\/wp-content\/uploads\/2020\/04\/futbol-sufre.jpg?resize=580%2C359\" alt=\"Los \u00e1rbitros y todo el espectro del f\u00fatbol amateur est\u00e1n sufriendo con la pandemia de Coronavirus.\" width=\"580\" height=\"359\" srcset=\"https:\/\/i0.wp.com\/eltrabajo.cl\/portal\/wp-content\/uploads\/2020\/04\/futbol-sufre.jpg?w=580&amp;ssl=1 580w, https:\/\/i0.wp.com\/eltrabajo.cl\/portal\/wp-content\/uploads\/2020\/04\/futbol-sufre.jpg?resize=300%2C186&amp;ssl=1 300w, https:\/\/i0.wp.com\/eltrabajo.cl\/portal\/wp-content\/uploads\/2020\/04\/futbol-sufre.jpg?resize=200%2C124&amp;ssl=1 200w, https:\/\/i0.wp.com\/eltrabajo.cl\/portal\/wp-content\/uploads\/2020\/04\/futbol-sufre.jpg?resize=150%2C93&amp;ssl=1 150w\" sizes=\"auto, (max-width: 580px) 100vw, 580px\" \/><figcaption id=\"caption-attachment-98432\" class=\"wp-caption-text\">Los \u00e1rbitros y todo el espectro del f\u00fatbol amateur est\u00e1n sufriendo con la pandemia de Coronavirus.<\/figcaption><\/figure>\n","protected":false},"excerpt":{"rendered":"<p>Una delicada y dram\u00e1tica situaci\u00f3n, que por lo dem\u00e1s no tiene visos de cambiar en el corto plazo, est\u00e1 pasando un grupo de \u00e1rbitros del balompi\u00e9 aficionado de San Felipe y aconcag\u00fcino.\u00a0&#8230;<\/p>\n","protected":false},"author":482,"featured_media":98432,"comment_status":"open","ping_status":"open","sticky":false,"template":"","format":"standard","meta":{"advanced_seo_description":"","jetpack_seo_html_title":"","jetpack_seo_noindex":false,"_jetpack_memberships_contains_paid_content":false,"footnotes":""},"categories":[19],"tags":[],"class_list":["post-98431","post","type-post","status-publish","format-standard","has-post-thumbnail","hentry","category-deportes"],"jetpack_featured_media_url":"https:\/\/i0.wp.com\/eltrabajo.cl\/portal\/wp-content\/uploads\/2020\/04\/futbol-sufre.jpg?fit=580%2C359&ssl=1","jetpack_sharing_enabled":true,"jetpack_likes_enabled":true,"jetpack-related-posts":[],"_links":{"self":[{"href":"https:\/\/eltrabajo.cl\/portal\/wp-json\/wp\/v2\/posts\/98431","targetHints":{"allow":["GET"]}}],"collection":[{"href":"https:\/\/eltrabajo.cl\/portal\/wp-json\/wp\/v2\/posts"}],"about":[{"href":"https:\/\/eltrabajo.cl\/portal\/wp-json\/wp\/v2\/types\/post"}],"author":[{"embeddable":true,"href":"https:\/\/eltrabajo.cl\/portal\/wp-json\/wp\/v2\/users\/482"}],"replies":[{"embeddable":true,"href":"https:\/\/eltrabajo.cl\/portal\/wp-json\/wp\/v2\/comments?post=98431"}],"version-history":[{"count":0,"href":"https:\/\/eltrabajo.cl\/portal\/wp-json\/wp\/v2\/posts\/98431\/revisions"}],"wp:featuredmedia":[{"embeddable":true,"href":"https:\/\/eltrabajo.cl\/portal\/wp-json\/wp\/v2\/media\/98432"}],"wp:attachment":[{"href":"https:\/\/eltrabajo.cl\/portal\/wp-json\/wp\/v2\/media?parent=98431"}],"wp:term":[{"taxonomy":"category","embeddable":true,"href":"https:\/\/eltrabajo.cl\/portal\/wp-json\/wp\/v2\/categories?post=98431"},{"taxonomy":"post_tag","embeddable":true,"href":"https:\/\/eltrabajo.cl\/portal\/wp-json\/wp\/v2\/tags?post=98431"}],"curies":[{"name":"wp","href":"https:\/\/api.w.org\/{rel}","templated":true}]}}