{"id":98436,"date":"2020-04-27T20:50:49","date_gmt":"2020-04-28T00:50:49","guid":{"rendered":"http:\/\/www.eltrabajo.cl\/portal\/?p=98436"},"modified":"2020-04-27T21:23:56","modified_gmt":"2020-04-28T01:23:56","slug":"con-discrecion-autoridades-celebran-los-93-anos-de-carabineros-de-chile","status":"publish","type":"post","link":"https:\/\/eltrabajo.cl\/portal\/con-discrecion-autoridades-celebran-los-93-anos-de-carabineros-de-chile\/","title":{"rendered":"Con discreci\u00f3n autoridades celebran los 93 a\u00f1os de Carabineros de Chile"},"content":{"rendered":"<p>Son 93 los a\u00f1os que celebr\u00f3 Carabineros de Chile a nivel nacional, lo que implica que tambi\u00e9n en la Prefectura de Carabineros Aconcagua fue un d\u00eda especial para los caballeros de verde. Si bien grande es el orgullo de cada uniformado profesado por ellos desde que eran ni\u00f1os, lo cierto del caso es que en esta oportunidad no les fue posible mostrar sus bandas de guerra como ha sido lo habitual, esto por la contingencia sanitaria en la que vivimos.<\/p>\n<p>Las actividades fueron sobriamente b\u00e1sicas, el izamiento y saludo a nuestra Bandera en horas de la ma\u00f1ana, momentos en los que los altos mandos de la instituci\u00f3n realizaron una breve intervenci\u00f3n para destacar la importancia del accionar de Carabineros en beneficio de nuestra sociedad, se cant\u00f3 el Himno Nacional y el de Carabineros.<\/p>\n<p>&nbsp;<\/p>\n<p><span style=\"color: #c81400;\"><strong>AUTORIDADES SALUDAN<\/strong><\/span><\/p>\n<p>Tambi\u00e9n en horas de la ma\u00f1ana. Despu\u00e9s del antes mencionado, llegaron hasta la prefectura el alcalde Patricio Freire, los concejales Patricia Boffa y Juan Carlos Sabaj, quienes hicieron efusivo el saludo a nombre de la ciudad y del Concejo Municipal en pleno por el nuevo aniversario.<\/p>\n<p>\u00ab<em>Para nosotros como autoridades es un grato honor el poder venir a saludar a las autoridades de Carabineros en cada aniversario, son 93 a\u00f1os de vida de esta instituci\u00f3n, una de las m\u00e1s importantes de Chile, felicitamos a cada carabinero la abnegada labor que ellos realizan d\u00eda a d\u00eda en la que ellos tambi\u00e9n enfrentan esta pandemia que est\u00e1 atacando a nuestro pa\u00eds y al mundo entero, en la que Carabineros est\u00e1 en primera l\u00ednea ayudando a las comunidades y a todo el mundo, y eso es lo que nos tiene contentos, el tener esta instituci\u00f3n tan cercana a todos<\/em>\u00bb, coment\u00f3 el alcalde <strong>Patricio Freire<\/strong>.<\/p>\n<p>&nbsp;<\/p>\n<p><span style=\"color: #c81400;\"><strong>PREFECTO AGRADECE<\/strong><\/span><\/p>\n<p>A su vez el teniente coronel <strong>Claudio Saavedra<\/strong>, prefecto (S) de la Prefectura Aconcagua, respondi\u00f3 efusivamente ante el gesto de las autoridades: <em>\u00abLa verdad que esta visita y saludo de las autoridades son hechos que reconfortan y nos dan fuerzas para seguir cumpliendo nuestras funciones de manera diaria como lo hemos hecho durante 93 a\u00f1os de Carabineros. La verdad que es un aniversario diferente por esta situaci\u00f3n sanitaria compleja en nuestro pa\u00eds, pero la verdad que muy agradecidos de las autoridades y amigos que han venido al cuartel a saludarnos, muy contento con el cari\u00f1o de la gente<\/em>\u00bb, dijo Saavedra.<\/p>\n<p>Importante se\u00f1alar que tambi\u00e9n <strong>Rotary Club San Felipe<\/strong> visit\u00f3 las instalaciones policiales. El presidente de dicha instituci\u00f3n entreg\u00f3 su saludo presencial y tambi\u00e9n una efusiva carta en la que felicitan y agradecen a Carabineros por su labor.<\/p>\n<p><strong>Roberto Gonz\u00e1lez Short<\/strong><\/p>\n<p>&nbsp;<\/p>\n<figure id=\"attachment_98443\" aria-describedby=\"caption-attachment-98443\" style=\"width: 580px\" class=\"wp-caption alignnone\"><img data-recalc-dims=\"1\" loading=\"lazy\" decoding=\"async\" class=\"size-full wp-image-98443\" src=\"https:\/\/i0.wp.com\/www.eltrabajo.cl\/portal\/wp-content\/uploads\/2020\/04\/Portada.jpg?resize=580%2C359\" alt=\"FELIZ CUMPLEA\u00d1OS.- Con un discreto Saludo a la Bandera, el alto mando de Carabineros y sus funcionarios celebraron con orgullo el 93\u00b0 aniversario de la instituci\u00f3n.\" width=\"580\" height=\"359\" srcset=\"https:\/\/i0.wp.com\/eltrabajo.cl\/portal\/wp-content\/uploads\/2020\/04\/Portada.jpg?w=580&amp;ssl=1 580w, https:\/\/i0.wp.com\/eltrabajo.cl\/portal\/wp-content\/uploads\/2020\/04\/Portada.jpg?resize=300%2C186&amp;ssl=1 300w, https:\/\/i0.wp.com\/eltrabajo.cl\/portal\/wp-content\/uploads\/2020\/04\/Portada.jpg?resize=200%2C124&amp;ssl=1 200w, https:\/\/i0.wp.com\/eltrabajo.cl\/portal\/wp-content\/uploads\/2020\/04\/Portada.jpg?resize=150%2C93&amp;ssl=1 150w\" sizes=\"auto, (max-width: 580px) 100vw, 580px\" \/><figcaption id=\"caption-attachment-98443\" class=\"wp-caption-text\">FELIZ CUMPLEA\u00d1OS.- Con un discreto Saludo a la Bandera, el alto mando de Carabineros y sus funcionarios celebraron con orgullo el 93\u00b0 aniversario de la instituci\u00f3n.<\/figcaption><\/figure>\n<p>&nbsp;<\/p>\n<figure id=\"attachment_98440\" aria-describedby=\"caption-attachment-98440\" style=\"width: 580px\" class=\"wp-caption alignnone\"><img data-recalc-dims=\"1\" loading=\"lazy\" decoding=\"async\" class=\"size-full wp-image-98440\" src=\"https:\/\/i0.wp.com\/www.eltrabajo.cl\/portal\/wp-content\/uploads\/2020\/04\/Carabineros1.jpg?resize=580%2C360\" alt=\"CUMPLEN 93 A\u00d1OS.- El Saludo a la Bandera se realiz\u00f3 en horas de la ma\u00f1ana en la Segunda Comisar\u00eda de San Felipe y Prefectura Aconcagua.\" width=\"580\" height=\"360\" srcset=\"https:\/\/i0.wp.com\/eltrabajo.cl\/portal\/wp-content\/uploads\/2020\/04\/Carabineros1.jpg?w=580&amp;ssl=1 580w, https:\/\/i0.wp.com\/eltrabajo.cl\/portal\/wp-content\/uploads\/2020\/04\/Carabineros1.jpg?resize=300%2C186&amp;ssl=1 300w, https:\/\/i0.wp.com\/eltrabajo.cl\/portal\/wp-content\/uploads\/2020\/04\/Carabineros1.jpg?resize=200%2C124&amp;ssl=1 200w, https:\/\/i0.wp.com\/eltrabajo.cl\/portal\/wp-content\/uploads\/2020\/04\/Carabineros1.jpg?resize=150%2C93&amp;ssl=1 150w\" sizes=\"auto, (max-width: 580px) 100vw, 580px\" \/><figcaption id=\"caption-attachment-98440\" class=\"wp-caption-text\">CUMPLEN 93 A\u00d1OS.- El Saludo a la Bandera se realiz\u00f3 en horas de la ma\u00f1ana en la Segunda Comisar\u00eda de San Felipe y Prefectura Aconcagua.<\/figcaption><\/figure>\n<p>&nbsp;<\/p>\n<figure id=\"attachment_98441\" aria-describedby=\"caption-attachment-98441\" style=\"width: 580px\" class=\"wp-caption alignnone\"><img data-recalc-dims=\"1\" loading=\"lazy\" decoding=\"async\" class=\"size-full wp-image-98441\" src=\"https:\/\/i0.wp.com\/www.eltrabajo.cl\/portal\/wp-content\/uploads\/2020\/04\/Carabineros2.jpg?resize=580%2C360\" alt=\"SALUDO OFICIAL.- El ambiente de amistad y respeto rein\u00f3 en cada momento durante la breve actividad de aniversario. Aqu\u00ed el alcalde Freire saludando a las autoridades.\" width=\"580\" height=\"360\" srcset=\"https:\/\/i0.wp.com\/eltrabajo.cl\/portal\/wp-content\/uploads\/2020\/04\/Carabineros2.jpg?w=580&amp;ssl=1 580w, https:\/\/i0.wp.com\/eltrabajo.cl\/portal\/wp-content\/uploads\/2020\/04\/Carabineros2.jpg?resize=300%2C186&amp;ssl=1 300w, https:\/\/i0.wp.com\/eltrabajo.cl\/portal\/wp-content\/uploads\/2020\/04\/Carabineros2.jpg?resize=200%2C124&amp;ssl=1 200w, https:\/\/i0.wp.com\/eltrabajo.cl\/portal\/wp-content\/uploads\/2020\/04\/Carabineros2.jpg?resize=150%2C93&amp;ssl=1 150w\" sizes=\"auto, (max-width: 580px) 100vw, 580px\" \/><figcaption id=\"caption-attachment-98441\" class=\"wp-caption-text\">SALUDO OFICIAL.- El ambiente de amistad y respeto rein\u00f3 en cada momento durante la breve actividad de aniversario. Aqu\u00ed el alcalde Freire saludando a las autoridades.<\/figcaption><\/figure>\n<p>&nbsp;<\/p>\n<figure id=\"attachment_98442\" aria-describedby=\"caption-attachment-98442\" style=\"width: 580px\" class=\"wp-caption alignnone\"><img data-recalc-dims=\"1\" loading=\"lazy\" decoding=\"async\" class=\"size-full wp-image-98442\" src=\"https:\/\/i0.wp.com\/www.eltrabajo.cl\/portal\/wp-content\/uploads\/2020\/04\/Carabineros3.jpg?resize=580%2C359\" alt=\"ROTARIOS PRESENTES.- El presidente del Rotary Club tambi\u00e9n present\u00f3 su saludo al prefecto Saavedra en la prefectura.\" width=\"580\" height=\"359\" srcset=\"https:\/\/i0.wp.com\/eltrabajo.cl\/portal\/wp-content\/uploads\/2020\/04\/Carabineros3.jpg?w=580&amp;ssl=1 580w, https:\/\/i0.wp.com\/eltrabajo.cl\/portal\/wp-content\/uploads\/2020\/04\/Carabineros3.jpg?resize=300%2C186&amp;ssl=1 300w, https:\/\/i0.wp.com\/eltrabajo.cl\/portal\/wp-content\/uploads\/2020\/04\/Carabineros3.jpg?resize=200%2C124&amp;ssl=1 200w, https:\/\/i0.wp.com\/eltrabajo.cl\/portal\/wp-content\/uploads\/2020\/04\/Carabineros3.jpg?resize=150%2C93&amp;ssl=1 150w\" sizes=\"auto, (max-width: 580px) 100vw, 580px\" \/><figcaption id=\"caption-attachment-98442\" class=\"wp-caption-text\">ROTARIOS PRESENTES.- El presidente del Rotary Club tambi\u00e9n present\u00f3 su saludo al prefecto Saavedra en la prefectura.<\/figcaption><\/figure>\n<p>&nbsp;<\/p>\n<figure id=\"attachment_98437\" aria-describedby=\"caption-attachment-98437\" style=\"width: 580px\" class=\"wp-caption alignnone\"><img data-recalc-dims=\"1\" loading=\"lazy\" decoding=\"async\" class=\"size-full wp-image-98437\" src=\"https:\/\/i0.wp.com\/www.eltrabajo.cl\/portal\/wp-content\/uploads\/2020\/04\/Carabineros4.jpg?resize=580%2C359\" alt=\"BREVE REUNI\u00d3N.- Los concejales Patricia Boffa, Juan Carlos Sabaj y el alcalde Patricio Freire posan para Diario El Trabajo al lado del prefecto Saavedra.\" width=\"580\" height=\"359\" srcset=\"https:\/\/i0.wp.com\/eltrabajo.cl\/portal\/wp-content\/uploads\/2020\/04\/Carabineros4.jpg?w=580&amp;ssl=1 580w, https:\/\/i0.wp.com\/eltrabajo.cl\/portal\/wp-content\/uploads\/2020\/04\/Carabineros4.jpg?resize=300%2C186&amp;ssl=1 300w, https:\/\/i0.wp.com\/eltrabajo.cl\/portal\/wp-content\/uploads\/2020\/04\/Carabineros4.jpg?resize=200%2C124&amp;ssl=1 200w, https:\/\/i0.wp.com\/eltrabajo.cl\/portal\/wp-content\/uploads\/2020\/04\/Carabineros4.jpg?resize=150%2C93&amp;ssl=1 150w\" sizes=\"auto, (max-width: 580px) 100vw, 580px\" \/><figcaption id=\"caption-attachment-98437\" class=\"wp-caption-text\">BREVE REUNI\u00d3N.- Los concejales Patricia Boffa, Juan Carlos Sabaj y el alcalde Patricio Freire posan para Diario El Trabajo al lado del prefecto Saavedra.<\/figcaption><\/figure>\n<p>&nbsp;<\/p>\n<figure id=\"attachment_98439\" aria-describedby=\"caption-attachment-98439\" style=\"width: 580px\" class=\"wp-caption alignnone\"><img data-recalc-dims=\"1\" loading=\"lazy\" decoding=\"async\" class=\"size-full wp-image-98439\" src=\"https:\/\/i0.wp.com\/www.eltrabajo.cl\/portal\/wp-content\/uploads\/2020\/04\/Carabineros_Patricio-Freire.jpg?resize=580%2C598\" alt=\"Patricio Freire Canto, alcalde sanfelipe\u00f1o.\" width=\"580\" height=\"598\" srcset=\"https:\/\/i0.wp.com\/eltrabajo.cl\/portal\/wp-content\/uploads\/2020\/04\/Carabineros_Patricio-Freire.jpg?w=580&amp;ssl=1 580w, https:\/\/i0.wp.com\/eltrabajo.cl\/portal\/wp-content\/uploads\/2020\/04\/Carabineros_Patricio-Freire.jpg?resize=291%2C300&amp;ssl=1 291w, https:\/\/i0.wp.com\/eltrabajo.cl\/portal\/wp-content\/uploads\/2020\/04\/Carabineros_Patricio-Freire.jpg?resize=145%2C150&amp;ssl=1 145w\" sizes=\"auto, (max-width: 580px) 100vw, 580px\" \/><figcaption id=\"caption-attachment-98439\" class=\"wp-caption-text\">Patricio Freire Canto, alcalde sanfelipe\u00f1o.<\/figcaption><\/figure>\n<figure id=\"attachment_98438\" aria-describedby=\"caption-attachment-98438\" style=\"width: 579px\" class=\"wp-caption alignnone\"><img data-recalc-dims=\"1\" loading=\"lazy\" decoding=\"async\" class=\"size-full wp-image-98438\" src=\"https:\/\/i0.wp.com\/www.eltrabajo.cl\/portal\/wp-content\/uploads\/2020\/04\/Carabineros_Claudio-Saavedra.jpg?resize=579%2C600\" alt=\"Teniente coronel Claudio Saavedra, prefecto (S) de la Prefectura Aconcagua.\" width=\"579\" height=\"600\" srcset=\"https:\/\/i0.wp.com\/eltrabajo.cl\/portal\/wp-content\/uploads\/2020\/04\/Carabineros_Claudio-Saavedra.jpg?w=579&amp;ssl=1 579w, https:\/\/i0.wp.com\/eltrabajo.cl\/portal\/wp-content\/uploads\/2020\/04\/Carabineros_Claudio-Saavedra.jpg?resize=290%2C300&amp;ssl=1 290w, https:\/\/i0.wp.com\/eltrabajo.cl\/portal\/wp-content\/uploads\/2020\/04\/Carabineros_Claudio-Saavedra.jpg?resize=145%2C150&amp;ssl=1 145w\" sizes=\"auto, (max-width: 579px) 100vw, 579px\" \/><figcaption id=\"caption-attachment-98438\" class=\"wp-caption-text\">Teniente coronel Claudio Saavedra, prefecto (S) de la Prefectura Aconcagua.<\/figcaption><\/figure>\n","protected":false},"excerpt":{"rendered":"<p>Son 93 los a\u00f1os que celebr\u00f3 Carabineros de Chile a nivel nacional, lo que implica que tambi\u00e9n en la Prefectura de Carabineros Aconcagua fue un d\u00eda especial para los caballeros de verde&#8230;.<\/p>\n","protected":false},"author":482,"featured_media":98443,"comment_status":"open","ping_status":"open","sticky":false,"template":"","format":"standard","meta":{"advanced_seo_description":"","jetpack_seo_html_title":"","jetpack_seo_noindex":false,"_jetpack_memberships_contains_paid_content":false,"footnotes":""},"categories":[15],"tags":[],"class_list":["post-98436","post","type-post","status-publish","format-standard","has-post-thumbnail","hentry","category-comunidad"],"jetpack_featured_media_url":"https:\/\/i0.wp.com\/eltrabajo.cl\/portal\/wp-content\/uploads\/2020\/04\/Portada.jpg?fit=580%2C359&ssl=1","jetpack_sharing_enabled":true,"jetpack_likes_enabled":true,"jetpack-related-posts":[],"_links":{"self":[{"href":"https:\/\/eltrabajo.cl\/portal\/wp-json\/wp\/v2\/posts\/98436","targetHints":{"allow":["GET"]}}],"collection":[{"href":"https:\/\/eltrabajo.cl\/portal\/wp-json\/wp\/v2\/posts"}],"about":[{"href":"https:\/\/eltrabajo.cl\/portal\/wp-json\/wp\/v2\/types\/post"}],"author":[{"embeddable":true,"href":"https:\/\/eltrabajo.cl\/portal\/wp-json\/wp\/v2\/users\/482"}],"replies":[{"embeddable":true,"href":"https:\/\/eltrabajo.cl\/portal\/wp-json\/wp\/v2\/comments?post=98436"}],"version-history":[{"count":0,"href":"https:\/\/eltrabajo.cl\/portal\/wp-json\/wp\/v2\/posts\/98436\/revisions"}],"wp:featuredmedia":[{"embeddable":true,"href":"https:\/\/eltrabajo.cl\/portal\/wp-json\/wp\/v2\/media\/98443"}],"wp:attachment":[{"href":"https:\/\/eltrabajo.cl\/portal\/wp-json\/wp\/v2\/media?parent=98436"}],"wp:term":[{"taxonomy":"category","embeddable":true,"href":"https:\/\/eltrabajo.cl\/portal\/wp-json\/wp\/v2\/categories?post=98436"},{"taxonomy":"post_tag","embeddable":true,"href":"https:\/\/eltrabajo.cl\/portal\/wp-json\/wp\/v2\/tags?post=98436"}],"curies":[{"name":"wp","href":"https:\/\/api.w.org\/{rel}","templated":true}]}}