{"id":98445,"date":"2020-04-27T21:23:22","date_gmt":"2020-04-28T01:23:22","guid":{"rendered":"http:\/\/www.eltrabajo.cl\/portal\/?p=98445"},"modified":"2020-04-28T13:43:02","modified_gmt":"2020-04-28T17:43:02","slug":"carabineros-recupera-en-tiempo-record-dos-autos-robados-en-aconcagua","status":"publish","type":"post","link":"https:\/\/eltrabajo.cl\/portal\/carabineros-recupera-en-tiempo-record-dos-autos-robados-en-aconcagua\/","title":{"rendered":"Carabineros recupera en tiempo r\u00e9cord dos autos robados en Aconcagua"},"content":{"rendered":"<p><span style=\"color: #c81400;\"><strong>Ambos robos se realizaron este fin de semana:<\/strong><\/span><\/p>\n<p>Dos veh\u00edculos que hab\u00edan sido robados este fin de semana en el Valle de Aconcagua fueron r\u00e1pidamente recuperados por Carabineros. As\u00ed lo confirm\u00f3 a <strong>Diario El Trabajo<\/strong> el mayor de Carabineros, Comisario de la Segunda Comisar\u00eda de San Felipe, <strong>Mauricio Guzm\u00e1n Yuri<\/strong>, quien ayer lunes nos confirm\u00f3 que <em>\u00abatendimos un procedimiento ayer domingo que fue una persona detenida por el robo de un veh\u00edculo en Curim\u00f3n. Esta persona fue detenida en el control sanitario que est\u00e1 en la Cuesta Chacabuco, en donde se pudo interceptarlo, lo conduc\u00eda un menor de 17 a\u00f1os de edad, el cual era de la ciudad de Santiago y sin antecedentes. Despu\u00e9s, este s\u00e1bado, tuvimos otro caso de una persona que no se logr\u00f3 su detenci\u00f3n, pero s\u00ed se pudo recuperar el veh\u00edculo robado<\/em>\u00bb, inform\u00f3 Guzm\u00e1n.<\/p>\n<p>La recuperaci\u00f3n del veh\u00edculo y detenci\u00f3n del antisocial se logr\u00f3 tambi\u00e9n gracias a que el autom\u00f3vil <strong>PPU DH-DV 58<\/strong>, momentos antes hab\u00eda sido sustra\u00eddo desde Curim\u00f3n mediante Robo con violencia a su conductor, siendo \u00e9ste encargado por la Cenco, logrando dar alcance al m\u00f3vil en la ruta 57 CH Km. 55.2.<\/p>\n<p>Seg\u00fan explic\u00f3 Guzm\u00e1n a <strong>Diario El Trabajo<\/strong>, la modalidad de robar autos se ha incrementado debido a que por el Toque de Queda los antisociales ya no se est\u00e1n arriesgando robando en locales comerciales dentro de la ciudad de San Felipe, pues el patrullaje del Ej\u00e9rcito es continuo.<\/p>\n<p><strong>Roberto Gonz\u00e1lez Short<\/strong><\/p>\n<p>&nbsp;<\/p>\n<figure id=\"attachment_98446\" aria-describedby=\"caption-attachment-98446\" style=\"width: 580px\" class=\"wp-caption alignnone\"><img data-recalc-dims=\"1\" loading=\"lazy\" decoding=\"async\" class=\"size-full wp-image-98446\" src=\"https:\/\/i0.wp.com\/www.eltrabajo.cl\/portal\/wp-content\/uploads\/2020\/04\/Recuperado1.jpg?resize=580%2C359\" alt=\"RECUPERADO.- Este es uno de los autos recuperados por Carabineros este fin de semana en un control sanitario en Cuesta Chacabuco.\" width=\"580\" height=\"359\" srcset=\"https:\/\/i0.wp.com\/eltrabajo.cl\/portal\/wp-content\/uploads\/2020\/04\/Recuperado1.jpg?w=580&amp;ssl=1 580w, https:\/\/i0.wp.com\/eltrabajo.cl\/portal\/wp-content\/uploads\/2020\/04\/Recuperado1.jpg?resize=300%2C186&amp;ssl=1 300w, https:\/\/i0.wp.com\/eltrabajo.cl\/portal\/wp-content\/uploads\/2020\/04\/Recuperado1.jpg?resize=200%2C124&amp;ssl=1 200w, https:\/\/i0.wp.com\/eltrabajo.cl\/portal\/wp-content\/uploads\/2020\/04\/Recuperado1.jpg?resize=150%2C93&amp;ssl=1 150w\" sizes=\"auto, (max-width: 580px) 100vw, 580px\" \/><figcaption id=\"caption-attachment-98446\" class=\"wp-caption-text\">RECUPERADO.- Este es uno de los autos recuperados por Carabineros este fin de semana en un control sanitario en Cuesta Chacabuco.<\/figcaption><\/figure>\n<p>&nbsp;<\/p>\n<figure id=\"attachment_98447\" aria-describedby=\"caption-attachment-98447\" style=\"width: 580px\" class=\"wp-caption alignnone\"><img data-recalc-dims=\"1\" loading=\"lazy\" decoding=\"async\" class=\"size-full wp-image-98447\" src=\"https:\/\/i0.wp.com\/www.eltrabajo.cl\/portal\/wp-content\/uploads\/2020\/04\/Recuperado_Mauricio-Guzman-Yuri.jpg?resize=580%2C600\" alt=\"Mayor de Carabineros, Comisario de la Segunda Comisar\u00eda de San Felipe, Mauricio Guzm\u00e1n Yuri.\" width=\"580\" height=\"600\" srcset=\"https:\/\/i0.wp.com\/eltrabajo.cl\/portal\/wp-content\/uploads\/2020\/04\/Recuperado_Mauricio-Guzman-Yuri.jpg?w=580&amp;ssl=1 580w, https:\/\/i0.wp.com\/eltrabajo.cl\/portal\/wp-content\/uploads\/2020\/04\/Recuperado_Mauricio-Guzman-Yuri.jpg?resize=290%2C300&amp;ssl=1 290w, https:\/\/i0.wp.com\/eltrabajo.cl\/portal\/wp-content\/uploads\/2020\/04\/Recuperado_Mauricio-Guzman-Yuri.jpg?resize=145%2C150&amp;ssl=1 145w\" sizes=\"auto, (max-width: 580px) 100vw, 580px\" \/><figcaption id=\"caption-attachment-98447\" class=\"wp-caption-text\">Mayor de Carabineros, Comisario de la Segunda Comisar\u00eda de San Felipe, Mauricio Guzm\u00e1n Yuri.<\/figcaption><\/figure>\n","protected":false},"excerpt":{"rendered":"<p>Ambos robos se realizaron este fin de semana: Dos veh\u00edculos que hab\u00edan sido robados este fin de semana en el Valle de Aconcagua fueron r\u00e1pidamente recuperados por Carabineros. As\u00ed lo confirm\u00f3 a&#8230;<\/p>\n","protected":false},"author":482,"featured_media":98446,"comment_status":"open","ping_status":"open","sticky":false,"template":"","format":"standard","meta":{"advanced_seo_description":"","jetpack_seo_html_title":"","jetpack_seo_noindex":false,"_jetpack_memberships_contains_paid_content":false,"footnotes":""},"categories":[21],"tags":[],"class_list":["post-98445","post","type-post","status-publish","format-standard","has-post-thumbnail","hentry","category-policial"],"jetpack_featured_media_url":"https:\/\/i0.wp.com\/eltrabajo.cl\/portal\/wp-content\/uploads\/2020\/04\/Recuperado1.jpg?fit=580%2C359&ssl=1","jetpack_sharing_enabled":true,"jetpack_likes_enabled":true,"jetpack-related-posts":[],"_links":{"self":[{"href":"https:\/\/eltrabajo.cl\/portal\/wp-json\/wp\/v2\/posts\/98445","targetHints":{"allow":["GET"]}}],"collection":[{"href":"https:\/\/eltrabajo.cl\/portal\/wp-json\/wp\/v2\/posts"}],"about":[{"href":"https:\/\/eltrabajo.cl\/portal\/wp-json\/wp\/v2\/types\/post"}],"author":[{"embeddable":true,"href":"https:\/\/eltrabajo.cl\/portal\/wp-json\/wp\/v2\/users\/482"}],"replies":[{"embeddable":true,"href":"https:\/\/eltrabajo.cl\/portal\/wp-json\/wp\/v2\/comments?post=98445"}],"version-history":[{"count":0,"href":"https:\/\/eltrabajo.cl\/portal\/wp-json\/wp\/v2\/posts\/98445\/revisions"}],"wp:featuredmedia":[{"embeddable":true,"href":"https:\/\/eltrabajo.cl\/portal\/wp-json\/wp\/v2\/media\/98446"}],"wp:attachment":[{"href":"https:\/\/eltrabajo.cl\/portal\/wp-json\/wp\/v2\/media?parent=98445"}],"wp:term":[{"taxonomy":"category","embeddable":true,"href":"https:\/\/eltrabajo.cl\/portal\/wp-json\/wp\/v2\/categories?post=98445"},{"taxonomy":"post_tag","embeddable":true,"href":"https:\/\/eltrabajo.cl\/portal\/wp-json\/wp\/v2\/tags?post=98445"}],"curies":[{"name":"wp","href":"https:\/\/api.w.org\/{rel}","templated":true}]}}