{"id":98450,"date":"2020-04-27T21:27:18","date_gmt":"2020-04-28T01:27:18","guid":{"rendered":"http:\/\/www.eltrabajo.cl\/portal\/?p=98450"},"modified":"2020-04-27T21:27:18","modified_gmt":"2020-04-28T01:27:18","slug":"no-hay-caso-delincuentes-roban-por-tercera-vez-en-obra-en-construccion","status":"publish","type":"post","link":"https:\/\/eltrabajo.cl\/portal\/no-hay-caso-delincuentes-roban-por-tercera-vez-en-obra-en-construccion\/","title":{"rendered":"\u00a1No hay caso! Delincuentes roban por tercera vez en obra en construcci\u00f3n"},"content":{"rendered":"<p>Por tercera vez delincuentes entraron a robar a una obra en construcci\u00f3n ubicada en calle Merced n\u00famero 280, pleno centro de San Felipe. En esta ocasi\u00f3n el o los antisociales robaron herramientas de los trabajadores avaluadas en m\u00e1s de un mill\u00f3n de pesos.<\/p>\n<p>El robo qued\u00f3 al descubierto en la ma\u00f1ana de ayer. Entre las herramientas robadas hay taladros el\u00e9ctricos y otros aparatos que son estrat\u00e9gicos para la construcci\u00f3n.<\/p>\n<p>El jefe de obras del lugar, <strong>Luis Yansen<\/strong>, indic\u00f3 a nuestro medio que generalmente rompen candados para entrar, sin embargo en esta ocasi\u00f3n ingresaron por el techo para luego dirigirse a la bodega; <em>\u00abse robaron herramientas estrat\u00e9gicas, esto es un da\u00f1o para los trabajadores que tenemos hoy d\u00eda porque quedan sin sus herramientas de trabajo. Hoy d\u00eda (ayer) tuvimos que echar para la casa a algunos maestros producto de este robo, entre ellos carpinteros y alba\u00f1iles, porque les robaron sus herramientas. As\u00ed es que esperar que Carabineros solucione lo antes posible, ya tenemos la denuncia porque no es primera vez, lamentablemente aqu\u00ed es pleno centro de San Felipe y no tenemos c\u00e1maras de tele vigilancia, no tenemos absolutamente nada\u2026 alg\u00fan registro que nos pueda dar a conocer qui\u00e9n se est\u00e1 metiendo y por d\u00f3nde se est\u00e1 metiendo, porque detr\u00e1s de nosotros existe la parte de Esval que tambi\u00e9n es una empresa grande, posiblemente se puedan meter por ese sector\u00bb,<\/em> dijo Luis Yansen.<\/p>\n<p>&#8211; <strong>\u00bfQu\u00e9 tipo de herramientas?<\/strong><\/p>\n<p>&#8211; Herramientas el\u00e9ctricas, pr\u00e1cticamente taladro inal\u00e1mbrico, galleteras, sierras circulares, cosas de ese tipo.<\/p>\n<p>Todo lo robado fue avaluado en m\u00e1s o menos un mill\u00f3n de pesos. Sumando todos los robos, la suma aumenta por sobre los dos millones de pesos.<\/p>\n<p>Al momento de conversar con nuestro medio, trabajadores estaban reforzando una de las paredes para evitar que ingresen sujetos a robar.<\/p>\n<p>&nbsp;<\/p>\n<figure id=\"attachment_98451\" aria-describedby=\"caption-attachment-98451\" style=\"width: 580px\" class=\"wp-caption alignnone\"><img data-recalc-dims=\"1\" loading=\"lazy\" decoding=\"async\" class=\"size-full wp-image-98451\" src=\"https:\/\/i0.wp.com\/www.eltrabajo.cl\/portal\/wp-content\/uploads\/2020\/04\/robo-caja.jpg?resize=580%2C359\" alt=\"Las herramientas se encontraban guardadas en cajas, las cuales fueron sustra\u00eddas.\" width=\"580\" height=\"359\" srcset=\"https:\/\/i0.wp.com\/eltrabajo.cl\/portal\/wp-content\/uploads\/2020\/04\/robo-caja.jpg?w=580&amp;ssl=1 580w, https:\/\/i0.wp.com\/eltrabajo.cl\/portal\/wp-content\/uploads\/2020\/04\/robo-caja.jpg?resize=300%2C186&amp;ssl=1 300w, https:\/\/i0.wp.com\/eltrabajo.cl\/portal\/wp-content\/uploads\/2020\/04\/robo-caja.jpg?resize=200%2C124&amp;ssl=1 200w, https:\/\/i0.wp.com\/eltrabajo.cl\/portal\/wp-content\/uploads\/2020\/04\/robo-caja.jpg?resize=150%2C93&amp;ssl=1 150w\" sizes=\"auto, (max-width: 580px) 100vw, 580px\" \/><figcaption id=\"caption-attachment-98451\" class=\"wp-caption-text\">Las herramientas se encontraban guardadas en cajas, las cuales fueron sustra\u00eddas.<\/figcaption><\/figure>\n<p>&nbsp;<\/p>\n<figure id=\"attachment_98452\" aria-describedby=\"caption-attachment-98452\" style=\"width: 580px\" class=\"wp-caption alignnone\"><img data-recalc-dims=\"1\" loading=\"lazy\" decoding=\"async\" class=\"size-full wp-image-98452\" src=\"https:\/\/i0.wp.com\/www.eltrabajo.cl\/portal\/wp-content\/uploads\/2020\/04\/Robo-forado.jpg?resize=580%2C359\" alt=\"Por este forado se supone que ingresaron el o los delincuentes.\" width=\"580\" height=\"359\" srcset=\"https:\/\/i0.wp.com\/eltrabajo.cl\/portal\/wp-content\/uploads\/2020\/04\/Robo-forado.jpg?w=580&amp;ssl=1 580w, https:\/\/i0.wp.com\/eltrabajo.cl\/portal\/wp-content\/uploads\/2020\/04\/Robo-forado.jpg?resize=300%2C186&amp;ssl=1 300w, https:\/\/i0.wp.com\/eltrabajo.cl\/portal\/wp-content\/uploads\/2020\/04\/Robo-forado.jpg?resize=200%2C124&amp;ssl=1 200w, https:\/\/i0.wp.com\/eltrabajo.cl\/portal\/wp-content\/uploads\/2020\/04\/Robo-forado.jpg?resize=150%2C93&amp;ssl=1 150w\" sizes=\"auto, (max-width: 580px) 100vw, 580px\" \/><figcaption id=\"caption-attachment-98452\" class=\"wp-caption-text\">Por este forado se supone que ingresaron el o los delincuentes.<\/figcaption><\/figure>\n<p>&nbsp;<\/p>\n<figure id=\"attachment_98453\" aria-describedby=\"caption-attachment-98453\" style=\"width: 580px\" class=\"wp-caption alignnone\"><img data-recalc-dims=\"1\" loading=\"lazy\" decoding=\"async\" class=\"size-full wp-image-98453\" src=\"https:\/\/i0.wp.com\/www.eltrabajo.cl\/portal\/wp-content\/uploads\/2020\/04\/robo-frontis-.jpg?resize=580%2C360\" alt=\"Este es el frontis de la construcci\u00f3n en calle Merced, la cual una vez m\u00e1s fue v\u00edctima de robo pese a encontrarse en pleno centro de la ciudad.\" width=\"580\" height=\"360\" srcset=\"https:\/\/i0.wp.com\/eltrabajo.cl\/portal\/wp-content\/uploads\/2020\/04\/robo-frontis-.jpg?w=580&amp;ssl=1 580w, https:\/\/i0.wp.com\/eltrabajo.cl\/portal\/wp-content\/uploads\/2020\/04\/robo-frontis-.jpg?resize=300%2C186&amp;ssl=1 300w, https:\/\/i0.wp.com\/eltrabajo.cl\/portal\/wp-content\/uploads\/2020\/04\/robo-frontis-.jpg?resize=200%2C124&amp;ssl=1 200w, https:\/\/i0.wp.com\/eltrabajo.cl\/portal\/wp-content\/uploads\/2020\/04\/robo-frontis-.jpg?resize=150%2C93&amp;ssl=1 150w\" sizes=\"auto, (max-width: 580px) 100vw, 580px\" \/><figcaption id=\"caption-attachment-98453\" class=\"wp-caption-text\">Este es el frontis de la construcci\u00f3n en calle Merced, la cual una vez m\u00e1s fue v\u00edctima de robo pese a encontrarse en pleno centro de la ciudad.<\/figcaption><\/figure>\n","protected":false},"excerpt":{"rendered":"<p>Por tercera vez delincuentes entraron a robar a una obra en construcci\u00f3n ubicada en calle Merced n\u00famero 280, pleno centro de San Felipe. En esta ocasi\u00f3n el o los antisociales robaron herramientas&#8230;<\/p>\n","protected":false},"author":482,"featured_media":98453,"comment_status":"open","ping_status":"open","sticky":false,"template":"","format":"standard","meta":{"advanced_seo_description":"","jetpack_seo_html_title":"","jetpack_seo_noindex":false,"_jetpack_memberships_contains_paid_content":false,"footnotes":""},"categories":[21],"tags":[],"class_list":["post-98450","post","type-post","status-publish","format-standard","has-post-thumbnail","hentry","category-policial"],"jetpack_featured_media_url":"https:\/\/i0.wp.com\/eltrabajo.cl\/portal\/wp-content\/uploads\/2020\/04\/robo-frontis-.jpg?fit=580%2C360&ssl=1","jetpack_sharing_enabled":true,"jetpack_likes_enabled":true,"jetpack-related-posts":[],"_links":{"self":[{"href":"https:\/\/eltrabajo.cl\/portal\/wp-json\/wp\/v2\/posts\/98450","targetHints":{"allow":["GET"]}}],"collection":[{"href":"https:\/\/eltrabajo.cl\/portal\/wp-json\/wp\/v2\/posts"}],"about":[{"href":"https:\/\/eltrabajo.cl\/portal\/wp-json\/wp\/v2\/types\/post"}],"author":[{"embeddable":true,"href":"https:\/\/eltrabajo.cl\/portal\/wp-json\/wp\/v2\/users\/482"}],"replies":[{"embeddable":true,"href":"https:\/\/eltrabajo.cl\/portal\/wp-json\/wp\/v2\/comments?post=98450"}],"version-history":[{"count":0,"href":"https:\/\/eltrabajo.cl\/portal\/wp-json\/wp\/v2\/posts\/98450\/revisions"}],"wp:featuredmedia":[{"embeddable":true,"href":"https:\/\/eltrabajo.cl\/portal\/wp-json\/wp\/v2\/media\/98453"}],"wp:attachment":[{"href":"https:\/\/eltrabajo.cl\/portal\/wp-json\/wp\/v2\/media?parent=98450"}],"wp:term":[{"taxonomy":"category","embeddable":true,"href":"https:\/\/eltrabajo.cl\/portal\/wp-json\/wp\/v2\/categories?post=98450"},{"taxonomy":"post_tag","embeddable":true,"href":"https:\/\/eltrabajo.cl\/portal\/wp-json\/wp\/v2\/tags?post=98450"}],"curies":[{"name":"wp","href":"https:\/\/api.w.org\/{rel}","templated":true}]}}