{"id":98455,"date":"2020-04-27T21:38:57","date_gmt":"2020-04-28T01:38:57","guid":{"rendered":"http:\/\/www.eltrabajo.cl\/portal\/?p=98455"},"modified":"2020-04-27T21:38:57","modified_gmt":"2020-04-28T01:38:57","slug":"graves-quemaduras-sufre-hombre-tras-incendio-que-afecto-a-su-vivienda","status":"publish","type":"post","link":"https:\/\/eltrabajo.cl\/portal\/graves-quemaduras-sufre-hombre-tras-incendio-que-afecto-a-su-vivienda\/","title":{"rendered":"Graves quemaduras sufre hombre tras incendio que afect\u00f3 a su vivienda"},"content":{"rendered":"<p><span style=\"color: #c81400;\"><strong>Rescatado por voluntarios de Bomberos<\/strong><\/span><\/p>\n<ul>\n<li><strong>Fuerte explosi\u00f3n pudo haber originado el siniestro que dej\u00f3 da\u00f1os en el 50 por ciento del inmueble.<\/strong><\/li>\n<\/ul>\n<p>Una persona con quemaduras de consideraci\u00f3n en su cuerpo y una vivienda con da\u00f1os en un 50% fue el saldo de un incendio producido por una explosi\u00f3n. Esta persona fue rescatada de entre las llamas por los primeros voluntarios en llegar al lugar.<\/p>\n<p>El incendio ocurri\u00f3 la tarde de ayer, pasadas las 15:00 horas en la intersecci\u00f3n de Avenida Circunvalaci\u00f3n Santa Teresa con calle Guillermo Echeverr\u00eda en San Felipe.<\/p>\n<p>Esta informaci\u00f3n fue confirmada por el comandante del Cuerpo de Bomberos de San Felipe, <strong>Juan Carlos Herrera Lillo<\/strong>, se\u00f1alando que pasadas las 15:00 horas se recibieron varios llamados de vecinos que sintieron una explosi\u00f3n al interior de una vivienda, la cual se estaba incendando, <em>\u00abal llegar las primeras m\u00e1quinas se pudo sacar a una persona que estaba al interior de la vivienda y que presentaba quemaduras bastante considerables, el que fue trasladado r\u00e1pidamente por personal de Carabineros al Hospital San Camilo. Despu\u00e9s el trabajo de Bomberos fue poder controlar el incendio en la vivienda\u00bb,<\/em> se\u00f1al\u00f3.<\/p>\n<p>Reiter\u00f3 que la primera informaci\u00f3n fue que se sinti\u00f3 una fuerte explosi\u00f3n en el interior de la vivienda, provocando da\u00f1os de consideraci\u00f3n al inmueble; <em>\u00abtoda la parte de la techumbre, en el interior hab\u00edan unos muebles, unos colchones, tuvimos que romper algunas puertas, mamparas, para poder ingresar y trabajar en el control de este incendio\u00bb,<\/em> se\u00f1al\u00f3 Herrera Lillo.<\/p>\n<p>Sobre qu\u00e9 caus\u00f3 la explosi\u00f3n, el comandante Juan Carlos Herrera Lillo indic\u00f3 que en ese preciso momento estaba trabajando el Departamento de Investigaci\u00f3n de Bomberos para saber cu\u00e1l fue el origen y causa de este incendio, adem\u00e1s el motivo de la explosi\u00f3n.<\/p>\n<p>Debido al siniestro, el tr\u00e1nsito por Circunvalaci\u00f3n Santa Teresa se mantuvo cortado para que Bomberos trabajara c\u00f3modamente en la extinci\u00f3n del incendio.<\/p>\n<p>La persona rescatada, seg\u00fan Bomberos, tiene entre 50 a 60 a\u00f1os de edad.<\/p>\n<p>&nbsp;<\/p>\n<figure id=\"attachment_98456\" aria-describedby=\"caption-attachment-98456\" style=\"width: 580px\" class=\"wp-caption alignnone\"><img data-recalc-dims=\"1\" loading=\"lazy\" decoding=\"async\" class=\"size-full wp-image-98456\" src=\"https:\/\/i0.wp.com\/www.eltrabajo.cl\/portal\/wp-content\/uploads\/2020\/04\/Incendio-cedida-.jpg?resize=580%2C359\" alt=\"Vecinos escucharon una fuerte explosi\u00f3n y luego se percataron que de la vivienda sal\u00eda abundante humo.\" width=\"580\" height=\"359\" srcset=\"https:\/\/i0.wp.com\/eltrabajo.cl\/portal\/wp-content\/uploads\/2020\/04\/Incendio-cedida-.jpg?w=580&amp;ssl=1 580w, https:\/\/i0.wp.com\/eltrabajo.cl\/portal\/wp-content\/uploads\/2020\/04\/Incendio-cedida-.jpg?resize=300%2C186&amp;ssl=1 300w, https:\/\/i0.wp.com\/eltrabajo.cl\/portal\/wp-content\/uploads\/2020\/04\/Incendio-cedida-.jpg?resize=200%2C124&amp;ssl=1 200w, https:\/\/i0.wp.com\/eltrabajo.cl\/portal\/wp-content\/uploads\/2020\/04\/Incendio-cedida-.jpg?resize=150%2C93&amp;ssl=1 150w\" sizes=\"auto, (max-width: 580px) 100vw, 580px\" \/><figcaption id=\"caption-attachment-98456\" class=\"wp-caption-text\">Vecinos escucharon una fuerte explosi\u00f3n y luego se percataron que de la vivienda sal\u00eda abundante humo.<\/figcaption><\/figure>\n","protected":false},"excerpt":{"rendered":"<p>Rescatado por voluntarios de Bomberos Fuerte explosi\u00f3n pudo haber originado el siniestro que dej\u00f3 da\u00f1os en el 50 por ciento del inmueble. Una persona con quemaduras de consideraci\u00f3n en su cuerpo y&#8230;<\/p>\n","protected":false},"author":482,"featured_media":98456,"comment_status":"open","ping_status":"open","sticky":false,"template":"","format":"standard","meta":{"advanced_seo_description":"","jetpack_seo_html_title":"","jetpack_seo_noindex":false,"_jetpack_memberships_contains_paid_content":false,"footnotes":""},"categories":[21],"tags":[],"class_list":["post-98455","post","type-post","status-publish","format-standard","has-post-thumbnail","hentry","category-policial"],"jetpack_featured_media_url":"https:\/\/i0.wp.com\/eltrabajo.cl\/portal\/wp-content\/uploads\/2020\/04\/Incendio-cedida-.jpg?fit=580%2C359&ssl=1","jetpack_sharing_enabled":true,"jetpack_likes_enabled":true,"jetpack-related-posts":[],"_links":{"self":[{"href":"https:\/\/eltrabajo.cl\/portal\/wp-json\/wp\/v2\/posts\/98455","targetHints":{"allow":["GET"]}}],"collection":[{"href":"https:\/\/eltrabajo.cl\/portal\/wp-json\/wp\/v2\/posts"}],"about":[{"href":"https:\/\/eltrabajo.cl\/portal\/wp-json\/wp\/v2\/types\/post"}],"author":[{"embeddable":true,"href":"https:\/\/eltrabajo.cl\/portal\/wp-json\/wp\/v2\/users\/482"}],"replies":[{"embeddable":true,"href":"https:\/\/eltrabajo.cl\/portal\/wp-json\/wp\/v2\/comments?post=98455"}],"version-history":[{"count":0,"href":"https:\/\/eltrabajo.cl\/portal\/wp-json\/wp\/v2\/posts\/98455\/revisions"}],"wp:featuredmedia":[{"embeddable":true,"href":"https:\/\/eltrabajo.cl\/portal\/wp-json\/wp\/v2\/media\/98456"}],"wp:attachment":[{"href":"https:\/\/eltrabajo.cl\/portal\/wp-json\/wp\/v2\/media?parent=98455"}],"wp:term":[{"taxonomy":"category","embeddable":true,"href":"https:\/\/eltrabajo.cl\/portal\/wp-json\/wp\/v2\/categories?post=98455"},{"taxonomy":"post_tag","embeddable":true,"href":"https:\/\/eltrabajo.cl\/portal\/wp-json\/wp\/v2\/tags?post=98455"}],"curies":[{"name":"wp","href":"https:\/\/api.w.org\/{rel}","templated":true}]}}