{"id":98460,"date":"2020-04-28T20:30:59","date_gmt":"2020-04-29T00:30:59","guid":{"rendered":"http:\/\/www.eltrabajo.cl\/portal\/?p=98460"},"modified":"2020-04-28T20:06:29","modified_gmt":"2020-04-29T00:06:29","slug":"por-sexta-semana-consecutiva-se-realizo-operativo-de-sanitizacion-en-santa-maria","status":"publish","type":"post","link":"https:\/\/eltrabajo.cl\/portal\/por-sexta-semana-consecutiva-se-realizo-operativo-de-sanitizacion-en-santa-maria\/","title":{"rendered":"Por sexta semana consecutiva se realiz\u00f3 operativo de sanitizaci\u00f3n en Santa Mar\u00eda"},"content":{"rendered":"<p>Por sexta semana consecutiva la Municipalidad de Santa Mar\u00eda llev\u00f3 a cabo este lunes 27 de abril, junto a agricultores, tractoristas, funcionarios y Bomberos, un nuevo operativo de sanitizaci\u00f3n en barrios urbanos y rurales de la comuna.<\/p>\n<p>El alcalde <strong>Claudio Zurita<\/strong> expres\u00f3 que estos operativos han sido muy valorados por la comunidad, por lo que <em>\u00abagradezco en representaci\u00f3n de la comunidad a los tractoristas, funcionarios, Bomberos y a nuestro personal municipal por la inmensa colaboraci\u00f3n que realizan para proteger a nuestros vecinos y vecinas del Coronavirus\u00bb.<\/em><\/p>\n<p>Los operativos de sanitizaci\u00f3n impulsados por el municipio recorren diversos puntos, urbanos, como rurales, con el prop\u00f3sito de otorgar protecci\u00f3n a la comunidad ante el Covid-19.<\/p>\n<p>El alcalde Zurita inform\u00f3 que esta labor se realiza con alrededor de 30 tractores y pulverizadores de alta potencia, que permiten desinfectar, de manera preventiva, calles, pasajes y localidades con una soluci\u00f3n a base de agua y cloro.<\/p>\n<p>La autoridad comunal enfatiz\u00f3 que este plan comunal de prevenci\u00f3n, suma otras medidas como la ordenanza municipal que exige a los ciudadanos el uso obligatorio de mascarillas en el espacio p\u00fablico, y la instalaci\u00f3n de t\u00faneles de sanitizaci\u00f3n que se encuentran ubicados en el ingreso al edificio consistorial y en el Centro de Salud Familiar (Cesfam).<\/p>\n<p>El edil indic\u00f3 que, si bien estas son medidas de prevenci\u00f3n, lo m\u00e1s importante sigue siendo el autocuidado de los vecinos y vecinas, quienes deben tomar todos los resguardos y las instrucciones de la autoridad sanitaria para prevenir contagios, como son el lavado frecuente de manos con agua y jab\u00f3n, uso de mascarillas, distanciamiento social y salir del hogar en caso estrictamente necesario.<\/p>\n<p>&nbsp;<\/p>\n<figure id=\"attachment_98461\" aria-describedby=\"caption-attachment-98461\" style=\"width: 580px\" class=\"wp-caption alignnone\"><img data-recalc-dims=\"1\" loading=\"lazy\" decoding=\"async\" class=\"size-full wp-image-98461\" src=\"https:\/\/i0.wp.com\/www.eltrabajo.cl\/portal\/wp-content\/uploads\/2020\/04\/sanitizacion-santa-maria-1.jpg?resize=580%2C360\" alt=\"Alcalde Claudio Zurita destac\u00f3 que los operativos forman parte junto a otras medidas, del Plan Comunal de Prevenci\u00f3n del Covid-19.\" width=\"580\" height=\"360\" srcset=\"https:\/\/i0.wp.com\/eltrabajo.cl\/portal\/wp-content\/uploads\/2020\/04\/sanitizacion-santa-maria-1.jpg?w=580&amp;ssl=1 580w, https:\/\/i0.wp.com\/eltrabajo.cl\/portal\/wp-content\/uploads\/2020\/04\/sanitizacion-santa-maria-1.jpg?resize=300%2C186&amp;ssl=1 300w, https:\/\/i0.wp.com\/eltrabajo.cl\/portal\/wp-content\/uploads\/2020\/04\/sanitizacion-santa-maria-1.jpg?resize=200%2C124&amp;ssl=1 200w, https:\/\/i0.wp.com\/eltrabajo.cl\/portal\/wp-content\/uploads\/2020\/04\/sanitizacion-santa-maria-1.jpg?resize=150%2C93&amp;ssl=1 150w\" sizes=\"auto, (max-width: 580px) 100vw, 580px\" \/><figcaption id=\"caption-attachment-98461\" class=\"wp-caption-text\">Alcalde Claudio Zurita destac\u00f3 que los operativos forman parte junto a otras medidas, del Plan Comunal de Prevenci\u00f3n del Covid-19.<\/figcaption><\/figure>\n<p>&nbsp;<\/p>\n<figure id=\"attachment_98462\" aria-describedby=\"caption-attachment-98462\" style=\"width: 580px\" class=\"wp-caption alignnone\"><img data-recalc-dims=\"1\" loading=\"lazy\" decoding=\"async\" class=\"size-full wp-image-98462\" src=\"https:\/\/i0.wp.com\/www.eltrabajo.cl\/portal\/wp-content\/uploads\/2020\/04\/sanitizacion-santa-maria-2.jpg?resize=580%2C358\" alt=\"Por sexta semana consecutiva tractoristas sanitizaron barrios rurales y urbanos de Santa Mar\u00eda.\" width=\"580\" height=\"358\" srcset=\"https:\/\/i0.wp.com\/eltrabajo.cl\/portal\/wp-content\/uploads\/2020\/04\/sanitizacion-santa-maria-2.jpg?w=580&amp;ssl=1 580w, https:\/\/i0.wp.com\/eltrabajo.cl\/portal\/wp-content\/uploads\/2020\/04\/sanitizacion-santa-maria-2.jpg?resize=300%2C185&amp;ssl=1 300w, https:\/\/i0.wp.com\/eltrabajo.cl\/portal\/wp-content\/uploads\/2020\/04\/sanitizacion-santa-maria-2.jpg?resize=200%2C123&amp;ssl=1 200w, https:\/\/i0.wp.com\/eltrabajo.cl\/portal\/wp-content\/uploads\/2020\/04\/sanitizacion-santa-maria-2.jpg?resize=150%2C93&amp;ssl=1 150w\" sizes=\"auto, (max-width: 580px) 100vw, 580px\" \/><figcaption id=\"caption-attachment-98462\" class=\"wp-caption-text\">Por sexta semana consecutiva tractoristas sanitizaron barrios rurales y urbanos de Santa Mar\u00eda.<\/figcaption><\/figure>\n<p>&nbsp;<\/p>\n<figure id=\"attachment_98463\" aria-describedby=\"caption-attachment-98463\" style=\"width: 580px\" class=\"wp-caption alignnone\"><img data-recalc-dims=\"1\" loading=\"lazy\" decoding=\"async\" class=\"size-full wp-image-98463\" src=\"https:\/\/i0.wp.com\/www.eltrabajo.cl\/portal\/wp-content\/uploads\/2020\/04\/sanitizacion-santa-maria-3.jpg?resize=580%2C360\" alt=\"Son alrededor de 30 los tractores que durante varias semanas han sanitizado los sectores urbanos y rurales de la comuna.\" width=\"580\" height=\"360\" srcset=\"https:\/\/i0.wp.com\/eltrabajo.cl\/portal\/wp-content\/uploads\/2020\/04\/sanitizacion-santa-maria-3.jpg?w=580&amp;ssl=1 580w, https:\/\/i0.wp.com\/eltrabajo.cl\/portal\/wp-content\/uploads\/2020\/04\/sanitizacion-santa-maria-3.jpg?resize=300%2C186&amp;ssl=1 300w, https:\/\/i0.wp.com\/eltrabajo.cl\/portal\/wp-content\/uploads\/2020\/04\/sanitizacion-santa-maria-3.jpg?resize=200%2C124&amp;ssl=1 200w, https:\/\/i0.wp.com\/eltrabajo.cl\/portal\/wp-content\/uploads\/2020\/04\/sanitizacion-santa-maria-3.jpg?resize=150%2C93&amp;ssl=1 150w\" sizes=\"auto, (max-width: 580px) 100vw, 580px\" \/><figcaption id=\"caption-attachment-98463\" class=\"wp-caption-text\">Son alrededor de 30 los tractores que durante varias semanas han sanitizado los sectores urbanos y rurales de la comuna.<\/figcaption><\/figure>\n","protected":false},"excerpt":{"rendered":"<p>Por sexta semana consecutiva la Municipalidad de Santa Mar\u00eda llev\u00f3 a cabo este lunes 27 de abril, junto a agricultores, tractoristas, funcionarios y Bomberos, un nuevo operativo de sanitizaci\u00f3n en barrios urbanos&#8230;<\/p>\n","protected":false},"author":482,"featured_media":98463,"comment_status":"open","ping_status":"open","sticky":false,"template":"","format":"standard","meta":{"advanced_seo_description":"","jetpack_seo_html_title":"","jetpack_seo_noindex":false,"_jetpack_memberships_contains_paid_content":false,"footnotes":""},"categories":[103],"tags":[],"class_list":["post-98460","post","type-post","status-publish","format-standard","has-post-thumbnail","hentry","category-cronica-2"],"jetpack_featured_media_url":"https:\/\/i0.wp.com\/eltrabajo.cl\/portal\/wp-content\/uploads\/2020\/04\/sanitizacion-santa-maria-3.jpg?fit=580%2C360&ssl=1","jetpack_sharing_enabled":true,"jetpack_likes_enabled":true,"jetpack-related-posts":[],"_links":{"self":[{"href":"https:\/\/eltrabajo.cl\/portal\/wp-json\/wp\/v2\/posts\/98460","targetHints":{"allow":["GET"]}}],"collection":[{"href":"https:\/\/eltrabajo.cl\/portal\/wp-json\/wp\/v2\/posts"}],"about":[{"href":"https:\/\/eltrabajo.cl\/portal\/wp-json\/wp\/v2\/types\/post"}],"author":[{"embeddable":true,"href":"https:\/\/eltrabajo.cl\/portal\/wp-json\/wp\/v2\/users\/482"}],"replies":[{"embeddable":true,"href":"https:\/\/eltrabajo.cl\/portal\/wp-json\/wp\/v2\/comments?post=98460"}],"version-history":[{"count":0,"href":"https:\/\/eltrabajo.cl\/portal\/wp-json\/wp\/v2\/posts\/98460\/revisions"}],"wp:featuredmedia":[{"embeddable":true,"href":"https:\/\/eltrabajo.cl\/portal\/wp-json\/wp\/v2\/media\/98463"}],"wp:attachment":[{"href":"https:\/\/eltrabajo.cl\/portal\/wp-json\/wp\/v2\/media?parent=98460"}],"wp:term":[{"taxonomy":"category","embeddable":true,"href":"https:\/\/eltrabajo.cl\/portal\/wp-json\/wp\/v2\/categories?post=98460"},{"taxonomy":"post_tag","embeddable":true,"href":"https:\/\/eltrabajo.cl\/portal\/wp-json\/wp\/v2\/tags?post=98460"}],"curies":[{"name":"wp","href":"https:\/\/api.w.org\/{rel}","templated":true}]}}