{"id":98465,"date":"2020-04-28T20:35:46","date_gmt":"2020-04-29T00:35:46","guid":{"rendered":"http:\/\/www.eltrabajo.cl\/portal\/?p=98465"},"modified":"2020-04-28T20:09:43","modified_gmt":"2020-04-29T00:09:43","slug":"ya-es-oficial-este-2020-no-habra-torneos-de-selecciones","status":"publish","type":"post","link":"https:\/\/eltrabajo.cl\/portal\/ya-es-oficial-este-2020-no-habra-torneos-de-selecciones\/","title":{"rendered":"Ya es oficial: Este 2020 no habr\u00e1 torneos de selecciones"},"content":{"rendered":"<p>El presidente de ARFA Quinta Regi\u00f3n, <strong>Christian Ibaceta<\/strong>, confirm\u00f3 de manera exclusiva a <strong>El Trabajo Deportivo<\/strong>, que este a\u00f1o, y bajo ninguna circunstancia se jugar\u00e1n los torneos regionales U15 y S\u00e9nior. La medida est\u00e1 directamente relacionada con la crisis sanitaria provocada por la pandemia del Covid\u201319.<\/p>\n<p>La m\u00e1xima autoridad del balompi\u00e9 aficionado de la regi\u00f3n de Valpara\u00edso, se\u00f1al\u00f3 de manera categ\u00f3rica que no se realizar\u00e1n los importantes eventos deportivos proyectados en un principio para el segundo semestre de este a\u00f1o. \u00abHace un mes tuve la oportunidad de hablar personalmente con el presidente de la ANDA. En esa ocasi\u00f3n le manifest\u00e9 la profunda preocupaci\u00f3n que yo y mi directorio ten\u00edamos por este tema, porque creo que este a\u00f1o no es prudente que jueguen las selecciones; dejamos muy en claro que, si hab\u00eda Nacionales el 2021, la Quinta Regi\u00f3n no har\u00eda eliminatorias. Ahora si hab\u00eda que mandar un representante lo har\u00edamos. Pero aclarando no se jugar\u00edan los regionales. Estamos satisfechos porque lo que nosotros planteamos en su momento, tuvo eco, ya que el lunes se nos comunic\u00f3 de manera oficial que ANFA suspendi\u00f3 todos sus torneos nacionales\u00bb, afirm\u00f3 de manera tajante Ibaceta.<\/p>\n<p>&nbsp;<\/p>\n<p><span style=\"color: #c81400;\"><strong>CASO \u00c1RBITROS<\/strong><\/span><\/p>\n<p>En otro tema tambi\u00e9n ligado a la actividad, el mandam\u00e1s de ARFA Quinta lament\u00f3 la situaci\u00f3n por la que est\u00e1n atravesando los \u00e1rbitros, los que al no poder dirigir est\u00e1n sufriendo desde el punto de vista econ\u00f3mico: \u00abEs una pena, pero no solo ellos lo est\u00e1n pasando mal, porque no solo ellos en algunos casos viven de la actividad. Tambi\u00e9n est\u00e1n los que lavan las camisetas, los que cortan o cuidan los campos deportivos y los transportistas que movilizan a los equipos. Esta crisis est\u00e1 dejando en claro que nuestra actividad es importante para mucha gente; pero lamentablemente como organizaci\u00f3n no podemos hacer nada\u00bb, dijo el directivo, que en el final fue enf\u00e1tico al decir que por m\u00e1s que haya situaciones dram\u00e1ticas, el retorno a la actividad ser\u00e1 cuando est\u00e9n dadas todas las condiciones y se pueda hacer de manera absolutamente segura.<\/p>\n<p>&nbsp;<\/p>\n<figure id=\"attachment_98466\" aria-describedby=\"caption-attachment-98466\" style=\"width: 580px\" class=\"wp-caption alignnone\"><img data-recalc-dims=\"1\" loading=\"lazy\" decoding=\"async\" class=\"size-full wp-image-98466\" src=\"https:\/\/i0.wp.com\/www.eltrabajo.cl\/portal\/wp-content\/uploads\/2020\/04\/futbol-amateur.jpg?resize=580%2C359\" alt=\"Ya es oficial que este a\u00f1o no habr\u00e1 torneos regionales en el f\u00fatbol amateur.\" width=\"580\" height=\"359\" srcset=\"https:\/\/i0.wp.com\/eltrabajo.cl\/portal\/wp-content\/uploads\/2020\/04\/futbol-amateur.jpg?w=580&amp;ssl=1 580w, https:\/\/i0.wp.com\/eltrabajo.cl\/portal\/wp-content\/uploads\/2020\/04\/futbol-amateur.jpg?resize=300%2C186&amp;ssl=1 300w, https:\/\/i0.wp.com\/eltrabajo.cl\/portal\/wp-content\/uploads\/2020\/04\/futbol-amateur.jpg?resize=200%2C124&amp;ssl=1 200w, https:\/\/i0.wp.com\/eltrabajo.cl\/portal\/wp-content\/uploads\/2020\/04\/futbol-amateur.jpg?resize=150%2C93&amp;ssl=1 150w\" sizes=\"auto, (max-width: 580px) 100vw, 580px\" \/><figcaption id=\"caption-attachment-98466\" class=\"wp-caption-text\">Ya es oficial que este a\u00f1o no habr\u00e1 torneos regionales en el f\u00fatbol amateur.<\/figcaption><\/figure>\n","protected":false},"excerpt":{"rendered":"<p>El presidente de ARFA Quinta Regi\u00f3n, Christian Ibaceta, confirm\u00f3 de manera exclusiva a El Trabajo Deportivo, que este a\u00f1o, y bajo ninguna circunstancia se jugar\u00e1n los torneos regionales U15 y S\u00e9nior. La&#8230;<\/p>\n","protected":false},"author":482,"featured_media":98466,"comment_status":"open","ping_status":"open","sticky":false,"template":"","format":"standard","meta":{"advanced_seo_description":"","jetpack_seo_html_title":"","jetpack_seo_noindex":false,"_jetpack_memberships_contains_paid_content":false,"footnotes":""},"categories":[19],"tags":[],"class_list":["post-98465","post","type-post","status-publish","format-standard","has-post-thumbnail","hentry","category-deportes"],"jetpack_featured_media_url":"https:\/\/i0.wp.com\/eltrabajo.cl\/portal\/wp-content\/uploads\/2020\/04\/futbol-amateur.jpg?fit=580%2C359&ssl=1","jetpack_sharing_enabled":true,"jetpack_likes_enabled":true,"jetpack-related-posts":[],"_links":{"self":[{"href":"https:\/\/eltrabajo.cl\/portal\/wp-json\/wp\/v2\/posts\/98465","targetHints":{"allow":["GET"]}}],"collection":[{"href":"https:\/\/eltrabajo.cl\/portal\/wp-json\/wp\/v2\/posts"}],"about":[{"href":"https:\/\/eltrabajo.cl\/portal\/wp-json\/wp\/v2\/types\/post"}],"author":[{"embeddable":true,"href":"https:\/\/eltrabajo.cl\/portal\/wp-json\/wp\/v2\/users\/482"}],"replies":[{"embeddable":true,"href":"https:\/\/eltrabajo.cl\/portal\/wp-json\/wp\/v2\/comments?post=98465"}],"version-history":[{"count":0,"href":"https:\/\/eltrabajo.cl\/portal\/wp-json\/wp\/v2\/posts\/98465\/revisions"}],"wp:featuredmedia":[{"embeddable":true,"href":"https:\/\/eltrabajo.cl\/portal\/wp-json\/wp\/v2\/media\/98466"}],"wp:attachment":[{"href":"https:\/\/eltrabajo.cl\/portal\/wp-json\/wp\/v2\/media?parent=98465"}],"wp:term":[{"taxonomy":"category","embeddable":true,"href":"https:\/\/eltrabajo.cl\/portal\/wp-json\/wp\/v2\/categories?post=98465"},{"taxonomy":"post_tag","embeddable":true,"href":"https:\/\/eltrabajo.cl\/portal\/wp-json\/wp\/v2\/tags?post=98465"}],"curies":[{"name":"wp","href":"https:\/\/api.w.org\/{rel}","templated":true}]}}