{"id":98468,"date":"2020-04-28T20:40:00","date_gmt":"2020-04-29T00:40:00","guid":{"rendered":"http:\/\/www.eltrabajo.cl\/portal\/?p=98468"},"modified":"2020-04-28T20:11:41","modified_gmt":"2020-04-29T00:11:41","slug":"diputado-ibanez-critica-uso-desproporcionado-de-fuerza-sobre-vecinos-de-putaendo","status":"publish","type":"post","link":"https:\/\/eltrabajo.cl\/portal\/diputado-ibanez-critica-uso-desproporcionado-de-fuerza-sobre-vecinos-de-putaendo\/","title":{"rendered":"Diputado Ib\u00e1\u00f1ez critica uso desproporcionado de fuerza sobre vecinos de Putaendo"},"content":{"rendered":"<p><span style=\"color: #c81400;\"><strong>En manifestaci\u00f3n contra Nuevo proyecto Minero de Andes Copper:<\/strong><\/span><\/p>\n<p>Los hechos se habr\u00edan registrado el pasado domingo 26 de abril, en la caravana pac\u00edfica de \u2018Vecinos en Movimiento por el Valle de Putaendo\u2019, donde se denunci\u00f3 uso desproporcionado de la fuerza por parte de Carabineros y Militares en contra de manifestantes.<\/p>\n<p>Los d\u00edas s\u00e1bado 25 y domingo 26 de abril, a ra\u00edz de la aprobaci\u00f3n del nuevo proyecto de sondajes mineros en el sector de Las Tejas, en Putaendo, se realizaron manifestaciones de rechazo a este \u00faltimo y a su aprobaci\u00f3n unan\u00edme dada por la Comisi\u00f3n de Evaluaci\u00f3n Ambiental Regional.<\/p>\n<p>Sobre esta actividad, el diputado <strong>Diego Ib\u00e1\u00f1ez<\/strong> ofici\u00f3 al intendente de Valpara\u00edso y al gobernador provincial, para que entreguen antecedentes y se pronuncien sobre <em>\u00abel uso desproporcionado de la fuerza utilizado por Carabineros y Militares, en contra de los manifestantes de la caravana \u2018Vecinos en Movimiento por el Valle de Putaendo\u2019\u00bb, <\/em>se\u00f1al\u00f3 el parlamentario, agregando que<em> \u00aben el marco de la aprobaci\u00f3n por parte del Gobierno Regional y de sus Seremis del proyecto de los sondajes mineros en Las Tejas, la gente se manifest\u00f3 y lamentablemente, el d\u00eda domingo 26, hubo un uso desmedido de la fuerza por Carabineros y Militares, que no se justifica, ya que el derecho a la libertad de reuni\u00f3n y de manifestaci\u00f3n hoy no se han restringido expresamente por el Decreto de Estado de Excepci\u00f3n Constitucional\u00bb,<\/em> se\u00f1al\u00f3.<\/p>\n<p>El presidente de la Corporaci\u00f3n Cultural de Putaendo, <strong>Dar\u00edo Cuevas<\/strong>, expres\u00f3 el rechazo de la comunidad putaendina por las medidas tomadas el domingo contra los manifestantes. <em>\u00abLa comunidad sali\u00f3 de forma pac\u00edfica a manifestarse en contra de la miner\u00eda, la actividad contaba con los resguardos necesarios y era una caravana pac\u00edfica e informativa. Claramente hay una acci\u00f3n desmedida y represiva, con el fin de silenciar este conflicto, lo cual es rechazado categ\u00f3ricamente por nosotros y, al respecto, requerimos explicaciones del intendente Jorge Mart\u00ednez y del gobernador Claudio Rodr\u00edguez. Queremos que se sepa que Puteando es un pueblo tranquilo y sin mineras, que protege su bienestar, no queremos una crisis sanitaria de contaminantes y sequ\u00edas.<\/em><\/p>\n<p>\u00ab<em>Recordemos que esta es una zona de escasez h\u00eddrica, que ya viene golpeada por los proyectos que hoy contaminan el agua y, en ese marco, nos parece que la decisi\u00f3n que se haya tomado para reprimir esta manifestaci\u00f3n es desproporcionada y, adem\u00e1s, producto de los altercados que se generan por el accionar de las fuerzas policiales, se pone en riesgo de no cumplir con las medidas preventivas\u00bb,<\/em> a\u00f1adi\u00f3 Ib\u00e1\u00f1ez.<\/p>\n<p>La dirigente de \u2018Putaendo Resiste\u2019, <strong>Ver\u00f3nica Barrera<\/strong>, agreg\u00f3 que <em>\u00abestamos sitiados por carabineros y militares, mientras que el intendente Jorge Mart\u00ednez accede a los caprichos de la minera Los Andes Copper, creyendo que esto har\u00e1 que el pueblo de Putaendo se enmudezca y atemorice, pero crea el efecto contrario. Putaendo hoy se levanta con m\u00e1s fuerza ante la pandemia y grita con m\u00e1s fuerza \u00a1no a la gran minera, no al robo de las aguas, no a este gobierno manipulador!\u00bb.\u00a0 <\/em><\/p>\n<p>&nbsp;<\/p>\n<figure id=\"attachment_98469\" aria-describedby=\"caption-attachment-98469\" style=\"width: 580px\" class=\"wp-caption alignnone\"><img data-recalc-dims=\"1\" loading=\"lazy\" decoding=\"async\" class=\"size-full wp-image-98469\" src=\"https:\/\/i0.wp.com\/www.eltrabajo.cl\/portal\/wp-content\/uploads\/2020\/04\/putaendo-sin-mineras-1.jpg?resize=580%2C360\" alt=\"Las fuerzas vivas de Putaendo han expresado reiterada y masivamente su profundo rechazo a la miner\u00eda en su valle, algo que las autoridades no toman en cuenta.\" width=\"580\" height=\"360\" srcset=\"https:\/\/i0.wp.com\/eltrabajo.cl\/portal\/wp-content\/uploads\/2020\/04\/putaendo-sin-mineras-1.jpg?w=580&amp;ssl=1 580w, https:\/\/i0.wp.com\/eltrabajo.cl\/portal\/wp-content\/uploads\/2020\/04\/putaendo-sin-mineras-1.jpg?resize=300%2C186&amp;ssl=1 300w, https:\/\/i0.wp.com\/eltrabajo.cl\/portal\/wp-content\/uploads\/2020\/04\/putaendo-sin-mineras-1.jpg?resize=200%2C124&amp;ssl=1 200w, https:\/\/i0.wp.com\/eltrabajo.cl\/portal\/wp-content\/uploads\/2020\/04\/putaendo-sin-mineras-1.jpg?resize=150%2C93&amp;ssl=1 150w\" sizes=\"auto, (max-width: 580px) 100vw, 580px\" \/><figcaption id=\"caption-attachment-98469\" class=\"wp-caption-text\">Las fuerzas vivas de Putaendo han expresado reiterada y masivamente su profundo rechazo a la miner\u00eda en su valle, algo que las autoridades no toman en cuenta.<\/figcaption><\/figure>\n","protected":false},"excerpt":{"rendered":"<p>En manifestaci\u00f3n contra Nuevo proyecto Minero de Andes Copper: Los hechos se habr\u00edan registrado el pasado domingo 26 de abril, en la caravana pac\u00edfica de \u2018Vecinos en Movimiento por el Valle de&#8230;<\/p>\n","protected":false},"author":482,"featured_media":98469,"comment_status":"open","ping_status":"open","sticky":false,"template":"","format":"standard","meta":{"advanced_seo_description":"","jetpack_seo_html_title":"","jetpack_seo_noindex":false,"_jetpack_memberships_contains_paid_content":false,"footnotes":""},"categories":[103],"tags":[],"class_list":["post-98468","post","type-post","status-publish","format-standard","has-post-thumbnail","hentry","category-cronica-2"],"jetpack_featured_media_url":"https:\/\/i0.wp.com\/eltrabajo.cl\/portal\/wp-content\/uploads\/2020\/04\/putaendo-sin-mineras-1.jpg?fit=580%2C360&ssl=1","jetpack_sharing_enabled":true,"jetpack_likes_enabled":true,"jetpack-related-posts":[],"_links":{"self":[{"href":"https:\/\/eltrabajo.cl\/portal\/wp-json\/wp\/v2\/posts\/98468","targetHints":{"allow":["GET"]}}],"collection":[{"href":"https:\/\/eltrabajo.cl\/portal\/wp-json\/wp\/v2\/posts"}],"about":[{"href":"https:\/\/eltrabajo.cl\/portal\/wp-json\/wp\/v2\/types\/post"}],"author":[{"embeddable":true,"href":"https:\/\/eltrabajo.cl\/portal\/wp-json\/wp\/v2\/users\/482"}],"replies":[{"embeddable":true,"href":"https:\/\/eltrabajo.cl\/portal\/wp-json\/wp\/v2\/comments?post=98468"}],"version-history":[{"count":0,"href":"https:\/\/eltrabajo.cl\/portal\/wp-json\/wp\/v2\/posts\/98468\/revisions"}],"wp:featuredmedia":[{"embeddable":true,"href":"https:\/\/eltrabajo.cl\/portal\/wp-json\/wp\/v2\/media\/98469"}],"wp:attachment":[{"href":"https:\/\/eltrabajo.cl\/portal\/wp-json\/wp\/v2\/media?parent=98468"}],"wp:term":[{"taxonomy":"category","embeddable":true,"href":"https:\/\/eltrabajo.cl\/portal\/wp-json\/wp\/v2\/categories?post=98468"},{"taxonomy":"post_tag","embeddable":true,"href":"https:\/\/eltrabajo.cl\/portal\/wp-json\/wp\/v2\/tags?post=98468"}],"curies":[{"name":"wp","href":"https:\/\/api.w.org\/{rel}","templated":true}]}}