{"id":98474,"date":"2020-04-28T20:50:22","date_gmt":"2020-04-29T00:50:22","guid":{"rendered":"http:\/\/www.eltrabajo.cl\/portal\/?p=98474"},"modified":"2020-04-28T20:15:19","modified_gmt":"2020-04-29T00:15:19","slug":"en-caida-libre-las-atenciones-en-servicio-de-urgencia-del-hospital-san-camilo","status":"publish","type":"post","link":"https:\/\/eltrabajo.cl\/portal\/en-caida-libre-las-atenciones-en-servicio-de-urgencia-del-hospital-san-camilo\/","title":{"rendered":"En ca\u00edda libre las atenciones en servicio de urgencia del Hospital San Camilo"},"content":{"rendered":"<p><span style=\"color: #c81400;\"><strong>Efectos coronavirus y toque de queda:<\/strong><\/span><\/p>\n<p>En un 40 por ciento han bajado las consultas en el servicio de urgencia del Hospital San Camilo, seg\u00fan lo indicado por su director, el ingeniero comercial <strong>Ricardo Salazar Cabrera<\/strong>.<\/p>\n<p>\u00ab<em>Han disminuido las consultas en nuestra unidad de emergencia, probablemente por el mismo temor que tienen las personas de venir al hospital o est\u00e1n asistiendo a los dispositivos de atenci\u00f3n primaria, pero hemos tenido una baja alrededor de un 40% en los pacientes habituales que atendemos\u00bb,<\/em> dijo el director.<\/p>\n<p>&#8211; <strong>\u00bfCu\u00e1les son las principales urgencias que se est\u00e1n atendiendo?<\/strong><\/p>\n<p>&#8211; Hoy d\u00eda todo lo que es urgencia, accidentes vasculares, infartos al coraz\u00f3n, dolores intensos, traumatismo, y tambi\u00e9n temas respiratorios que todav\u00eda se ve relativamente bajos.<\/p>\n<p>&#8211; <strong>\u00bfCu\u00e1les vienen siendo las principales causas?<\/strong><\/p>\n<p>&#8211; Las restricciones. Yo creo que la poblaci\u00f3n est\u00e1 acatando el tema, el desplazamiento disminuirlo al m\u00ednimo y el tema del toque de queda en la noche tambi\u00e9n, eso hace que lleguen emergencias efectivas a nuestro establecimiento, esto se conjuga y ha impactado en una disminuci\u00f3n en la atenci\u00f3n.<\/p>\n<p>El director se\u00f1al\u00f3 que debido a esta baja, se le ha pedido a los equipos de urgencias que la atenci\u00f3n sea m\u00e1s expedita.<\/p>\n<p>&nbsp;<\/p>\n<figure id=\"attachment_98475\" aria-describedby=\"caption-attachment-98475\" style=\"width: 580px\" class=\"wp-caption alignnone\"><img data-recalc-dims=\"1\" loading=\"lazy\" decoding=\"async\" class=\"size-full wp-image-98475\" src=\"https:\/\/i0.wp.com\/www.eltrabajo.cl\/portal\/wp-content\/uploads\/2020\/04\/Director-Hosca-Ricarso-Salazar.jpg?resize=580%2C358\" alt=\"Ricardo Salazar Cabrera, director del Hospital San Camilo de San Felipe.\" width=\"580\" height=\"358\" srcset=\"https:\/\/i0.wp.com\/eltrabajo.cl\/portal\/wp-content\/uploads\/2020\/04\/Director-Hosca-Ricarso-Salazar.jpg?w=580&amp;ssl=1 580w, https:\/\/i0.wp.com\/eltrabajo.cl\/portal\/wp-content\/uploads\/2020\/04\/Director-Hosca-Ricarso-Salazar.jpg?resize=300%2C185&amp;ssl=1 300w, https:\/\/i0.wp.com\/eltrabajo.cl\/portal\/wp-content\/uploads\/2020\/04\/Director-Hosca-Ricarso-Salazar.jpg?resize=200%2C123&amp;ssl=1 200w, https:\/\/i0.wp.com\/eltrabajo.cl\/portal\/wp-content\/uploads\/2020\/04\/Director-Hosca-Ricarso-Salazar.jpg?resize=150%2C93&amp;ssl=1 150w\" sizes=\"auto, (max-width: 580px) 100vw, 580px\" \/><figcaption id=\"caption-attachment-98475\" class=\"wp-caption-text\">Ricardo Salazar Cabrera, director del Hospital San Camilo de San Felipe.50<\/figcaption><\/figure>\n","protected":false},"excerpt":{"rendered":"<p>Efectos coronavirus y toque de queda: En un 40 por ciento han bajado las consultas en el servicio de urgencia del Hospital San Camilo, seg\u00fan lo indicado por su director, el ingeniero&#8230;<\/p>\n","protected":false},"author":482,"featured_media":98475,"comment_status":"open","ping_status":"open","sticky":false,"template":"","format":"standard","meta":{"advanced_seo_description":"","jetpack_seo_html_title":"","jetpack_seo_noindex":false,"_jetpack_memberships_contains_paid_content":false,"footnotes":""},"categories":[103],"tags":[],"class_list":["post-98474","post","type-post","status-publish","format-standard","has-post-thumbnail","hentry","category-cronica-2"],"jetpack_featured_media_url":"https:\/\/i0.wp.com\/eltrabajo.cl\/portal\/wp-content\/uploads\/2020\/04\/Director-Hosca-Ricarso-Salazar.jpg?fit=580%2C358&ssl=1","jetpack_sharing_enabled":true,"jetpack_likes_enabled":true,"jetpack-related-posts":[],"_links":{"self":[{"href":"https:\/\/eltrabajo.cl\/portal\/wp-json\/wp\/v2\/posts\/98474","targetHints":{"allow":["GET"]}}],"collection":[{"href":"https:\/\/eltrabajo.cl\/portal\/wp-json\/wp\/v2\/posts"}],"about":[{"href":"https:\/\/eltrabajo.cl\/portal\/wp-json\/wp\/v2\/types\/post"}],"author":[{"embeddable":true,"href":"https:\/\/eltrabajo.cl\/portal\/wp-json\/wp\/v2\/users\/482"}],"replies":[{"embeddable":true,"href":"https:\/\/eltrabajo.cl\/portal\/wp-json\/wp\/v2\/comments?post=98474"}],"version-history":[{"count":0,"href":"https:\/\/eltrabajo.cl\/portal\/wp-json\/wp\/v2\/posts\/98474\/revisions"}],"wp:featuredmedia":[{"embeddable":true,"href":"https:\/\/eltrabajo.cl\/portal\/wp-json\/wp\/v2\/media\/98475"}],"wp:attachment":[{"href":"https:\/\/eltrabajo.cl\/portal\/wp-json\/wp\/v2\/media?parent=98474"}],"wp:term":[{"taxonomy":"category","embeddable":true,"href":"https:\/\/eltrabajo.cl\/portal\/wp-json\/wp\/v2\/categories?post=98474"},{"taxonomy":"post_tag","embeddable":true,"href":"https:\/\/eltrabajo.cl\/portal\/wp-json\/wp\/v2\/tags?post=98474"}],"curies":[{"name":"wp","href":"https:\/\/api.w.org\/{rel}","templated":true}]}}