{"id":98477,"date":"2020-04-28T20:55:39","date_gmt":"2020-04-29T00:55:39","guid":{"rendered":"http:\/\/www.eltrabajo.cl\/portal\/?p=98477"},"modified":"2020-04-28T20:16:50","modified_gmt":"2020-04-29T00:16:50","slug":"laboratorio-de-carabineros-investiga-incendio-que-afecto-a-adulto-mayor","status":"publish","type":"post","link":"https:\/\/eltrabajo.cl\/portal\/laboratorio-de-carabineros-investiga-incendio-que-afecto-a-adulto-mayor\/","title":{"rendered":"Laboratorio de Carabineros investiga incendio que afect\u00f3 a adulto mayor"},"content":{"rendered":"<ul>\n<li><strong>Personal del Labocar trabaj\u00f3 en el inmueble incendiado en circunvalaci\u00f3n Santa Teresa, donde un adulto mayor result\u00f3 con serias quemaduras en manos y rostro.<\/strong><\/li>\n<\/ul>\n<p>Este martes en la ma\u00f1ana personal del Laboratorio de Carabineros (Labocar) de Valpara\u00edso, se constituy\u00f3 en el domicilio ubicado en Circunvalaci\u00f3n Santa Teresa, a metros de la calle Guillermo Echeverr\u00eda. En ese lugar hubo un incendio este lunes, escuch\u00e1ndose una fuerte explosi\u00f3n por parte de vecinos, resultando el due\u00f1o de casa con quemaduras que obligaron a ser trasladado al Hospital San Camilo.<\/p>\n<p>El equipo del Labocar estaba encabezado por el capit\u00e1n <strong>Luis Arias<\/strong>, el cual en conversaci\u00f3n con nuestro medio se\u00f1al\u00f3 que fueron enviados por el Ministerio P\u00fablico, a trabajar en el sitio del suceso para poder establecer las causas que dieron origen al incendio que fue r\u00e1pidamente controlado.<\/p>\n<p>El trabajo realizado en el lugar es recoger evidencia que se pueda atribuir al origen del incendio, el inicio, seg\u00fan explic\u00f3.<\/p>\n<p>&#8211; <strong>\u00bfPreliminarmente qu\u00e9 se puede decir al respecto?<\/strong><\/p>\n<p>&#8211; Preliminarmente, todav\u00eda\u00a0 no me puedo pronunciar ya que la evidencia debe ser sometida a an\u00e1lisis por parte del laboratorio y una vez que tenga esos antecedentes lo comunic\u00f3 a la fiscal\u00eda. Hay que descartar tres hip\u00f3tesis; que fuese un incendio accidental, intencional o no determinado.<\/p>\n<p>El oficial reconoci\u00f3 que posiblemente se haya originado por la explosi\u00f3n de un cilindro de gas, <em>\u00abtodos esos antecedentes hay que analizarlos, pero s\u00ed hay indicios que se pueden atribuir a eso\u00bb, <\/em>\u00a0indic\u00f3.<\/p>\n<p>Luego de recoger las evidencias, personal del Labocar se retir\u00f3 del lugar.<\/p>\n<p>Sobre la persona afectada, se trata de un hombre de 70 a\u00f1os de edad que ingres\u00f3 con quemaduras en su cara y manos. Afortunadamente no sufri\u00f3 quemaduras en sus v\u00edas a\u00e9reas.<\/p>\n<p>Seg\u00fan una\u00a0 vecina, esta persona vive sola en el inmueble que es de material s\u00f3lido.<\/p>\n<p>&nbsp;<\/p>\n<figure id=\"attachment_98478\" aria-describedby=\"caption-attachment-98478\" style=\"width: 580px\" class=\"wp-caption alignnone\"><img data-recalc-dims=\"1\" loading=\"lazy\" decoding=\"async\" class=\"size-full wp-image-98478\" src=\"https:\/\/i0.wp.com\/www.eltrabajo.cl\/portal\/wp-content\/uploads\/2020\/04\/Labocar.jpg?resize=580%2C360\" alt=\"Personal del Labocar realiz\u00f3 diversas pericias en el inmueble, retir\u00e1ndose despu\u00e9s del sitio el suceso.\" width=\"580\" height=\"360\" srcset=\"https:\/\/i0.wp.com\/eltrabajo.cl\/portal\/wp-content\/uploads\/2020\/04\/Labocar.jpg?w=580&amp;ssl=1 580w, https:\/\/i0.wp.com\/eltrabajo.cl\/portal\/wp-content\/uploads\/2020\/04\/Labocar.jpg?resize=300%2C186&amp;ssl=1 300w, https:\/\/i0.wp.com\/eltrabajo.cl\/portal\/wp-content\/uploads\/2020\/04\/Labocar.jpg?resize=200%2C124&amp;ssl=1 200w, https:\/\/i0.wp.com\/eltrabajo.cl\/portal\/wp-content\/uploads\/2020\/04\/Labocar.jpg?resize=150%2C93&amp;ssl=1 150w\" sizes=\"auto, (max-width: 580px) 100vw, 580px\" \/><figcaption id=\"caption-attachment-98478\" class=\"wp-caption-text\">Personal del Labocar realiz\u00f3 diversas pericias en el inmueble, retir\u00e1ndose despu\u00e9s del sitio el suceso.<\/figcaption><\/figure>\n","protected":false},"excerpt":{"rendered":"<p>Personal del Labocar trabaj\u00f3 en el inmueble incendiado en circunvalaci\u00f3n Santa Teresa, donde un adulto mayor result\u00f3 con serias quemaduras en manos y rostro. Este martes en la ma\u00f1ana personal del Laboratorio&#8230;<\/p>\n","protected":false},"author":482,"featured_media":98478,"comment_status":"open","ping_status":"open","sticky":false,"template":"","format":"standard","meta":{"advanced_seo_description":"","jetpack_seo_html_title":"","jetpack_seo_noindex":false,"_jetpack_memberships_contains_paid_content":false,"footnotes":""},"categories":[21],"tags":[],"class_list":["post-98477","post","type-post","status-publish","format-standard","has-post-thumbnail","hentry","category-policial"],"jetpack_featured_media_url":"https:\/\/i0.wp.com\/eltrabajo.cl\/portal\/wp-content\/uploads\/2020\/04\/Labocar.jpg?fit=580%2C360&ssl=1","jetpack_sharing_enabled":true,"jetpack_likes_enabled":true,"jetpack-related-posts":[],"_links":{"self":[{"href":"https:\/\/eltrabajo.cl\/portal\/wp-json\/wp\/v2\/posts\/98477","targetHints":{"allow":["GET"]}}],"collection":[{"href":"https:\/\/eltrabajo.cl\/portal\/wp-json\/wp\/v2\/posts"}],"about":[{"href":"https:\/\/eltrabajo.cl\/portal\/wp-json\/wp\/v2\/types\/post"}],"author":[{"embeddable":true,"href":"https:\/\/eltrabajo.cl\/portal\/wp-json\/wp\/v2\/users\/482"}],"replies":[{"embeddable":true,"href":"https:\/\/eltrabajo.cl\/portal\/wp-json\/wp\/v2\/comments?post=98477"}],"version-history":[{"count":0,"href":"https:\/\/eltrabajo.cl\/portal\/wp-json\/wp\/v2\/posts\/98477\/revisions"}],"wp:featuredmedia":[{"embeddable":true,"href":"https:\/\/eltrabajo.cl\/portal\/wp-json\/wp\/v2\/media\/98478"}],"wp:attachment":[{"href":"https:\/\/eltrabajo.cl\/portal\/wp-json\/wp\/v2\/media?parent=98477"}],"wp:term":[{"taxonomy":"category","embeddable":true,"href":"https:\/\/eltrabajo.cl\/portal\/wp-json\/wp\/v2\/categories?post=98477"},{"taxonomy":"post_tag","embeddable":true,"href":"https:\/\/eltrabajo.cl\/portal\/wp-json\/wp\/v2\/tags?post=98477"}],"curies":[{"name":"wp","href":"https:\/\/api.w.org\/{rel}","templated":true}]}}