{"id":98480,"date":"2020-04-28T21:00:21","date_gmt":"2020-04-29T01:00:21","guid":{"rendered":"http:\/\/www.eltrabajo.cl\/portal\/?p=98480"},"modified":"2020-04-28T20:21:30","modified_gmt":"2020-04-29T00:21:30","slug":"si-o-si-feriantes-se-instalarian-este-domingo-con-sus-puestos-en-la-feria","status":"publish","type":"post","link":"https:\/\/eltrabajo.cl\/portal\/si-o-si-feriantes-se-instalarian-este-domingo-con-sus-puestos-en-la-feria\/","title":{"rendered":"S\u00ed o s\u00ed feriantes se instalar\u00edan este domingo con sus puestos en la feria"},"content":{"rendered":"<p><span style=\"color: #c81400;\"><strong>Hoy Municipio dar\u00e1 respuesta definitiva a comerciantes:<\/strong><\/span><\/p>\n<p>Ayer martes se realiz\u00f3 la tan anunciada reuni\u00f3n entre la Mesa T\u00e9cnica de Trabajo y los comerciantes de las ferias sanfelipe\u00f1as 1, 2 y 3 que desde hace a\u00f1os operan en el sector Hermanos Carrera y Diego de Almagro. En esta oportunidad tampoco sali\u00f3 \u2018Humo Blanco\u2019, pues los municipales requirieron visitar en terreno para calcular la cantidad de puestos que se podr\u00e1n habilitar, mientras que los comerciantes aseguran estar desesperados al llevar ya varias semanas sin trabajar.<\/p>\n<p>&nbsp;<\/p>\n<p><span style=\"color: #c81400;\"><strong>EST\u00c1N DESESPERADOS<\/strong><\/span><\/p>\n<p>Luego de la reuni\u00f3n <strong>Diario El Trabajo<\/strong> habl\u00f3 con algunos de los protagonistas de la jornada. <strong>Miguel Torres<\/strong>, presidente de la Feria N\u00b01 de Antig\u00fcedades, habl\u00f3 con nuestro medio: <em>\u00abEstamos trabajando todav\u00eda, ma\u00f1ana nos reuniremos de nuevo con las autoridades, lo que pasa es que vamos a trabajar el d\u00eda domingo, trabajar un d\u00eda el bazar y otro d\u00eda la feria de antig\u00fcedades; esto ser\u00eda todos los domingos y esa es la facilidad que nos van a dar para poder trabajar el domingo. Los m\u00edos son 150 feriantes, de las dem\u00e1s ferias cada presidente hablar\u00e1 por los de ellos. En ambas ferias habr\u00e1 venta de verduras, tanto en Las Pulgas como en la de bazar-paqueter\u00eda; ellos <\/em>(los municipales) <em>van a terreno para ver cu\u00e1ntos caben en el lugar y ma\u00f1ana <\/em>(hoy)<em> nos dicen en definitiva lo que pasar\u00e1 en calle Hermanos Carrera. Sobre si los comerciantes quedan conformes o no, lo que puedo decir es que la Asamblea es la que manda y yo no puedo pasar a llevar a nadie<\/em>\u00bb, remarc\u00f3 el dirigente.<\/p>\n<p>As\u00ed tambi\u00e9n <strong>Rose Marie Zelaya Gonzalez<\/strong>, presidenta de la Feria Bazar y Paqueter\u00eda, indic\u00f3 que <em>\u00abahora ellos van a terreno para ver de acuerdo a las exigencias que Sanidad solicita, para ver cu\u00e1ntas personas cabemos en ese sector; esto implica por lo menos un metro entre cada puesto, de eso nos sentimos seguros porque tenemos 2,75 metros de ancho por puesto. Ser\u00eda toda la calle, lo que ser\u00eda m\u00e1s de 6 metros, todo eso lo est\u00e1 viendo la Municipalidad para ver cu\u00e1ntos podremos trabajar y si hay que turnarnos, lo haremos en caso de que no podamos todos a la vez<\/em>\u00bb, se\u00f1al\u00f3.<\/p>\n<p>&nbsp;<\/p>\n<p><span style=\"color: #c81400;\"><strong>HOY RESPONDEN<\/strong><\/span><\/p>\n<p>Por su parte el abogado <strong>Mauricio Mass<\/strong>, coordinador general de la feria, coment\u00f3 que <em>\u00abseguimos trabajando con los dirigentes de las ferias 1, 2 y 3 para ver la eventualidad de que puedan empezar a trabajar a partir del pr\u00f3ximo domingo, porque tambi\u00e9n tenemos que responder a una situaci\u00f3n social que afecta a todos estos comerciantes, quienes tienen como ingreso estas ventas que se producen. Seguimos trabajando, hay una alternativa de funcionamiento que podr\u00eda ser la calle Diego de Almagro acotada con un n\u00famero espec\u00edfico de puestos. Ahora vamos a definir porque tenemos un n\u00famero al azar de puestos que ser\u00edan, son alrededor de 130 aproximadamente, que es un n\u00famero muy inferior a la cantidad de feriantes, por lo tanto tambi\u00e9n vamos a pedir un esfuerzo por parte de ellos, una solidaridad tambi\u00e9n dentro del mismo grupo para poder ver c\u00f3mo se organizan y ocupar esos 130 puestos quiz\u00e1s por turnos<\/em>\u00bb, dijo Mass.<\/p>\n<p>&nbsp;<\/p>\n<p><span style=\"color: #c81400;\"><strong>S\u00cd O S\u00cd EL DOMINGO<\/strong><\/span><\/p>\n<p>Algunos de los feriantes aseguraron no estar de acuerdo en que la primera autoridad comunal de San Felipe, <strong>Patricio Freire<\/strong>, est\u00e9 ausente de las reuniones, entre ellos el comerciante <strong>Manuel Leiva Reinoso<\/strong>: <em>\u00abMuy malas estas negociaciones, no estamos de acuerdo porque resulta que nosotros hace m\u00e1s de 40 a\u00f1os que somos feriantes, y la feria parti\u00f3 con la verdura, con la paqueter\u00eda, los otros son agregados a nosotros, y a nosotros no nos est\u00e1n tomando en cuenta; la antig\u00fcedad o los a\u00f1os que tenemos trabajando, no nos est\u00e1n tomando en cuenta, y el alcalde realmente se ha escondido, se ha escondido en su guarida, ya van dos reuniones en las que el alcalde se ha escondido, queremos que d\u00e9 la cara, que por favor d\u00e9 la cara el se\u00f1or alcalde, porque \u00e9l es quien tiene que solucionarnos el problema, estamos en desacuerdo con que \u00e9l no est\u00e9 con nosotros<\/em>\u00bb.<\/p>\n<p>En tanto <strong>Josefina Palomino<\/strong>, vendedora de ropa, asegur\u00f3 que <em>\u00abllevo como diez a\u00f1os en Bazar y paqueter\u00eda, empec\u00e9 con muy poquito en Las Pulgas, todos los compa\u00f1eros estamos ya desesperados, sumamente desesperados, casi dos meses sin trabajar. Estamos en conversaci\u00f3n y ah\u00ed est\u00e1 quedando todo, ma\u00f1ana es la \u00faltima reuni\u00f3n, es que ya no podemos con esta situaci\u00f3n, s\u00ed o s\u00ed vamos a trabajar este domingo en lo que sea\u00bb,<\/em> dijo Palomino a <strong>Diario El Trabajo<\/strong>.<\/p>\n<p>&nbsp;<\/p>\n<p><span style=\"color: #c81400;\"><strong>FREIRE RESPONDE<\/strong><\/span><\/p>\n<p><strong>Patricio Freire<\/strong>, por su parte, respondi\u00f3 a los comerciantes en relaci\u00f3n al reclamo expresado: <em>\u00abCon el tema salud queremos que no suban nuestro \u00edndice de contagio de esta pandemia, eso es lo que queremos, es decir no podemos regresar con todo. Resulta que el d\u00eda s\u00e1bado es un tema con la junta de vecinos, all\u00e1 no resisten dos ferias en dos d\u00edas seguidos, eso es imposible, adem\u00e1s despu\u00e9s de cada feria hay que hacer aseo, sanitizar, fumigar todo, entonces es imposible, la feria se tiene que hacer un solo d\u00eda, el d\u00eda domingo. La idea ha sido que cada domingo sea m\u00e1s grande, ir ordenando la feria y tambi\u00e9n con la seguridad para que los vecinos vayan a comprar con toda seguridad, para eso hemos puesto al servicio toda la parte de salud municipal, para que se les mida a cada feriante la temperatura y la actividad sea vigilada<\/em> (\u2026) <em>Yo sigo con la camiseta puesta con los feriantes de San Felipe, estamos con el peak de la pandemia y no podemos relajarnos<\/em>\u00bb, dijo Freire.<\/p>\n<p>Los feriantes y el Municipio continuar\u00e1n hoy mi\u00e9rcoles con las conversaciones, aunque pareciera que ellos est\u00e1n determinados a empezar a trabajar este pr\u00f3ximo domingo, independientemente de lo que se determine en la Mesa de Trabajo.<\/p>\n<p><strong>Roberto Gonz\u00e1lez Short<\/strong><\/p>\n<p>&nbsp;<\/p>\n<figure id=\"attachment_98481\" aria-describedby=\"caption-attachment-98481\" style=\"width: 580px\" class=\"wp-caption alignnone\"><img data-recalc-dims=\"1\" loading=\"lazy\" decoding=\"async\" class=\"size-full wp-image-98481\" src=\"https:\/\/i0.wp.com\/www.eltrabajo.cl\/portal\/wp-content\/uploads\/2020\/04\/Feriantes1.jpg?resize=580%2C359\" alt=\"HOY HABR\u00c1 RESPUESTA.- Los feriantes esperaron en las afueras del Municipio mientras sus representantes desarrollaron la reuni\u00f3n con los encargados municipales de estas ferias.\" width=\"580\" height=\"359\" srcset=\"https:\/\/i0.wp.com\/eltrabajo.cl\/portal\/wp-content\/uploads\/2020\/04\/Feriantes1.jpg?w=580&amp;ssl=1 580w, https:\/\/i0.wp.com\/eltrabajo.cl\/portal\/wp-content\/uploads\/2020\/04\/Feriantes1.jpg?resize=300%2C186&amp;ssl=1 300w, https:\/\/i0.wp.com\/eltrabajo.cl\/portal\/wp-content\/uploads\/2020\/04\/Feriantes1.jpg?resize=200%2C124&amp;ssl=1 200w, https:\/\/i0.wp.com\/eltrabajo.cl\/portal\/wp-content\/uploads\/2020\/04\/Feriantes1.jpg?resize=150%2C93&amp;ssl=1 150w\" sizes=\"auto, (max-width: 580px) 100vw, 580px\" \/><figcaption id=\"caption-attachment-98481\" class=\"wp-caption-text\">HOY HABR\u00c1 RESPUESTA.- Los feriantes esperaron en las afueras del Municipio mientras sus representantes desarrollaron la reuni\u00f3n con los encargados municipales de estas ferias.<\/figcaption><\/figure>\n<p>&nbsp;<\/p>\n<figure id=\"attachment_98482\" aria-describedby=\"caption-attachment-98482\" style=\"width: 580px\" class=\"wp-caption alignnone\"><img data-recalc-dims=\"1\" loading=\"lazy\" decoding=\"async\" class=\"size-full wp-image-98482\" src=\"https:\/\/i0.wp.com\/www.eltrabajo.cl\/portal\/wp-content\/uploads\/2020\/04\/Feriantes_Josefina-Palomino.jpg?resize=580%2C598\" alt=\"Josefina Palomino, vendedora de ropa\" width=\"580\" height=\"598\" srcset=\"https:\/\/i0.wp.com\/eltrabajo.cl\/portal\/wp-content\/uploads\/2020\/04\/Feriantes_Josefina-Palomino.jpg?w=580&amp;ssl=1 580w, https:\/\/i0.wp.com\/eltrabajo.cl\/portal\/wp-content\/uploads\/2020\/04\/Feriantes_Josefina-Palomino.jpg?resize=291%2C300&amp;ssl=1 291w, https:\/\/i0.wp.com\/eltrabajo.cl\/portal\/wp-content\/uploads\/2020\/04\/Feriantes_Josefina-Palomino.jpg?resize=145%2C150&amp;ssl=1 145w\" sizes=\"auto, (max-width: 580px) 100vw, 580px\" \/><figcaption id=\"caption-attachment-98482\" class=\"wp-caption-text\">Josefina Palomino, vendedora de ropa<\/figcaption><\/figure>\n<p>&nbsp;<\/p>\n<figure id=\"attachment_98483\" aria-describedby=\"caption-attachment-98483\" style=\"width: 580px\" class=\"wp-caption alignnone\"><img data-recalc-dims=\"1\" loading=\"lazy\" decoding=\"async\" class=\"size-full wp-image-98483\" src=\"https:\/\/i0.wp.com\/www.eltrabajo.cl\/portal\/wp-content\/uploads\/2020\/04\/Feriantes_Manuel-Leiva.jpg?resize=580%2C598\" alt=\"Manuel Leiva, comerciante sanfelipe\u00f1o.\" width=\"580\" height=\"598\" srcset=\"https:\/\/i0.wp.com\/eltrabajo.cl\/portal\/wp-content\/uploads\/2020\/04\/Feriantes_Manuel-Leiva.jpg?w=580&amp;ssl=1 580w, https:\/\/i0.wp.com\/eltrabajo.cl\/portal\/wp-content\/uploads\/2020\/04\/Feriantes_Manuel-Leiva.jpg?resize=291%2C300&amp;ssl=1 291w, https:\/\/i0.wp.com\/eltrabajo.cl\/portal\/wp-content\/uploads\/2020\/04\/Feriantes_Manuel-Leiva.jpg?resize=145%2C150&amp;ssl=1 145w\" sizes=\"auto, (max-width: 580px) 100vw, 580px\" \/><figcaption id=\"caption-attachment-98483\" class=\"wp-caption-text\">Manuel Leiva, comerciante sanfelipe\u00f1o.<\/figcaption><\/figure>\n<p>&nbsp;<\/p>\n<figure id=\"attachment_98485\" aria-describedby=\"caption-attachment-98485\" style=\"width: 579px\" class=\"wp-caption alignnone\"><img data-recalc-dims=\"1\" loading=\"lazy\" decoding=\"async\" class=\"size-full wp-image-98485\" src=\"https:\/\/i0.wp.com\/www.eltrabajo.cl\/portal\/wp-content\/uploads\/2020\/04\/Feriantes_Miguel-Torres.jpg?resize=579%2C600\" alt=\"Miguel Torres, dirigente de una de las ferias.\" width=\"579\" height=\"600\" srcset=\"https:\/\/i0.wp.com\/eltrabajo.cl\/portal\/wp-content\/uploads\/2020\/04\/Feriantes_Miguel-Torres.jpg?w=579&amp;ssl=1 579w, https:\/\/i0.wp.com\/eltrabajo.cl\/portal\/wp-content\/uploads\/2020\/04\/Feriantes_Miguel-Torres.jpg?resize=290%2C300&amp;ssl=1 290w, https:\/\/i0.wp.com\/eltrabajo.cl\/portal\/wp-content\/uploads\/2020\/04\/Feriantes_Miguel-Torres.jpg?resize=145%2C150&amp;ssl=1 145w\" sizes=\"auto, (max-width: 579px) 100vw, 579px\" \/><figcaption id=\"caption-attachment-98485\" class=\"wp-caption-text\">Miguel Torres, dirigente de una de las ferias.<\/figcaption><\/figure>\n<p>&nbsp;<\/p>\n<figure id=\"attachment_98487\" aria-describedby=\"caption-attachment-98487\" style=\"width: 580px\" class=\"wp-caption alignnone\"><img data-recalc-dims=\"1\" loading=\"lazy\" decoding=\"async\" class=\"size-full wp-image-98487\" src=\"https:\/\/i0.wp.com\/www.eltrabajo.cl\/portal\/wp-content\/uploads\/2020\/04\/Feriantes_Rose-Marie-Zelaya-Gonzalez.jpg?resize=580%2C598\" alt=\"Rose Marie Zelaya Gonzalez, presidenta de la Feria Bazar y Paqueter\u00eda.\" width=\"580\" height=\"598\" srcset=\"https:\/\/i0.wp.com\/eltrabajo.cl\/portal\/wp-content\/uploads\/2020\/04\/Feriantes_Rose-Marie-Zelaya-Gonzalez.jpg?w=580&amp;ssl=1 580w, https:\/\/i0.wp.com\/eltrabajo.cl\/portal\/wp-content\/uploads\/2020\/04\/Feriantes_Rose-Marie-Zelaya-Gonzalez.jpg?resize=291%2C300&amp;ssl=1 291w, https:\/\/i0.wp.com\/eltrabajo.cl\/portal\/wp-content\/uploads\/2020\/04\/Feriantes_Rose-Marie-Zelaya-Gonzalez.jpg?resize=145%2C150&amp;ssl=1 145w\" sizes=\"auto, (max-width: 580px) 100vw, 580px\" \/><figcaption id=\"caption-attachment-98487\" class=\"wp-caption-text\">Rose Marie Zelaya Gonzalez, presidenta de la Feria Bazar y Paqueter\u00eda.<\/figcaption><\/figure>\n<p>&nbsp;<\/p>\n<figure id=\"attachment_98484\" aria-describedby=\"caption-attachment-98484\" style=\"width: 580px\" class=\"wp-caption alignnone\"><img data-recalc-dims=\"1\" loading=\"lazy\" decoding=\"async\" class=\"size-full wp-image-98484\" src=\"https:\/\/i0.wp.com\/www.eltrabajo.cl\/portal\/wp-content\/uploads\/2020\/04\/Feriantes_Mauricio-Mass.jpg?resize=580%2C598\" alt=\"Abogado Mauricio Mass, coordinador municipal de las ferias.\" width=\"580\" height=\"598\" srcset=\"https:\/\/i0.wp.com\/eltrabajo.cl\/portal\/wp-content\/uploads\/2020\/04\/Feriantes_Mauricio-Mass.jpg?w=580&amp;ssl=1 580w, https:\/\/i0.wp.com\/eltrabajo.cl\/portal\/wp-content\/uploads\/2020\/04\/Feriantes_Mauricio-Mass.jpg?resize=291%2C300&amp;ssl=1 291w, https:\/\/i0.wp.com\/eltrabajo.cl\/portal\/wp-content\/uploads\/2020\/04\/Feriantes_Mauricio-Mass.jpg?resize=145%2C150&amp;ssl=1 145w\" sizes=\"auto, (max-width: 580px) 100vw, 580px\" \/><figcaption id=\"caption-attachment-98484\" class=\"wp-caption-text\">Abogado Mauricio Mass, coordinador municipal de las ferias.<\/figcaption><\/figure>\n<p>&nbsp;<\/p>\n<figure id=\"attachment_98486\" aria-describedby=\"caption-attachment-98486\" style=\"width: 580px\" class=\"wp-caption alignnone\"><img data-recalc-dims=\"1\" loading=\"lazy\" decoding=\"async\" class=\"size-full wp-image-98486\" src=\"https:\/\/i0.wp.com\/www.eltrabajo.cl\/portal\/wp-content\/uploads\/2020\/04\/Feriantes_Patricio-Freire.jpg?resize=580%2C598\" alt=\"Patricio Freire Canto, alcalde sanfelipe\u00f1o.\" width=\"580\" height=\"598\" srcset=\"https:\/\/i0.wp.com\/eltrabajo.cl\/portal\/wp-content\/uploads\/2020\/04\/Feriantes_Patricio-Freire.jpg?w=580&amp;ssl=1 580w, https:\/\/i0.wp.com\/eltrabajo.cl\/portal\/wp-content\/uploads\/2020\/04\/Feriantes_Patricio-Freire.jpg?resize=291%2C300&amp;ssl=1 291w, https:\/\/i0.wp.com\/eltrabajo.cl\/portal\/wp-content\/uploads\/2020\/04\/Feriantes_Patricio-Freire.jpg?resize=145%2C150&amp;ssl=1 145w\" sizes=\"auto, (max-width: 580px) 100vw, 580px\" \/><figcaption id=\"caption-attachment-98486\" class=\"wp-caption-text\">Patricio Freire Canto, alcalde sanfelipe\u00f1o.<\/figcaption><\/figure>\n","protected":false},"excerpt":{"rendered":"<p>Hoy Municipio dar\u00e1 respuesta definitiva a comerciantes: Ayer martes se realiz\u00f3 la tan anunciada reuni\u00f3n entre la Mesa T\u00e9cnica de Trabajo y los comerciantes de las ferias sanfelipe\u00f1as 1, 2 y 3&#8230;<\/p>\n","protected":false},"author":482,"featured_media":98481,"comment_status":"open","ping_status":"open","sticky":false,"template":"","format":"standard","meta":{"advanced_seo_description":"","jetpack_seo_html_title":"","jetpack_seo_noindex":false,"_jetpack_memberships_contains_paid_content":false,"footnotes":""},"categories":[15],"tags":[],"class_list":["post-98480","post","type-post","status-publish","format-standard","has-post-thumbnail","hentry","category-comunidad"],"jetpack_featured_media_url":"https:\/\/i0.wp.com\/eltrabajo.cl\/portal\/wp-content\/uploads\/2020\/04\/Feriantes1.jpg?fit=580%2C359&ssl=1","jetpack_sharing_enabled":true,"jetpack_likes_enabled":true,"jetpack-related-posts":[],"_links":{"self":[{"href":"https:\/\/eltrabajo.cl\/portal\/wp-json\/wp\/v2\/posts\/98480","targetHints":{"allow":["GET"]}}],"collection":[{"href":"https:\/\/eltrabajo.cl\/portal\/wp-json\/wp\/v2\/posts"}],"about":[{"href":"https:\/\/eltrabajo.cl\/portal\/wp-json\/wp\/v2\/types\/post"}],"author":[{"embeddable":true,"href":"https:\/\/eltrabajo.cl\/portal\/wp-json\/wp\/v2\/users\/482"}],"replies":[{"embeddable":true,"href":"https:\/\/eltrabajo.cl\/portal\/wp-json\/wp\/v2\/comments?post=98480"}],"version-history":[{"count":0,"href":"https:\/\/eltrabajo.cl\/portal\/wp-json\/wp\/v2\/posts\/98480\/revisions"}],"wp:featuredmedia":[{"embeddable":true,"href":"https:\/\/eltrabajo.cl\/portal\/wp-json\/wp\/v2\/media\/98481"}],"wp:attachment":[{"href":"https:\/\/eltrabajo.cl\/portal\/wp-json\/wp\/v2\/media?parent=98480"}],"wp:term":[{"taxonomy":"category","embeddable":true,"href":"https:\/\/eltrabajo.cl\/portal\/wp-json\/wp\/v2\/categories?post=98480"},{"taxonomy":"post_tag","embeddable":true,"href":"https:\/\/eltrabajo.cl\/portal\/wp-json\/wp\/v2\/tags?post=98480"}],"curies":[{"name":"wp","href":"https:\/\/api.w.org\/{rel}","templated":true}]}}